{"id":7524,"date":"2020-11-04T18:28:00","date_gmt":"2020-11-04T15:28:00","guid":{"rendered":"http:\/\/mersinekonomipolitikagazetesi.com\/?p=7524"},"modified":"2020-11-04T18:28:00","modified_gmt":"2020-11-04T15:28:00","slug":"onemli-olan-ustunluk-degil-akdenize-hizmet","status":"publish","type":"post","link":"https:\/\/akdenizolaygazetesi.com\/?p=7524","title":{"rendered":"\u201c\u00d6nemli olan \u00fcst\u00fcnl\u00fck  de\u011fil, Akdeniz\u2019e hizmet\u201d"},"content":{"rendered":"<p>Akdeniz Belediye Meclisi, Temmuz ay\u0131 ikinci birle\u015fimini Belediye Ba\u015fkan\u0131 M. Mustafa G\u00fcltak Ba\u015fkanl\u0131\u011f\u0131nda ger\u00e7ekle\u015ftirdi.\u00a0<br \/>\nYoklama ile ba\u015flayan Mecliste, bir \u00f6nceki birle\u015fime ait tutanak \u00f6zeti oybirli\u011fiyle kabul edildi. Meclis\u2019in \u00fc\u00e7\u00fcnc\u00fc g\u00fcndem maddesinde, 2019 Mali Y\u0131l\u0131 Kesin Hesab\u0131\u2019n\u0131 i\u00e7eren Plan ve B\u00fct\u00e7e Komisyon Raporu g\u00f6r\u00fc\u015f\u00fclerek oybirli\u011fiyle kabul edildi.\u00a0<br \/>\nMeclis\u2019te; 5393 Say\u0131l\u0131 Belediye Kanunu\u2019nun 49\u2019uncu Maddesi gere\u011fince haz\u0131rlanan memurlarla ilgili II ve III say\u0131l\u0131 cetvelleri i\u00e7eren Plan ve B\u00fct\u00e7e, E\u011fitim ve K\u00fclt\u00fcr, Kad\u0131n-Erkek E\u015fitli\u011fi ile Hukuk ve Toplumsal Adalet Komisyon Raporlar\u0131 g\u00f6r\u00fc\u015f\u00fclerek oybirli\u011fiyle kabul edildi.\u00a0<br \/>\nM\u00fclkiyeti belediyeye ait 1\/1000 \u00f6l\u00e7ekli uygulama imar plan\u0131nda \u201csa\u011fl\u0131k tesis alan\u0131\u201d i\u015faretli, Yaka Mahallesi, 9714 ada, 4 parsele, Sa\u011fl\u0131k Bakanl\u0131\u011f\u0131\u2019nca sa\u011fl\u0131k tesisi yap\u0131laca\u011f\u0131ndan, Sa\u011fl\u0131k Bakanl\u0131\u011f\u0131 ad\u0131na tesis edilmesi hususunda Ba\u015fkan G\u00fcltak\u2019a yetki verilmesini i\u00e7eren \u0130mar, \u00c7evre, Plan ve B\u00fct\u00e7e ile Hukuk ve Toplumsal Adalet Komisyon Raporlar\u0131n\u0131n g\u00f6r\u00fc\u015f\u00fcld\u00fc. Rapor, \u00fcyelerin oybirli\u011fiyle Meclis\u2019ten ge\u00e7ti.\u00a0<\/p>\n<p>Meclis\u2019te uyumun \u00f6nemine dikkat \u00e7ekerek, as\u0131l olan\u0131n say\u0131sal \u00fcst\u00fcnl\u00fck olmad\u0131\u011f\u0131n\u0131 vurgulayan Ba\u015fkan G\u00fcltak, \u201cHi\u00e7bir s\u0131k\u0131nt\u0131 yok, her \u015fey yoluna girecektir. Tabi hepimiz siyaset yap\u0131yoruz, kendimizi halka iyi ifade etmeye \u00e7al\u0131\u015f\u0131yoruz. \u00a0Halk\u0131n hepimizi dinlemesi de elbette \u00f6nemli. Akdeniz\u2019de yo\u011fun bir tempoya ihtiyac\u0131m\u0131z var. Hep beraber buna haz\u0131r\u0131z. T\u00fcm Meclis \u00fcyelerimizden de bu \u0131\u015f\u0131\u011f\u0131 al\u0131yorum.\u00a0<br \/>\nHerkes \u00e7ok \u00e7al\u0131\u015fkan ve \u00fcretken. Akdeniz\u2019in de \u00e7ok i\u015fe ve hizmete ihtiyac\u0131 var. T\u00fcm Meclis \u00fcyelerimize bu tempolar\u0131 ve \u00e7al\u0131\u015fmalar\u0131ndan dolay\u0131 tekrar te\u015fekk\u00fcr ediyorum. Say\u0131sal \u00e7o\u011funluk, hangi tarafa ge\u00e7erse ge\u00e7sin, 3 bu\u00e7uk y\u0131l boyunca Mustafa G\u00fcltak\u2019\u0131n tavr\u0131, y\u00f6netim tarz\u0131, i\u015f\u00e7ilere memurlara, Akdeniz halk\u0131na bak\u0131\u015f\u0131 de\u011fi\u015fmeyecek. Bunu da Allah izin verirse herkes g\u00f6recek. Bu konuda herkes rahat ve emin olsun. Bundan sonra da uyum i\u00e7erisinde devam edece\u011fimize inan\u0131yorum\u201d diye konu\u015ftu.<br \/>\nTemenni ve \u00f6neriler b\u00f6l\u00fcm\u00fcnde s\u00f6z alan Meclis \u00fcyelerinin birtak\u0131m konular\u0131 g\u00fcndeme getirmesinin ard\u0131ndan; bir sonraki Meclis\u2019in; 1 Eyl\u00fcl 2020 Sal\u0131 g\u00fcn\u00fc toplanmas\u0131n\u0131n karara ba\u011flanmas\u0131yla toplant\u0131 sona erdi.\u00a0<\/p>\n","protected":false},"excerpt":{"rendered":"<p>Akdeniz Belediye Meclisi, Temmuz ay\u0131 ikinci birle\u015fimini Belediye Ba\u015fkan\u0131 M. Mustafa G\u00fcltak Ba\u015fkanl\u0131\u011f\u0131nda ger\u00e7ekle\u015ftirdi.\u00a0 Yoklama ile ba\u015flayan Mecliste, bir \u00f6nceki birle\u015fime ait tutanak \u00f6zeti oybirli\u011fiyle kabul edildi. Meclis\u2019in \u00fc\u00e7\u00fcnc\u00fc g\u00fcndem &hellip; <a href=\"https:\/\/akdenizolaygazetesi.com\/?p=7524\" class=\"more-link\">Devam\u0131n\u0131 Oku&#8230;<\/a><\/p>\n","protected":false},"author":1,"featured_media":0,"comment_status":"open","ping_status":"open","sticky":false,"template":"","format":"standard","meta":[],"categories":[],"tags":[],"_links":{"self":[{"href":"https:\/\/akdenizolaygazetesi.com\/index.php?rest_route=\/wp\/v2\/posts\/7524"}],"collection":[{"href":"https:\/\/akdenizolaygazetesi.com\/index.php?rest_route=\/wp\/v2\/posts"}],"about":[{"href":"https:\/\/akdenizolaygazetesi.com\/index.php?rest_route=\/wp\/v2\/types\/post"}],"author":[{"embeddable":true,"href":"https:\/\/akdenizolaygazetesi.com\/index.php?rest_route=\/wp\/v2\/users\/1"}],"replies":[{"embeddable":true,"href":"https:\/\/akdenizolaygazetesi.com\/index.php?rest_route=%2Fwp%2Fv2%2Fcomments&post=7524"}],"version-history":[{"count":0,"href":"https:\/\/akdenizolaygazetesi.com\/index.php?rest_route=\/wp\/v2\/posts\/7524\/revisions"}],"wp:attachment":[{"href":"https:\/\/akdenizolaygazetesi.com\/index.php?rest_route=%2Fwp%2Fv2%2Fmedia&parent=7524"}],"wp:term":[{"taxonomy":"category","embeddable":true,"href":"https:\/\/akdenizolaygazetesi.com\/index.php?rest_route=%2Fwp%2Fv2%2Fcategories&post=7524"},{"taxonomy":"post_tag","embeddable":true,"href":"https:\/\/akdenizolaygazetesi.com\/index.php?rest_route=%2Fwp%2Fv2%2Ftags&post=7524"}],"curies":[{"name":"wp","href":"https:\/\/api.w.org\/{rel}","templated":true}]}}