{"id":7525,"date":"2020-11-04T18:28:01","date_gmt":"2020-11-04T15:28:01","guid":{"rendered":"http:\/\/mersinekonomipolitikagazetesi.com\/?p=7525"},"modified":"2020-11-04T18:28:01","modified_gmt":"2020-11-04T15:28:01","slug":"maskesiz-yolcu-almayinca-darp-edilen-soforun-basina-8-dikis-atildi","status":"publish","type":"post","link":"https:\/\/akdenizolaygazetesi.com\/?p=7525","title":{"rendered":"Maskesiz yolcu almay\u0131nca darp edilen \u015fof\u00f6r\u00fcn ba\u015f\u0131na 8 diki\u015f at\u0131ld\u0131"},"content":{"rendered":"<p>Mersin\u2019in Tarsus il\u00e7esinde maskesiz olduklar\u0131 i\u00e7in otob\u00fcse almad\u0131\u011f\u0131 iki ki\u015fi taraf\u0131ndan darp edilen Mersin B\u00fcy\u00fck\u015fehir Belediyesi halk otob\u00fcs\u00fc \u015fof\u00f6r\u00fc Mehmet Teneke&#8217;nin ba\u015f\u0131na 8 diki\u015f at\u0131ld\u0131. 6 g\u00fcn i\u015f g\u00f6remezlik raporu verilen Teneke, &#8220;Devletin uygulamaya koydu\u011fu kurallara uymak i\u00e7in maskesiz alamayaca\u011f\u0131m\u0131 s\u00f6yledim, bu \u015fekilde izah ettim ama dinlemeyerek geldiler, beni darp ettiler&#8221; dedi.<br \/>\n\u00a0<br \/>\nOlay, 5 Temmuz g\u00fcn\u00fc saat 22.30 s\u0131ralar\u0131nda, Yarbay \u015eemsettin Mahallesi Muhtarl\u0131\u011f\u0131 \u00f6n\u00fcnde meydana geldi. Durakta bekleyen maskesiz 2 ki\u015fi, otob\u00fcs \u015fof\u00f6r\u00fc Mehmet Teneke taraf\u0131ndan otob\u00fcse maskesiz binemeyecekleri konusunda uyar\u0131ld\u0131. Uyar\u0131y\u0131 dikkate almayan 2 ki\u015fi, maskesiz olarak otob\u00fcse binmek i\u00e7in \u0131srar etti. Bu s\u0131rada ikiliden biri, otob\u00fcse binip, k\u00fcfretti\u011fi Teneke&#8217;yi yumruklamaya ba\u015flad\u0131. Otob\u00fcs \u015fof\u00f6r\u00fcn\u00fcn darp edildi\u011fini g\u00f6ren \u00e7evredekiler, sa\u011fl\u0131k ve polis ekiplerine haber verdi. Sald\u0131rganlar, olay yerinden ka\u00e7arken, ihbarla gelen sa\u011fl\u0131k g\u00f6revlilerince ilk m\u00fcdahalesi yap\u0131lan otob\u00fcs \u015fof\u00f6r\u00fc hastaneye kald\u0131r\u0131ld\u0131.<br \/>\n\u00a0<br \/>\nMehmet Teneke&#8217;nin darp edili\u011fi anlar, otob\u00fcs\u00fcn g\u00fcvenlik kameras\u0131na anbean yans\u0131d\u0131. G\u00f6r\u00fcnt\u00fcleri inceleyen polis ekipleri, 2 sald\u0131rgan\u0131 bir s\u00fcre sonra yakalay\u0131p, g\u00f6zalt\u0131na ald\u0131. Emniyete g\u00f6t\u00fcr\u00fclen \u015f\u00fcpheliler, ifadelerinin ard\u0131ndan serbest b\u0131rak\u0131ld\u0131.\u00a0<br \/>\nAld\u0131\u011f\u0131 darbelerle ba\u015f\u0131n\u0131n 2 ayr\u0131 yerine 8 diki\u015f at\u0131lan ve 6 g\u00fcn i\u015f g\u00f6remezlik raporu verilen otob\u00fcs \u015fof\u00f6r\u00fc Mehmet Teneke, &#8220;Onlar\u0131 maskesiz alamayaca\u011f\u0131m\u0131 s\u00f6yleyince k\u00fcfrederek arac\u0131n kap\u0131s\u0131na vurdular. Daha sonra otob\u00fcs\u00fcn i\u00e7ine dal\u0131p beni darp etti biri. Polis ve ambulans geldi. Devletin uygulamaya koydu\u011fu kurallara uymak i\u00e7in maskesiz alamayaca\u011f\u0131m\u0131 s\u00f6yledim, bu \u015fekilde izah ettim ama dinlemeyerek, geldiler beni darp ettiler&#8221; diye konu\u015ftu. \u00a0<\/p>\n","protected":false},"excerpt":{"rendered":"<p>Mersin\u2019in Tarsus il\u00e7esinde maskesiz olduklar\u0131 i\u00e7in otob\u00fcse almad\u0131\u011f\u0131 iki ki\u015fi taraf\u0131ndan darp edilen Mersin B\u00fcy\u00fck\u015fehir Belediyesi halk otob\u00fcs\u00fc \u015fof\u00f6r\u00fc Mehmet Teneke&#8217;nin ba\u015f\u0131na 8 diki\u015f at\u0131ld\u0131. 6 g\u00fcn i\u015f g\u00f6remezlik raporu &hellip; <a href=\"https:\/\/akdenizolaygazetesi.com\/?p=7525\" class=\"more-link\">Devam\u0131n\u0131 Oku&#8230;<\/a><\/p>\n","protected":false},"author":1,"featured_media":0,"comment_status":"open","ping_status":"open","sticky":false,"template":"","format":"standard","meta":[],"categories":[],"tags":[],"_links":{"self":[{"href":"https:\/\/akdenizolaygazetesi.com\/index.php?rest_route=\/wp\/v2\/posts\/7525"}],"collection":[{"href":"https:\/\/akdenizolaygazetesi.com\/index.php?rest_route=\/wp\/v2\/posts"}],"about":[{"href":"https:\/\/akdenizolaygazetesi.com\/index.php?rest_route=\/wp\/v2\/types\/post"}],"author":[{"embeddable":true,"href":"https:\/\/akdenizolaygazetesi.com\/index.php?rest_route=\/wp\/v2\/users\/1"}],"replies":[{"embeddable":true,"href":"https:\/\/akdenizolaygazetesi.com\/index.php?rest_route=%2Fwp%2Fv2%2Fcomments&post=7525"}],"version-history":[{"count":0,"href":"https:\/\/akdenizolaygazetesi.com\/index.php?rest_route=\/wp\/v2\/posts\/7525\/revisions"}],"wp:attachment":[{"href":"https:\/\/akdenizolaygazetesi.com\/index.php?rest_route=%2Fwp%2Fv2%2Fmedia&parent=7525"}],"wp:term":[{"taxonomy":"category","embeddable":true,"href":"https:\/\/akdenizolaygazetesi.com\/index.php?rest_route=%2Fwp%2Fv2%2Fcategories&post=7525"},{"taxonomy":"post_tag","embeddable":true,"href":"https:\/\/akdenizolaygazetesi.com\/index.php?rest_route=%2Fwp%2Fv2%2Ftags&post=7525"}],"curies":[{"name":"wp","href":"https:\/\/api.w.org\/{rel}","templated":true}]}}