{"id":7544,"date":"2020-11-04T18:28:01","date_gmt":"2020-11-04T15:28:01","guid":{"rendered":"http:\/\/mersinekonomipolitikagazetesi.com\/?p=7544"},"modified":"2020-11-04T18:28:01","modified_gmt":"2020-11-04T15:28:01","slug":"secer-2-milyar-200-milyon-liralik-borcu-1-milyar-500-milyonlu-rakamlara-cektik","status":"publish","type":"post","link":"https:\/\/akdenizolaygazetesi.com\/?p=7544","title":{"rendered":"Se\u00e7er: &#8220;2 milyar 200 milyon liral\u0131k borcu 1 milyar 500 milyonlu rakamlara \u00e7ektik&#8221;"},"content":{"rendered":"<p><span style=\"line-height: 1.6em;\">Mersin B\u00fcy\u00fck\u015fehir Belediye Ba\u015fkan\u0131 Vahap Se\u00e7er, belediyenin bor\u00e7lar\u0131nda yakla\u015f\u0131k 700 milyon liral\u0131k azalma oldu\u011funu belirterek, 2 milyar 200 milyon lira ile devrald\u0131klar\u0131 bor\u00e7 stokunu, 1 milyar 500\u2019l\u00fc rakamlara \u00e7ektiklerini s\u00f6yledi.\u00a0<\/span><\/p>\n<p>Mersin B\u00fcy\u00fck\u015fehir Belediye Meclisinin Temmuz Ay\u0131 Birinci Bile\u015fim Toplant\u0131s\u0131, Belediye Ba\u015fkan\u0131 Vahap Se\u00e7er ba\u015fkanl\u0131\u011f\u0131nda ger\u00e7ekle\u015ftirildi. Toplant\u0131da, idareden gelen konular\u0131n g\u00f6r\u00fc\u015f\u00fcld\u00fc\u011f\u00fc k\u0131s\u0131mda B\u00fcy\u00fck\u015fehir Belediyesi\u2019nin 2019 y\u0131l\u0131 d\u00f6nemi faaliyet raporu meclis \u00fcyeleri taraf\u0131ndan oy birli\u011fi ile kabul edilirken, Ba\u015fkan Se\u00e7er meclis \u00fcyelerine te\u015fekk\u00fcr etti.\u00a0<br \/>\n\u201c2 milyar 200 milyon lira borcu \u015fu an 1 milyar 500 y\u00fczl\u00fc rakamlara \u00e7ektik\u201d\u00a0<br \/>\nFaaliyet raporunun g\u00f6r\u00fc\u015f\u00fclmesinin ard\u0131ndan Ba\u015fkan Se\u00e7er, meclis \u00fcyeleri taraf\u0131ndan y\u00f6neltilen baz\u0131 sorulara ve ele\u015ftirilere de yan\u0131t verdi. B\u00fcy\u00fck\u015fehir Belediyesi\u2019nin hizmetlerinin eksik kald\u0131\u011f\u0131 konusundaki ele\u015ftirileri yan\u0131tlayan Se\u00e7er, \u00f6nemli bir bor\u00e7 y\u00fck\u00fcyle devrald\u0131klar\u0131 bir belediyede mali disiplini sa\u011flayarak hem bor\u00e7 \u00f6dediklerini hem de hizmet yapt\u0131klar\u0131n\u0131 ifade etti. Se\u00e7er, \u201cHer yeni gelen y\u00f6netim gibi \u00f6ncelikli olarak ilk aylar\u0131m\u0131z ge\u00e7ti\u011fimiz d\u00f6neme ait baz\u0131 uygulamalar \u00fczerinde \u00e7al\u0131\u015fmalar, d\u00fczenlemelerle ge\u00e7ti. Yeni d\u00f6neme ili\u015fkin hem idari hem mali baz\u0131 d\u00fczenlemeler yapt\u0131k. Her yeni y\u00f6netim gibi biz de bir bor\u00e7 y\u00fck\u00fc ile devrald\u0131k. Ancak ge\u00e7ti\u011fimiz toplant\u0131da da yapt\u0131\u011f\u0131m sunumda g\u00f6rece\u011finiz gibi ilk bir y\u0131l\u0131m\u0131zda mali disiplini sa\u011flad\u0131k. Bu konuda teredd\u00fcts\u00fcz, amas\u0131z, fakats\u0131z, lakinsiz konu\u015fabilirim. Mersin B\u00fcy\u00fck\u015fehir Belediyesi\u2019nde yakla\u015f\u0131k 700 milyon liral\u0131k bor\u00e7 tutar\u0131 azalmas\u0131 vard\u0131r. Bu \u00e7ok \u00f6nemli bir rakamd\u0131r. Yakla\u015f\u0131k olarak 2 milyar 200 milyon lira ile devrald\u0131\u011f\u0131m\u0131z bor\u00e7 stokunu \u015fu an 1 milyar 500\u2019l\u00fc rakamlara \u00e7ekme imkan\u0131m\u0131z oldu. Burada bir tasarruf s\u00f6z konusu de\u011fil. Tamamen mali disiplinle alakal\u0131, daha \u00e7ok israf\u0131n \u00f6n\u00fcne ge\u00e7meyle alakal\u0131, daha rasyonel baz\u0131 mal ve hizmet al\u0131mlar\u0131 ile ilgili uygulamalar sonucunda bunu sa\u011flad\u0131k. Ayn\u0131 \u015fey MESK\u0130 i\u00e7inde ge\u00e7erli\u201d dedi.\u00a0<br \/>\n\u201cSosyal politikalar konusunda verdi\u011fimiz s\u00f6zleri \u00e7ok s\u00fcratle yerine getirdik\u201d\u00a0<br \/>\nBelediyenin bor\u00e7 y\u00fck\u00fcne ra\u011fmen insan\u00fcst\u00fc \u00e7aba g\u00f6stererek \u00f6nemli projelere imza at\u0131ld\u0131\u011f\u0131n\u0131 kaydeden Se\u00e7er, s\u00f6zlerini \u015fu \u015fekilde s\u00fcrd\u00fcrd\u00fc: \u201cBor\u00e7 devrald\u0131k, \u00f6dedik. Bunlar\u0131 bir kenara b\u0131rak\u0131yoruz, \u00f6n\u00fcm\u00fcze bakmam\u0131z laz\u0131m. Tamamen beklentilere, taleplere sayg\u0131 duyuyorum, ayr\u0131ld\u0131\u011f\u0131m\u0131z bir nokta yok. Ben de b\u00fcy\u00fck d\u00fc\u015f\u00fcnmek, b\u00fcy\u00fck i\u015fler yapmak, b\u00fcy\u00fck hizmetler yapmak istiyorum. Anamur\u2019a da Bozyaz\u0131\u2019ya da Tarsus\u2019a da \u00c7aml\u0131yayla\u2019ya da ula\u015fmak istiyorum. Ancak dokuz ayl\u0131k s\u00fcre\u00e7 i\u00e7erisinde mevcut ko\u015fullar\u0131m\u0131z\u0131 da g\u00f6z \u00f6n\u00fcne al\u0131rsan\u0131z ger\u00e7ekten insan\u00fcst\u00fc bir gayret g\u00f6sterdik. Bunun da takdir edilmesi bizi motive eder. \u00c7ok te\u015fekk\u00fcr ediyorum, \u00e7ok b\u00fcy\u00fck destek verdiniz. Ge\u00e7ti\u011fimiz d\u00f6nem 164 milyon bor\u00e7lanmam\u0131za katk\u0131 sundunuz. Bu bor\u00e7lanmay\u0131 yapt\u0131k ama s\u00f6yledi\u011fimiz gibi bor\u00e7 stokundan da 700 milyon azald\u0131. O 164 milyon TL bize art\u0131 de\u011fer sa\u011flamad\u0131. Bunun da ayr\u0131m\u0131n\u0131 yapman\u0131z\u0131 sizlerden rica ediyorum. Bunun yan\u0131nda empati yap\u0131n. \u0130lk aylarda, hatta ilk y\u0131lda b\u00fcy\u00fck projelerin alt\u0131na imza atma \u015fans\u0131na sahip de\u011filsiniz. Biz se\u00e7im \u00f6ncesi daha \u00e7ok sosyal politikalar konusunda verdi\u011fimiz s\u00f6zleri \u00e7ok s\u00fcratle yerine getirdik.\u201d\u00a0<br \/>\n\u201cB\u00fct\u00fcn bu hizmetleri bor\u00e7 y\u00fck\u00fcnden kurtulurken yapt\u0131k\u201d\u00a0<br \/>\nSe\u00e7er, E\u011fitim ve \u00d6\u011fretimi Destekleme Kurs Merkezleri\u2019nden 4 bin 334 \u00f6\u011frencinin memnuniyetle faydaland\u0131\u011f\u0131n\u0131 ve \u00fcniversite s\u0131nav\u0131na girdi\u011fini hat\u0131rlatarak, bu hizmetleri bor\u00e7 y\u00fck\u00fcne ra\u011fmen yapt\u0131klar\u0131n\u0131 s\u00f6yledi. Se\u00e7er, \u201cBiz 4 binle ba\u015flay\u0131p 1000 \u00f6\u011frenciye d\u00fc\u015fmedik. 4 binle ba\u015flay\u0131p 4 bin 334\u2019le bitirdik. Bunlar takdire \u015fayan \u00e7al\u0131\u015fmalard\u0131r. E\u011fitim yard\u0131mlar\u0131ndan di\u011fer bir\u00e7ok alana, dezavantajl\u0131 gruplara, kad\u0131nlar\u0131m\u0131za, \u00e7ocuklar\u0131m\u0131za, kronik rahats\u0131zl\u0131\u011f\u0131 olanlara, engellerimize herkese ula\u015fmaya \u00e7al\u0131\u015ft\u0131k. B\u00fct\u00fcn bunlar\u0131 bu bor\u00e7 y\u00fck\u00fcnden kurtulurken yapt\u0131k. 200 bin ton asfalt d\u00f6kt\u00fck. Gelir gelmez yar\u0131m kalan Toroslar\u2019daki Kuvay\u0131milliye Katl\u0131 Kav\u015fa\u011f\u0131\u2019n\u0131 faaliyete ald\u0131k. \u0130mkans\u0131zl\u0131klar i\u00e7erisinde 200 bin ton asfalt d\u00f6kt\u00fck. Sizlerin deste\u011fiyle 31 milyon 500 TL\u2019lik teminat mektubu ald\u0131k ve 12 ay vadeli bit\u00fcm ald\u0131k. B\u00fct\u00fcn bunlar\u0131 dokuz ay i\u00e7erisinde ger\u00e7ekle\u015ftirdik. K\u00fclt\u00fcr-sanat anlam\u0131nda \u00e7ok b\u00fcy\u00fck aktiviteler yapt\u0131k\u201d diye konu\u015ftu.\u00a0<br \/>\n\u201c\u0130nsanlara bu kentin bar\u0131\u015f ve huzur kenti oldu\u011funu g\u00f6sterdik\u201d\u00a0<br \/>\nSe\u00e7er, kent genelinde olu\u015fturduklar\u0131 bar\u0131\u015f, huzur ve g\u00fcven havas\u0131n\u0131n Mersinlilerin y\u00fcz\u00fcne yans\u0131d\u0131\u011f\u0131n\u0131 belirterek, meclis \u00fcyeleri ile olu\u015fturulan birlik ve beraberlik ortam\u0131n\u0131n t\u00fcm kente yay\u0131ld\u0131\u011f\u0131n\u0131 vurgulad\u0131. Se\u00e7er, \u201c\u0130nsanlara bu kentin bar\u0131\u015f ve huzur kenti oldu\u011funu g\u00f6sterdik. Sokaklarda insanlar\u0131n y\u00fcz\u00fc g\u00fcler hale geldi, buradaki g\u00f6r\u00fcnt\u00fcn\u00fczden kaynakl\u0131. Toplant\u0131lar\u0131n her biri izlenmeye de\u011fer, keyifli, seviyeli tart\u0131\u015fmalar\u0131n oldu\u011fu toplant\u0131lard\u0131. Ge\u00e7ti\u011fimiz ay sadece bir toplant\u0131da meclis gerildi, kent bir ay gergin kald\u0131. Bu kente mutluluk vermek hepimizin ba\u015far\u0131s\u0131. Bunu sa\u011flad\u0131k. Her \u015fey para de\u011fil. Para mutlaka gerekli. Ekonominiz i\u00e7in, sa\u011fl\u0131k ve e\u011fitim hizmeti i\u00e7in, refah i\u00e7in, sokak i\u00e7in, temiz bir kent i\u00e7in para gerekli ama kafan\u0131zdaki d\u00fc\u015f\u00fcnceler, d\u00fcnya g\u00f6r\u00fc\u015f\u00fcn\u00fcz, insan sevginiz de \u00e7ok \u00f6nemli. Biz bu topluma, bu sokaklara insan sevgisini verdik ayr\u0131\u015fmama, \u00f6tekile\u015fmeme, birbirimizi kucaklama, sevgiyle olma \u015fans\u0131 verdik\u201d ifadelerini kulland\u0131.\u00a0<br \/>\n\u201cBiz kente siyasette bar\u0131\u015f, huzur ve karde\u015fli\u011fi getirdik\u201d\u00a0<br \/>\nBa\u015fkan Se\u00e7er, meclis \u00fcyelerine de seslenerek, \u201cBana hi\u00e7biriniz, \u2018B\u00fcy\u00fck\u015fehir Belediye Ba\u015fkan\u0131m\u0131zla diyolaglar\u0131m\u0131z k\u00f6t\u00fc\u2019 diyemezsiniz. Burada ayr\u0131 d\u00fc\u015febiliriz ama insani olarak bir araya geldi\u011fimizde hepimiz birbirimize insan\u00fcst\u00fc, azami sayg\u0131 ve sevgi g\u00f6steriyoruz. Biz kente siyasette bar\u0131\u015f, huzur ve karde\u015fli\u011fi getirdik, hi\u00e7bir ayr\u0131m yapmadan. \u00c7evreler, sokaklar, parklar temiz. Elimizden gelen gayreti t\u00fcm \u00e7al\u0131\u015fanlar\u0131m\u0131z g\u00f6steriyor. Bunlar\u0131 art\u0131rarak devam etmemiz laz\u0131m\u201d \u015feklinde konu\u015ftu.\u00a0<br \/>\nOtopark i\u00e7in ihaleye \u00e7\u0131k\u0131l\u0131yor\u00a0<br \/>\nOtopark eksikli\u011fi ile ilgili y\u00f6netilen ele\u015ftirilere de yan\u0131t veren Ba\u015fkan Se\u00e7er, pandemi s\u00fcrecinin b\u00fcy\u00fck projeleri durdurdu\u011funu hat\u0131rlat\u0131rken, ihale i\u00e7in \u00e7al\u0131\u015fmalar\u0131n devam etti\u011fini belirtti. Se\u00e7er, \u201cOtopark ihalemiz haz\u0131r, \u00e7\u0131k\u0131yoruz. \u0130lk Tevfik S\u0131rr\u0131 G\u00fcr Lisesi\u2019nin alt\u0131ndaki otopark\u0131m\u0131z. \u0130lk \u00e7\u0131km\u0131\u015ft\u0131k, itiraz oldu. Oras\u0131 koruma b\u00f6lgesi, baya\u011f\u0131 zaman\u0131m\u0131z\u0131 ald\u0131. Pandemi bitti onun ihalesine \u00e7\u0131k\u0131yoruz. \u0130ki cep otopark\u0131 yap\u0131ld\u0131 merkezin trafi\u011fini rahatlatmak i\u00e7in\u201d dedi.\u00a0<br \/>\n\u201cBir simgenin logola\u015fmas\u0131 i\u00e7in adaptasyon s\u00fcresi hakk\u0131m\u0131 kullanmak zorunday\u0131m\u201d\u00a0<br \/>\nBa\u015fkan Se\u00e7er, Mersin B\u00fcy\u00fck\u015fehir Belediyesi\u2019ni simgeleyen yeni logonun meclis g\u00fcndemine getirilmedi\u011fi konusundaki ele\u015ftirilere de yan\u0131t verdi. Se\u00e7er, \u015f\u00f6yle devam etti: \u201c\u0130natla\u015fmayla mecliste bir konunun kabul edilmeyece\u011fini bilebilecek olgunlukta bir siyaset\u00e7iyim. \u0130dare eden, sevk ve y\u00f6neten benim. Baz\u0131 de\u011fi\u015fiklikleri arzu ederim. Bu benim her de\u011fi\u015fiklik talebimin kabul edilece\u011fi anlam\u0131na gelmez ama bunun bir olgunla\u015fma s\u00fcresi var. Bunu ya\u015famak zorunday\u0131m. Ben bir simgenin logola\u015fmas\u0131 i\u00e7in adaptasyon s\u00fcresi hakk\u0131m\u0131 kullanmak zorunday\u0131m. \u0130nsanlar\u0131n bunu tan\u0131mas\u0131, g\u00f6rmesi laz\u0131m. Oysa benim resmi logom bellidir. Daha \u00f6nceki y\u00f6netimler d\u00f6neminde kabul edilen, bizim resmi olarak kulland\u0131\u011f\u0131m\u0131z logo devam ediyor. Bunda bir s\u0131k\u0131nt\u0131 yok bizim a\u00e7\u0131m\u0131zdan. Ama simge olarak nitelendirdi\u011fimiz, \u015fehre daha farkl\u0131 bir ambiyans, bir renk, bir hava kataca\u011f\u0131n\u0131 d\u00fc\u015f\u00fcnd\u00fc\u011f\u00fcm\u00fcz, bir de\u011fi\u015fimi simgeleyece\u011fini d\u00fc\u015f\u00fcnd\u00fc\u011f\u00fcm\u00fcz \u00e7al\u0131\u015fmam\u0131z\u0131 da baz\u0131 alanlarda kullan\u0131yoruz. Yanl\u0131\u015f d\u00fc\u015f\u00fcnceler ya da yanl\u0131\u015f baz\u0131 anlamalara sebebiyet verecek uygulamalar yap\u0131yorsak biz kendimizi bunun \u00fczerinden tekrar g\u00f6zden ge\u00e7iririz. L\u00fctfen siz de bu konuyu b\u00f6yle de\u011ferlendirin. Biz bunun logoya d\u00f6n\u00fc\u015fmesi noktas\u0131nda, o olgunlu\u011fa eri\u015fti\u011fi noktada sizlerin de g\u00f6r\u00fc\u015f\u00fcn\u00fc alarak, mecliste payla\u015f\u0131r\u0131z.\u201d\u00a0<br \/>\nBelediye Enc\u00fcmen \u00fcyeleri se\u00e7imi yap\u0131ld\u0131\u00a0<br \/>\nMeclisin \u00f6nemli bir di\u011fer maddesi de B\u00fcy\u00fck\u015fehir Belediyesi Enc\u00fcmenine \u00fcye se\u00e7ilmesi oldu. Aday olan 10 \u00fcyeden Mahmut Tat, Fahrettin K\u0131l\u0131n\u00e7, Osman Yasin, Erhan \u00c7ontar ve Mehmet Y\u0131ld\u0131z gizli oy ile B\u00fcy\u00fck\u015fehir Belediye Enc\u00fcmenine se\u00e7ildi.\u00a0<br \/>\n\u015eehitlerin isimleri sokaklara verildi\u00a0<br \/>\nMecliste Tarsus il\u00e7esi, Ye\u015filyurt Mahallesi, 4408 Soka\u011f\u0131n isminin &#8216;\u015eehit Kaan Onat Sokak&#8217; olarak de\u011fi\u015ftirilmesi, Yeni\u015fehir il\u00e7esi 50.Y\u0131l Mahallesi, 20. Cadde ile Ali Kaya Mutlu Caddesi kesi\u015fimindeki kav\u015fa\u011fa ise &#8216;\u015eehit Osman K\u00f6se Kav\u015fa\u011f\u0131&#8217; isminin verilmesi ile ilgili madde oylanarak kabul edildi.\u00a0<\/p>\n","protected":false},"excerpt":{"rendered":"<p>Mersin B\u00fcy\u00fck\u015fehir Belediye Ba\u015fkan\u0131 Vahap Se\u00e7er, belediyenin bor\u00e7lar\u0131nda yakla\u015f\u0131k 700 milyon liral\u0131k azalma oldu\u011funu belirterek, 2 milyar 200 milyon lira ile devrald\u0131klar\u0131 bor\u00e7 stokunu, 1 milyar 500\u2019l\u00fc rakamlara \u00e7ektiklerini s\u00f6yledi.\u00a0 &hellip; <a href=\"https:\/\/akdenizolaygazetesi.com\/?p=7544\" class=\"more-link\">Devam\u0131n\u0131 Oku&#8230;<\/a><\/p>\n","protected":false},"author":1,"featured_media":0,"comment_status":"open","ping_status":"open","sticky":false,"template":"","format":"standard","meta":[],"categories":[],"tags":[],"_links":{"self":[{"href":"https:\/\/akdenizolaygazetesi.com\/index.php?rest_route=\/wp\/v2\/posts\/7544"}],"collection":[{"href":"https:\/\/akdenizolaygazetesi.com\/index.php?rest_route=\/wp\/v2\/posts"}],"about":[{"href":"https:\/\/akdenizolaygazetesi.com\/index.php?rest_route=\/wp\/v2\/types\/post"}],"author":[{"embeddable":true,"href":"https:\/\/akdenizolaygazetesi.com\/index.php?rest_route=\/wp\/v2\/users\/1"}],"replies":[{"embeddable":true,"href":"https:\/\/akdenizolaygazetesi.com\/index.php?rest_route=%2Fwp%2Fv2%2Fcomments&post=7544"}],"version-history":[{"count":0,"href":"https:\/\/akdenizolaygazetesi.com\/index.php?rest_route=\/wp\/v2\/posts\/7544\/revisions"}],"wp:attachment":[{"href":"https:\/\/akdenizolaygazetesi.com\/index.php?rest_route=%2Fwp%2Fv2%2Fmedia&parent=7544"}],"wp:term":[{"taxonomy":"category","embeddable":true,"href":"https:\/\/akdenizolaygazetesi.com\/index.php?rest_route=%2Fwp%2Fv2%2Fcategories&post=7544"},{"taxonomy":"post_tag","embeddable":true,"href":"https:\/\/akdenizolaygazetesi.com\/index.php?rest_route=%2Fwp%2Fv2%2Ftags&post=7544"}],"curies":[{"name":"wp","href":"https:\/\/api.w.org\/{rel}","templated":true}]}}