{"id":7564,"date":"2020-11-04T18:28:02","date_gmt":"2020-11-04T15:28:02","guid":{"rendered":"http:\/\/mersinekonomipolitikagazetesi.com\/?p=7564"},"modified":"2020-11-04T18:28:02","modified_gmt":"2020-11-04T15:28:02","slug":"kiz-kardeslerimizin-yanindayiz","status":"publish","type":"post","link":"https:\/\/akdenizolaygazetesi.com\/?p=7564","title":{"rendered":"\u201cKIZ KARDE\u015eLER\u0130M\u0130Z\u0130N YANINDAYIZ\u201d"},"content":{"rendered":"<p>T\u00fcm kad\u0131nlara 14 Temmuz\u2019da Mersin Adliyesi\u2019nde g\u00f6r\u00fclecek olan istismar davas\u0131na kat\u0131lmak \u00e7in \u00e7a\u011fr\u0131da bulunan Mersin Kad\u0131n Platformu \u00fcyeleri, \u201cY\u0131llarca istismara u\u011frayan ve korkutularak susturulan k\u0131z karde\u015flerimizin yan\u0131nda olmak i\u00e7in herkesi davet ediyoruz.\u201d dedi.<br \/>\n\u00a0<br \/>\nMersin\u2019de 3 k\u0131z\u0131n\u0131 istismarta bulunan S.D.\u2019nin yarg\u0131land\u0131\u011f\u0131 davan\u0131n ilk duru\u015fmas\u0131 14 Temmuz Sal\u0131 g\u00fcn\u00fc saat 14.00\u2019da Mersin Adliyesi 3. A\u011f\u0131r Ceza Mahkemesi\u2019nde g\u00f6r\u00fclecek. Mersin\u2019deki kad\u0131nlara dayan\u0131\u015fma \u00e7a\u011fr\u0131s\u0131 yapan Kad\u0131n Platformu \u00fcyeleri, bir bas\u0131n a\u00e7\u0131klamas\u0131nda bulundu. Platform ad\u0131na a\u00e7\u0131klamay\u0131 Sosyalist Yeniden Kurulu\u015f Partisi (SYKP) E\u015f Genel Ba\u015fkan\u0131 Canan Y\u00fcce okudu.<br \/>\nT\u00fcrkiye&#8217;deki cinsel su\u00e7lar\u0131n y\u00fczde 46&#8217;s\u0131n\u0131n \u00e7ocuklara kar\u015f\u0131 i\u015flendi\u011fini vurgulayan Y\u00fcce, \u00e7ocu\u011fa y\u00f6nelik cinsel istismarda T\u00fcrkiye\u2019nin d\u00fcnya listesinde 3. s\u0131rada yer ald\u0131\u011f\u0131n\u0131 ifade etti. H\u00fck\u00fcmeti uluslararas\u0131 s\u00f6zle\u015fmelerden do\u011fan y\u00fck\u00fcml\u00fcl\u00fcklerini yerine getirmeye \u00e7a\u011f\u0131ran Y\u00fcce,\u201cCinsel istismar davalar\u0131nda soru\u015fturma titizlikle ve etkin bi\u00e7imde y\u00fcr\u00fct\u00fclmeli, dava s\u00fcre\u00e7lerinde faillere ceza indirimleri, iyi hal indirimleri gibi indirimler uygulanmamal\u0131d\u0131r. Bu gibi uygulamalar bundan sonra i\u015flenecek cinsel su\u00e7lar\u0131n failleriyle i\u015fbirli\u011fi yapmak demektir\u201d dedi.<br \/>\nCinsel istismar konusunun devletin t\u00fcm kurumlar\u0131nda ciddi bir toplumsal sorun olarak ele al\u0131nmas\u0131 gerekti\u011fini de kaydeden Y\u00fcce,\u201c Toplumsal bilincin artmas\u0131 ve fark\u0131ndal\u0131k olu\u015fturmak i\u00e7in \u00e7al\u0131\u015fmalar yap\u0131lmal\u0131, \u00e7ocuk istismarlar\u0131yla \u00e7al\u0131\u015facak kurumlar yayg\u0131nla\u015ft\u0131r\u0131lmal\u0131, bu kurumlarda cinsel istismar konusunda uzmanla\u015fm\u0131\u015f nitelikli meslek eleman\u0131 istihdam\u0131 art\u0131r\u0131lmal\u0131 ve t\u00fcm s\u00fcre\u00e7lerde sivil toplum \u00f6rg\u00fctleriyle i\u015f birli\u011fine gidilmeli, \u00c7ocuk \u0130zlem Merkezleri her yerde kurulmal\u0131d\u0131r\u201d diye konu\u015ftu.<br \/>\n\u00a0<br \/>\n\u00a0\u201cMersin Kad\u0131n Platformu olarak uzun y\u0131llar istismara maruz kalan y\u0131llarca korkutularak susturulan k\u0131z karde\u015flerimizin yan\u0131nday\u0131z\u201d diyen Y\u00fcce, S.D\u2019nin yarg\u0131land\u0131\u011f\u0131 davan\u0131n ilk duru\u015fmas\u0131n\u0131n 14 Temmuz Sal\u0131 g\u00fcn\u00fc saat 14.00 de Mersin Adliyesi 3. A\u011f\u0131r Ceza Mahkemesi\u2019nde g\u00f6r\u00fclece\u011fini hat\u0131rlatarak, \u00a0Mersin\u2019deki t\u00fcm kad\u0131nlar\u0131 duru\u015fmaya \u00e7a\u011f\u0131rd\u0131.<\/p>\n","protected":false},"excerpt":{"rendered":"<p>T\u00fcm kad\u0131nlara 14 Temmuz\u2019da Mersin Adliyesi\u2019nde g\u00f6r\u00fclecek olan istismar davas\u0131na kat\u0131lmak \u00e7in \u00e7a\u011fr\u0131da bulunan Mersin Kad\u0131n Platformu \u00fcyeleri, \u201cY\u0131llarca istismara u\u011frayan ve korkutularak susturulan k\u0131z karde\u015flerimizin yan\u0131nda olmak i\u00e7in herkesi &hellip; <a href=\"https:\/\/akdenizolaygazetesi.com\/?p=7564\" class=\"more-link\">Devam\u0131n\u0131 Oku&#8230;<\/a><\/p>\n","protected":false},"author":1,"featured_media":0,"comment_status":"open","ping_status":"open","sticky":false,"template":"","format":"standard","meta":[],"categories":[],"tags":[],"_links":{"self":[{"href":"https:\/\/akdenizolaygazetesi.com\/index.php?rest_route=\/wp\/v2\/posts\/7564"}],"collection":[{"href":"https:\/\/akdenizolaygazetesi.com\/index.php?rest_route=\/wp\/v2\/posts"}],"about":[{"href":"https:\/\/akdenizolaygazetesi.com\/index.php?rest_route=\/wp\/v2\/types\/post"}],"author":[{"embeddable":true,"href":"https:\/\/akdenizolaygazetesi.com\/index.php?rest_route=\/wp\/v2\/users\/1"}],"replies":[{"embeddable":true,"href":"https:\/\/akdenizolaygazetesi.com\/index.php?rest_route=%2Fwp%2Fv2%2Fcomments&post=7564"}],"version-history":[{"count":0,"href":"https:\/\/akdenizolaygazetesi.com\/index.php?rest_route=\/wp\/v2\/posts\/7564\/revisions"}],"wp:attachment":[{"href":"https:\/\/akdenizolaygazetesi.com\/index.php?rest_route=%2Fwp%2Fv2%2Fmedia&parent=7564"}],"wp:term":[{"taxonomy":"category","embeddable":true,"href":"https:\/\/akdenizolaygazetesi.com\/index.php?rest_route=%2Fwp%2Fv2%2Fcategories&post=7564"},{"taxonomy":"post_tag","embeddable":true,"href":"https:\/\/akdenizolaygazetesi.com\/index.php?rest_route=%2Fwp%2Fv2%2Ftags&post=7564"}],"curies":[{"name":"wp","href":"https:\/\/api.w.org\/{rel}","templated":true}]}}