{"id":7565,"date":"2020-11-04T18:28:03","date_gmt":"2020-11-04T15:28:03","guid":{"rendered":"http:\/\/mersinekonomipolitikagazetesi.com\/?p=7565"},"modified":"2020-11-04T18:28:03","modified_gmt":"2020-11-04T15:28:03","slug":"mersinliler-uyutuluyor","status":"publish","type":"post","link":"https:\/\/akdenizolaygazetesi.com\/?p=7565","title":{"rendered":"MERS\u0130NL\u0130LER  UYUTULUYOR..!"},"content":{"rendered":"<p>\u201cT\u00fcrkiye&#8217;nin 10. b\u00fcy\u00fck ekonomi s\u00f6yleminin ger\u00e7ekle e\u015fle\u015fmedi\u011fini g\u00f6r\u00fcyoruz. \u015eu anda her kanalda Ayasofya konusu tart\u0131\u015f\u0131l\u0131yor. G\u00fcndemde tutulmas\u0131 gereken as\u0131l konu ekonomi, e\u011fitim ve i\u015fsizliktir.&#8221;<\/p>\n<p>Demokrasi ve At\u0131l\u0131m Partisi Halkla \u0130li\u015fkilerden Sorumlu Genel Ba\u015fkan Yard\u0131mc\u0131s\u0131 Ali R\u0131za Babao\u011flan ve e\u015fi Banu Babao\u011flan Mersin&#8217;de bir otelde bas\u0131n mensuplar\u0131yla bir araya geldi. Babao\u011flan, &#8220;Mersin&#8217;de hen\u00fcz \u0130l Ba\u015fkan\u0131 kim olacak bilmiyorum&#8221; diye konu\u015ftu.<\/p>\n<p>Genel Ba\u015fkanl\u0131\u011f\u0131n\u0131 Ali Babacan&#8217;\u0131n yapt\u0131\u011f\u0131 Demokrasi ve At\u0131l\u0131m Partisi (DEVA Partisi) Halkla \u0130li\u015fkilerden Sorumlu Genel Ba\u015fkan Yard\u0131mc\u0131s\u0131 Ali R\u0131za Babao\u011flan ve e\u015fi ger\u00e7ekle\u015ftirdi\u011fi bas\u0131n toplant\u0131s\u0131nda Mersin&#8217;deki Deva Partisi yap\u0131lanmas\u0131 hakk\u0131nda bilgiler vererek gelecekte uygulayacaklar\u0131 politikalar\u0131 anlatt\u0131.<\/p>\n<p>Bas\u0131n mensuplar\u0131n\u0131n sorular\u0131n\u0131 da yan\u0131tlayan Ali R\u0131za Babao\u011flan \u00f6nceliklerinin se\u00e7ime girmek i\u00e7in standartlar\u0131 yakalamak \u00a0oldu\u011funu vurgulayarak, &#8220;33 tane Deva Partisi 33 tane il ba\u015fkan\u0131 atam\u0131\u015f durumda. Mersin&#8217;in plaka say\u0131s\u0131na ula\u015fm\u0131\u015f olduk. T\u00fcrkiye&#8217;de se\u00e7imlere girebilme yeterlili\u011fi sa\u011flayabilmek i\u00e7in toplamda 41 ilde en az il ba\u015fkan\u0131 atam\u0131\u015f olman\u0131z ve il\u00e7elerin de 3&#8217;te 1&#8217;inde atama ger\u00e7ekle\u015ftirmi\u015f olman\u0131z gerekiyor. Eyl\u00fcl itibariyle bu s\u00fcreci tamamlamay\u0131 hedefliyoruz. Kuruldu\u011fumuz ilk g\u00fcn a\u00e7t\u0131\u011f\u0131m\u0131z Devapartisi.org&#8217;den Mersin i\u00e7in \u015fimdiye kadar 2 bine yak\u0131n ki\u015fi partimizde g\u00f6rev alabilmek i\u00e7in ba\u015fvuruda bulundu. Bunlardan 150 ki\u015fi ile y\u00fczy\u00fcze \u00a0g\u00f6r\u00fc\u015fme ger\u00e7ekle\u015ftirerek Mersin&#8217;in sorunlar\u0131na dair \u00e7\u00f6z\u00fcm \u00f6nerileri geli\u015ftirdik. Genel merkeze alternatifleri sunuyoruz. Bunlar\u0131n i\u00e7erisinde akademisyenler, i\u015fadamlar\u0131 ve esnaflar var. Fakat Mersin&#8217;de hen\u00fcz il ba\u015fkan\u0131 kim olacak bilmiyorum. Bilmemem de laz\u0131m. Yaz aylar\u0131nda bu belirsizlik ortadan kalkacakt\u0131r.&#8221; dedi.<\/p>\n<p>Babao\u011flan T\u00fcrkiye&#8217;de merkez parti olmay\u0131 hedeflediklerini belirterek, &#8220;Ad\u0131m ad\u0131m y\u00fcr\u00fcyerek uzun soluklu, kal\u0131c\u0131 bir parti olmay\u0131 planl\u0131yor bunun i\u00e7in il ve il\u00e7e ba\u015fkan se\u00e7imlerinde ince eleyip s\u0131k dokuyoruz.&#8221; dedi.\u00a0<\/p>\n<p>&#8220;Mersin&#8217;e gelmek ba\u015fl\u0131ca problem&#8221;<br \/>\nGazetecilerin sorular\u0131na da cevap veren Genel Ba\u015fkan Yard\u0131mc\u0131s\u0131 Ali R\u0131za Babao\u011flan Mersin&#8217;deki en \u00f6nemli sorunun Mersin&#8217;e ula\u015f\u0131m oldu\u011funu belirterek, &#8220;Bir Mersinli olarak Mersin&#8217;de ki problemleri yak\u0131ndan biliyor ve tan\u0131k oluyorum. Mersin&#8217;de en b\u00fcy\u00fck problem ula\u015f\u0131m sorunu. \u00c7ukurova Havaliman\u0131\u2019n\u0131n \u00f6nemi ortaya \u00e7\u0131k\u0131yor ama maalesef temeli 2013 y\u0131l\u0131nda at\u0131lmas\u0131na ra\u011fmen halen bitirilmi\u015f de\u011fil. \u2018Altyap\u0131s\u0131 bitti, \u00fcst yap\u0131 \u00e7al\u0131\u015fmalar\u0131 ba\u015flad\u0131\u2019 diye diye y\u0131llard\u0131r Mersinliler avutuluyor. N\u00fcfusu 2 milyona yak\u0131n olup da havaliman\u0131na sahip olmayan tek kent Mersin\u2019dir. Farkl\u0131 b\u00f6lgelerde birbirine 50-60 km yak\u0131n illerde bile havaliman\u0131 varken \u00fclkenin ekonomi a\u00e7\u0131s\u0131ndan dinamo kentlerinden olan Mersin\u2019de bir havaliman\u0131 yok. Yine y\u0131llard\u0131r yaz aylar\u0131nda s\u00fcren bir \u00c7e\u015fmeli-Ta\u015fucu otoban \u00e7ilesi var. Yazlar\u0131 t\u0131kl\u0131m t\u0131kl\u0131m olan k\u0131\u015f aylar\u0131nda bo\u015f olan bu yol hem Mersinliler i\u00e7in hem de Mersin\u2019e g\u00fcn\u00fcbirlik gelen tatilciler i\u00e7in \u00e7ileye d\u00f6nm\u00fc\u015f durumda. Ciddi can kay\u0131plar\u0131 ya\u015fan\u0131yor. Ve burayla ilgili \u2018Ha bug\u00fcn ha yar\u0131n ihaleye \u00e7\u0131k\u0131ld\u0131\u2019 denilerek yine Mersinliler uyutuluyor. Mersin\u2019de ciddi bir betonla\u015fma problemi de var. Tar\u0131m alanlar\u0131n\u0131 betona kurban ediyoruz. T\u00fcrkiye\u2019de ve Mersin\u2019de paray\u0131 resmen betona g\u00f6m\u00fcyoruz. Bu Mersin\u2019in sanc\u0131l\u0131 konular\u0131ndan biridir. Mersin\u2019in en b\u00fcy\u00fck sorunlar\u0131ndan biri de plans\u0131zl\u0131k. Yap\u0131lan yat\u0131r\u0131mlar gelece\u011fi \u00f6nceleyen de\u011fil, g\u00fcn\u00fc kurtarmaya d\u00f6n\u00fck yat\u0131r\u0131mlar. H\u00fck\u00fcmetin Mersin i\u00e7in bir gelecek planlamas\u0131 yok. Mersin\u2019in tam olarak ne \u015fehri oldu\u011fuyla ilgili h\u00fck\u00fcmetin akl\u0131nda bir fikir yok. Mersin, tar\u0131m, sanayi ya da turizm \u015fehri mi? Buna g\u00f6re art\u0131k bir karar verilip \u015fehrin gelece\u011fi ona g\u00f6re planlanmal\u0131 Mersin\u2019de bir aidiyet duygusunu yerle\u015ftirmemiz laz\u0131m. Bir lobi g\u00fcc\u00fc yok Mersin\u2019in. Asl\u0131nda do\u011fru bir merkezi atama ve liyakat ile Mersin\u2019in sorunlar\u0131 \u00e7\u00f6z\u00fclebilir\u201d ifadelerini kulland\u0131.<br \/>\n&#8220;G\u00fcndemde tutulmas\u0131 gereken as\u0131l konu ekonomi, e\u011fitim ve i\u015fsizliktir&#8221;<br \/>\nGe\u00e7ici ve suni g\u00fcndemlerin i\u00e7erisinde Deva Partisi olarak bulunmad\u0131klar\u0131n\u0131 vurgulayan Babao\u011flan, &#8220;T\u00fcrkiye ekonomik anlamda \u00a0s\u0131k\u0131\u015f\u0131kl\u0131k ya\u015f\u0131yor. Bunun temelinde hem adalet hemde d\u00fcnyada ki alg\u0131m\u0131zla ilgili oldu\u011funu \u00e7ok net g\u00f6r\u00fcyoruz. T\u00fcrkiye art\u0131k kendi b\u00f6lgesine s\u0131k\u0131\u015ft\u0131r\u0131lm\u0131\u015f durumda, Siyaset\u00e7iler d\u00fcnya ekonomisinde T\u00fcrkiye 10. s\u0131rada diyorlar ama T\u00fcrkiye 10 b\u00fcy\u00fck \u00fclkenin konu\u015fuldu\u011fu masalada s\u00f6z sahibi olam\u0131yor hatta davet dahi edilmiyor. Akdeniz konusu ile dahi masan\u0131n neresinde oldu\u011fumuz belli de\u011fil. T\u00fcrkiye&#8217;nin 10. b\u00fcy\u00fck ekonomi s\u00f6yleminin ger\u00e7ekle e\u015fle\u015fmedi\u011fini g\u00f6r\u00fcyoruz. \u015eu anda her kanalda Ayasofya konusu tart\u0131\u015f\u0131l\u0131yor. G\u00fcndemde tutulmas\u0131 gereken as\u0131l konu ekonomi, e\u011fitim ve i\u015fsizliktir.&#8221; diye konu\u015ftu.<br \/>\n&#8220;Suriye konusu masada \u00e7\u00f6z\u00fcme kavu\u015fturulmal\u0131&#8221;<br \/>\nDeva Partisi olarak Suriye politikalar\u0131n\u0131 da belirten Babao\u011flan sorunun taraflar\u0131 ile masada konu\u015fmak gerekti\u011finin alt\u0131n\u0131 \u00e7izdi.<\/p>\n<p>Muhataplar ile ileti\u015fim halinde sorunun \u00e7\u00f6z\u00fclmesi gerekti\u011fine vurgu yapan Babao\u011flan, &#8220;Sorunun payda\u015flar\u0131yla konu\u015fmay\u0131 \u00e7\u00f6z\u00fcm olarak g\u00f6r\u00fcyoruz. S\u00f6ylem olarak de\u011fil eylem olarak harekete ge\u00e7memiz gerekiyor. Mersin&#8217;de de Suriyeli vatanda\u015flar\u0131n yo\u011fun bir \u015fekilde bulundu\u011funu ve ikamet etti\u011fini biliyoruz. Bunun T\u00fcrk insan\u0131 \u00fczerindeki etkileri ise yine ekonomik boyutlarda. \u00d6rne\u011fin Mersin&#8217;de konut fiyatlar\u0131n\u0131n artmas\u0131n\u0131n sebeplerinden biri de bu husus.&#8221; dedi.<\/p>\n<p>\u201cMERS\u0130N\u2019\u0130N SORUNU PLANSIZLIK!\u201d<\/p>\n<p>Mersin\u2019de y\u0131llard\u0131r devam eden ancak bir t\u00fcrl\u00fc bitirilemeyen yat\u0131r\u0131mlarla ilgili konu\u015fan DEVA Partisi\u2019nin Mersinli Genel Ba\u015fkan\u0131 Yard\u0131mc\u0131s\u0131 Ali R\u0131za Babao\u011flan, Mersin\u2019in en b\u00fcy\u00fck sorununun plans\u0131zl\u0131k oldu\u011funun alt\u0131n\u0131 \u00e7izerek, \u201cMersin\u2019in en b\u00fcy\u00fck sorunu asl\u0131na plans\u0131zl\u0131k. H\u00fck\u00fcmetin Mersin i\u00e7in bir gelecek planlamas\u0131 yok. Mersin\u2019in tam olarak ne \u015fehri oldu\u011fuyla ilgili h\u00fck\u00fcmetin akl\u0131nda bir fikir yok. Mersin, tar\u0131m, sanayi ya da turizm \u015fehri mi? Buna g\u00f6re art\u0131k bir karar verilip \u015fehrin gelece\u011fi ona g\u00f6re planlanmal\u0131.\u201d dedi.\u00a0<\/p>\n<p>T\u00dcRK\u0130YE\u2019DE MA\u00c7 OYNANIRKEN KURALLAR DE\u011e\u0130\u015eT\u0130R\u0130L\u0130YOR\u201d<\/p>\n<p>Ba\u015fka partililerle ittifak iddialar\u0131na da de\u011finen Babao\u011flan, \u201cDEVA Partisi, merkez parti olma iddias\u0131yla yola \u00e7\u0131km\u0131\u015f bir siyasi hareket. Biz herhangi bir siyasi partinin destek\u00e7isi veya eklentisi olmay\u0131 de\u011fil, kendi siyasetimizi olu\u015fturarak ona g\u00f6re yol almak istiyoruz. Biz kendimizi vatanda\u015flar\u0131m\u0131za anlatarak, yerelden genele bir siyasi anlay\u0131\u015fla gelece\u011fe y\u00fcr\u00fcmek istiyoruz. Kar\u015f\u0131m\u0131za \u00e7\u0131kacak problemlere g\u00f6re de pozisyon alaca\u011f\u0131m\u0131z\u0131 s\u00f6yleyebilirim. Biz bu yolu g\u00fc\u00e7l\u00fc y\u00fcr\u00fcmek istiyoruz. G\u00fcn\u00fcn sonunda kar\u015f\u0131m\u0131za ne \u00e7\u0131kacak onu bilemiyoruz tabi. Neticede art\u0131k T\u00fcrkiye\u2019de ma\u00e7 oynan\u0131rken kurallar de\u011fi\u015ftiriliyor. T\u00fcrkiye\u2019nin bulundu\u011fu nokta maalesef bu. E\u011fer se\u00e7imlerle ilgili bir de\u011fi\u015fiklik yaparlarsa emin olun bu DEVA Partisi\u2019nin \u00f6n\u00fcn\u00fc kesmek i\u00e7in yap\u0131lm\u0131\u015f bir hareket olur. Geldi\u011fimiz noktada \u00f6n\u00fcm\u00fcze engeller \u00e7\u0131karmaya \u00e7al\u0131\u015fabilirler. Bizim ise tek cevab\u0131m\u0131z daha \u00e7ok \u00e7al\u0131\u015fmak ve kendimizi daha \u00e7ok anlatmak olacak. Biz \u015fu anda hi\u00e7bir siyasi ittifak g\u00f6r\u00fc\u015fmelerinin i\u00e7erisinde de\u011filiz. Bizim A Plan\u0131m\u0131z var. Bu plan\u0131m\u0131z da en k\u0131sa s\u00fcrece en az 41 ilde te\u015fkilatlan\u0131p sonra il\u00e7e s\u00fcre\u00e7lerini devam ettirerek se\u00e7ime girecek \u015fekilde haz\u0131r olmak.\u201d dedi.\u00a0<\/p>\n<p>T\u00fcrkiye\u2019nin bas\u0131n \u00f6zg\u00fcrl\u00fc\u011f\u00fc a\u00e7\u0131s\u0131ndan karnesinin pek de iyi olmad\u0131\u011f\u0131n\u0131 ifade eden Babao\u011flan, \u201cBas\u0131n \u00f6zg\u00fcrl\u00fc\u011f\u00fcnde 195 \u00fclke aras\u0131nda 154. s\u0131raday\u0131z. \u0130nsanlar\u0131n d\u00fc\u015f\u00fcncelerinden dolay\u0131 hapse girdi\u011fi bir \u00fclkede bas\u0131n \u00f6zg\u00fcrl\u00fc\u011f\u00fcn\u00fc nas\u0131l sa\u011flayabiliriz ki. Bu konuda \u00e7ok k\u00f6t\u00fc durumday\u0131z. \u0130ktidara geldi\u011fimiz de hi\u00e7bir gazeteci i\u015fini yapt\u0131\u011f\u0131 gerek\u00e7esiyle hapse at\u0131lmayacak. \u0130nsanlar\u0131 sindirerek kendinizi sevdiremezsiniz\u201d dedi.<\/p>\n<p>Demokrasi ve At\u0131l\u0131m Partisi (DEVA) Genel Ba\u015fkan Yard\u0131mc\u0131s\u0131 Ali R\u0131za Babao\u011flan, Mersin\u2019de il te\u015fkilat\u0131 i\u00e7in g\u00f6r\u00fc\u015fmelerinde devam etti\u011fini ifade eden Babao\u011flan, \u201c\u0130l Te\u015fkilat\u0131 i\u00e7in Mersin ile ilgili s\u00fcre\u00e7 bitmi\u015f de\u011fil. Komisyon \u015feklinde aday olmak isteyen isimlerle g\u00f6r\u00fc\u015f\u00fcyoruz. Her bir il i\u00e7in 3 aday belirliyoruz. Genel Merkez kimin il ba\u015fkan\u0131 olaca\u011f\u0131na isti\u015fare sonucu karar veriyor. DEVA Partisi\u2019nden kararlar\u0131 tek bir isim alm\u0131yor. DEVA Partisi olarak T\u00fcrkiye siyasi tarihinden uzun y\u0131llar kal\u0131c\u0131 olmak i\u00e7in yola \u00e7\u0131kt\u0131k. Kendimizi sa\u011f ya da sol olarak de\u011fil de merkez partisi olarak tan\u0131ml\u0131yoruz. Mersin ve Adana\u2019da listeler son halini almad\u0131\u011f\u0131 i\u00e7in biraz daha s\u00fcrebilir. Adana\u2019n\u0131n daha \u00f6nce a\u00e7\u0131klanmas\u0131n\u0131 bekliyoruz. \u00c7ok k\u0131sa bir s\u00fcrede di\u011fer il ba\u015fkanlar\u0131m\u0131z\u0131 da atad\u0131\u011f\u0131m\u0131z\u0131 g\u00f6receksiniz. \u00a0Mersin\u2019de \u00e7ok say\u0131da i\u015f insan\u0131 ile g\u00f6r\u00fc\u015ft\u00fck. Ciddi bir ba\u015fvuru vard\u0131. Bizim talebimizle olan g\u00f6r\u00fc\u015fmeler de oldu. Onlar\u0131n talebiyle olan g\u00f6r\u00fc\u015fmelerimiz oldu. Mersin il ba\u015fkan\u0131n\u0131n kimin olaca\u011f\u0131n\u0131 inan\u0131n hen\u00fcz ben de bilmiyorum. Zaten bunu bilmemem de gerekir. Do\u011fru olan da bu. Biz lider de\u011fil, kadro hareketiyiz. \u0130l Ba\u015fkan\u0131n\u0131n kimin olaca\u011f\u0131na benim de\u011fil Mersinlilerin karar vermesi laz\u0131m. Bu g\u00f6r\u00fc\u015fmeleri bu y\u00fczden yap\u0131yoruz. Her kesimden insan\u0131n g\u00f6r\u00fc\u015f\u00fcn\u00fc al\u0131yoruz. Olabildi\u011fince her kesimin \u00fczerinde mutab\u0131k oldu\u011fu bir ismi belirlemeye \u00e7al\u0131\u015f\u0131yoruz. Bunlar i\u00e7erisinde akademisyenler, i\u015f insan\u0131 ve esnaf var. Bunlarla g\u00f6r\u00fc\u015fme halindeyiz ve s\u00fcre\u00e7 bitmi\u015f de\u011fil. Yaz aylar\u0131 i\u00e7erisinde Mersin il ba\u015fkan\u0131m\u0131z\u0131 atam\u0131\u015f olaca\u011f\u0131z\u201d diye konu\u015ftu.\u00a0<br \/>\n0 oldu\u011funu ve Mersin\u2019i \u00e7ok iyi bildi\u011fini ve sorunlar\u0131na da hakim oldu\u011funu vurgulayan DEVA Partisi Genel Ba\u015fkan Yard\u0131mc\u0131s\u0131 Ali R\u0131za Babao\u011flan, \u201cMersin\u2019i \u00e7ok iyi biliyorum. 2004 y\u0131l\u0131na kadar bir fill bu kentte ya\u015fad\u0131m, sonras\u0131nda \u00fcniversite e\u011fitimi i\u00e7in Ankara\u2019ya gittim fakat \u00e7ekirdek ailem ile geni\u015f ailem hep Mersin\u2019de. Dolay\u0131s\u0131yla Mersin ile g\u00fc\u00e7l\u00fc bir ba\u011f\u0131m var. Son 15 y\u0131ld\u0131r, her y\u0131l 3-4 ay burada ge\u00e7iriyorum. Asl\u0131nda do\u011fru bir merkezi atama ve liyakat ile Mersin\u2019in sorunlar\u0131 \u00e7\u00f6z\u00fclebilir.\u201d ifadelerini kulland\u0131.<\/p>\n","protected":false},"excerpt":{"rendered":"<p>\u201cT\u00fcrkiye&#8217;nin 10. b\u00fcy\u00fck ekonomi s\u00f6yleminin ger\u00e7ekle e\u015fle\u015fmedi\u011fini g\u00f6r\u00fcyoruz. \u015eu anda her kanalda Ayasofya konusu tart\u0131\u015f\u0131l\u0131yor. G\u00fcndemde tutulmas\u0131 gereken as\u0131l konu ekonomi, e\u011fitim ve i\u015fsizliktir.&#8221; Demokrasi ve At\u0131l\u0131m Partisi Halkla \u0130li\u015fkilerden &hellip; <a href=\"https:\/\/akdenizolaygazetesi.com\/?p=7565\" class=\"more-link\">Devam\u0131n\u0131 Oku&#8230;<\/a><\/p>\n","protected":false},"author":1,"featured_media":0,"comment_status":"open","ping_status":"open","sticky":false,"template":"","format":"standard","meta":[],"categories":[],"tags":[],"_links":{"self":[{"href":"https:\/\/akdenizolaygazetesi.com\/index.php?rest_route=\/wp\/v2\/posts\/7565"}],"collection":[{"href":"https:\/\/akdenizolaygazetesi.com\/index.php?rest_route=\/wp\/v2\/posts"}],"about":[{"href":"https:\/\/akdenizolaygazetesi.com\/index.php?rest_route=\/wp\/v2\/types\/post"}],"author":[{"embeddable":true,"href":"https:\/\/akdenizolaygazetesi.com\/index.php?rest_route=\/wp\/v2\/users\/1"}],"replies":[{"embeddable":true,"href":"https:\/\/akdenizolaygazetesi.com\/index.php?rest_route=%2Fwp%2Fv2%2Fcomments&post=7565"}],"version-history":[{"count":0,"href":"https:\/\/akdenizolaygazetesi.com\/index.php?rest_route=\/wp\/v2\/posts\/7565\/revisions"}],"wp:attachment":[{"href":"https:\/\/akdenizolaygazetesi.com\/index.php?rest_route=%2Fwp%2Fv2%2Fmedia&parent=7565"}],"wp:term":[{"taxonomy":"category","embeddable":true,"href":"https:\/\/akdenizolaygazetesi.com\/index.php?rest_route=%2Fwp%2Fv2%2Fcategories&post=7565"},{"taxonomy":"post_tag","embeddable":true,"href":"https:\/\/akdenizolaygazetesi.com\/index.php?rest_route=%2Fwp%2Fv2%2Ftags&post=7565"}],"curies":[{"name":"wp","href":"https:\/\/api.w.org\/{rel}","templated":true}]}}