{"id":7604,"date":"2020-11-04T18:28:04","date_gmt":"2020-11-04T15:28:04","guid":{"rendered":"http:\/\/mersinekonomipolitikagazetesi.com\/?p=7604"},"modified":"2020-11-04T18:28:04","modified_gmt":"2020-11-04T15:28:04","slug":"mersinde-atlari-kim-kurtaracak","status":"publish","type":"post","link":"https:\/\/akdenizolaygazetesi.com\/?p=7604","title":{"rendered":"MERS\u0130N\u2019DE  AT\u2019LARI K\u0130M  KURTARACAK?"},"content":{"rendered":"<p>\u0130stanbul B\u00fcy\u00fck\u015fehir Belediye Ba\u015fkan\u0131 Ekrem \u0130mamo\u011flu, Adalar&#8217;da faytonlar\u0131n yasaklanmas\u0131n\u0131n ard\u0131ndan sat\u0131n ald\u0131klar\u0131 atlar\u0131 sahiplendirmeye ba\u015flad\u0131klar\u0131n\u0131 duyurmu\u015ftu\u00a0<br \/>\nAdalar\u2019da bulunan atlar \u0130stanbul B\u00fcy\u00fck\u015fehir Belediyesi taraf\u0131ndan sat\u0131n al\u0131nm\u0131\u015ft\u0131. Sat\u0131n al\u0131nan atlar sa\u011fl\u0131k kontrollerinin tamamlanmas\u0131n\u0131n ard\u0131ndan sahiplendirilmeye ba\u015fland\u0131.<\/p>\n<p>MERS\u0130N\u2019DE DE AT\u2019LARI BU ZAL\u0130ML\u0130KTEN KURTARALIM!\u00a0<\/p>\n<p>At ve at arabas\u0131 sorunu Mersin&#8217;de de y\u0131llard\u0131r \u00e7\u00f6z\u00fclemeyen bir sorun olarak duruyor.<br \/>\nYasak oldu\u011fu halde \u015fehir i\u00e7inde at arabas\u0131 ile ta\u015f\u0131mac\u0131l\u0131k yap\u0131lmas\u0131na Mersinliler tepki g\u00f6stererek, &#8220;At arabalar\u0131 g\u00f6r\u00fcnt\u00fc ve \u00e7evre kirlili\u011fi yarat\u0131yor. Daha da k\u00f6t\u00fcs\u00fc atlara i\u015fkence \u00e7ektiriliyor. \u0130stanbul B\u00fcy\u00fck\u015fehir Belediyesi bu soruna bir \u00e7\u00f6z\u00fcm \u00fcretti. Atlar\u0131 bu zul\u00fcmden kurtard\u0131lar. Bizde ise hi\u00e7 bir ba\u015fkan bu soruna bir \u00e7\u00f6z\u00fcm \u00fcretemiyor ya da umursam\u0131yor. Atlar\u0131 bu zalimlikten kurtaral\u0131m.&#8221; dediler.<\/p>\n","protected":false},"excerpt":{"rendered":"<p>\u0130stanbul B\u00fcy\u00fck\u015fehir Belediye Ba\u015fkan\u0131 Ekrem \u0130mamo\u011flu, Adalar&#8217;da faytonlar\u0131n yasaklanmas\u0131n\u0131n ard\u0131ndan sat\u0131n ald\u0131klar\u0131 atlar\u0131 sahiplendirmeye ba\u015flad\u0131klar\u0131n\u0131 duyurmu\u015ftu\u00a0 Adalar\u2019da bulunan atlar \u0130stanbul B\u00fcy\u00fck\u015fehir Belediyesi taraf\u0131ndan sat\u0131n al\u0131nm\u0131\u015ft\u0131. Sat\u0131n al\u0131nan atlar sa\u011fl\u0131k kontrollerinin &hellip; <a href=\"https:\/\/akdenizolaygazetesi.com\/?p=7604\" class=\"more-link\">Devam\u0131n\u0131 Oku&#8230;<\/a><\/p>\n","protected":false},"author":1,"featured_media":0,"comment_status":"open","ping_status":"open","sticky":false,"template":"","format":"standard","meta":[],"categories":[],"tags":[],"_links":{"self":[{"href":"https:\/\/akdenizolaygazetesi.com\/index.php?rest_route=\/wp\/v2\/posts\/7604"}],"collection":[{"href":"https:\/\/akdenizolaygazetesi.com\/index.php?rest_route=\/wp\/v2\/posts"}],"about":[{"href":"https:\/\/akdenizolaygazetesi.com\/index.php?rest_route=\/wp\/v2\/types\/post"}],"author":[{"embeddable":true,"href":"https:\/\/akdenizolaygazetesi.com\/index.php?rest_route=\/wp\/v2\/users\/1"}],"replies":[{"embeddable":true,"href":"https:\/\/akdenizolaygazetesi.com\/index.php?rest_route=%2Fwp%2Fv2%2Fcomments&post=7604"}],"version-history":[{"count":0,"href":"https:\/\/akdenizolaygazetesi.com\/index.php?rest_route=\/wp\/v2\/posts\/7604\/revisions"}],"wp:attachment":[{"href":"https:\/\/akdenizolaygazetesi.com\/index.php?rest_route=%2Fwp%2Fv2%2Fmedia&parent=7604"}],"wp:term":[{"taxonomy":"category","embeddable":true,"href":"https:\/\/akdenizolaygazetesi.com\/index.php?rest_route=%2Fwp%2Fv2%2Fcategories&post=7604"},{"taxonomy":"post_tag","embeddable":true,"href":"https:\/\/akdenizolaygazetesi.com\/index.php?rest_route=%2Fwp%2Fv2%2Ftags&post=7604"}],"curies":[{"name":"wp","href":"https:\/\/api.w.org\/{rel}","templated":true}]}}