{"id":7605,"date":"2020-11-04T18:28:05","date_gmt":"2020-11-04T15:28:05","guid":{"rendered":"http:\/\/mersinekonomipolitikagazetesi.com\/?p=7605"},"modified":"2020-11-04T18:28:05","modified_gmt":"2020-11-04T15:28:05","slug":"cocugunun-yaninda-vurulan-kadinin-feryadi-cikarsa-beni-oldurecek","status":"publish","type":"post","link":"https:\/\/akdenizolaygazetesi.com\/?p=7605","title":{"rendered":"\u00c7ocu\u011funun yan\u0131nda vurulan kad\u0131n\u0131n feryad\u0131: &#8220;\u00c7\u0131karsa beni \u00f6ld\u00fcrecek&#8221;"},"content":{"rendered":"<p>Mersin&#8217;de 7 ay \u00f6nce sokak ortas\u0131nda 2 \u00e7ocuk annesi eski kar\u0131s\u0131n\u0131 pompal\u0131 t\u00fcfekle vurup, a\u011f\u0131r yaralayan san\u0131\u011f\u0131n yarg\u0131lanmas\u0131na devam edildi. San\u0131\u011f\u0131n d\u0131\u015far\u0131 \u00e7\u0131kmas\u0131ndan korkan Hatun K., &#8220;\u00c7\u0131k\u0131nca beni \u00f6ld\u00fcrecek. \u00c7ocuklar\u0131m i\u00e7in korkuyorum. Geceleri uyku uyuyam\u0131yorum&#8221; dedi.<br \/>\n\u00a0<br \/>\nMersin 4. A\u011f\u0131r Ceza Mahkemesindeki duru\u015fmaya tutuklu san\u0131k \u00d6zkan Y. SEGB\u0130S ile kat\u0131l\u0131rken, korona vir\u00fcs salg\u0131n\u0131 dolay\u0131s\u0131yla mahkeme salonuna sadece ma\u011fdur Hatun K., tan\u0131klar ve taraf avukatlar\u0131 kat\u0131ld\u0131. Hatun K.&#8217;n\u0131n avukatlar\u0131 \u00d6zkan Y.&#8217;nin k\u0131z karde\u015finin g\u00f6nderdi\u011fi tehdit i\u00e7erikli &#8220;Abimi tan\u0131yorsam i\u015fini yar\u0131m b\u0131rakmaz&#8221; yaz\u0131l\u0131 mesajlar\u0131 delil olarak sundu.\u00a0<\/p>\n<p>&#8220;\u00c7\u0131k\u0131nca beni \u00f6ld\u00fcrecek&#8221;<br \/>\n\u00a0<br \/>\nDuru\u015fmada konu\u015fan Hatun K, san\u0131\u011f\u0131n d\u0131\u015far\u0131 \u00e7\u0131kmamas\u0131n\u0131 isteyerek, &#8220;\u00c7\u0131k\u0131nca beni \u00f6ld\u00fcrecek. \u00c7ocuklar\u0131m i\u00e7in korkuyorum. Geceleri uyku uyuyam\u0131yorum&#8221; diye konu\u015ftu.\u00a0<br \/>\nSan\u0131k \u00d6zkan Y. ise 14 ayd\u0131r tutuklu oldu\u011funu, \u00e7ocuklar\u0131n\u0131 g\u00f6remedi\u011fini belirterek, tahliyesini istedi. Eski e\u015finin konu\u015fmas\u0131 s\u0131ras\u0131nda g\u00f6zya\u015flar\u0131na bo\u011fulan Hatun K., polis ve avukatlar\u0131n yard\u0131m\u0131 ile salondan \u00e7\u0131kar\u0131ld\u0131.\u00a0<br \/>\nSan\u0131k avukat\u0131, m\u00fcvekkilinin \u00f6ld\u00fcrme kast\u0131n\u0131n olmad\u0131\u011f\u0131n\u0131 dile getirerek, isteseydi bu eylemi ger\u00e7ekle\u015ftirebilece\u011fini s\u00f6yledi.\u00a0<br \/>\nMahkeme heyeti de dosyadaki eksikliklerin giderilmesi i\u00e7in duru\u015fmay\u0131 15 Eyl\u00fcl&#8217;e erteledi.\u00a0<\/p>\n<p>Olay\u0131n ge\u00e7mi\u015fi<br \/>\n\u00a0<br \/>\nMerkez Toroslar il\u00e7esi Arpa\u00e7 Sakarlar mevkisinde 27 May\u0131s 2019 tarihinde meydana gelen olayda, iddiaya g\u00f6re \u00d6zkan Y, velayeti 2 y\u0131l \u00f6nce bo\u015fand\u0131\u011f\u0131 Hatun K.&#8217;da olan k\u0131z\u0131n\u0131 bayram al\u0131\u015fveri\u015fine g\u00f6t\u00fcrmek istedi. Bunun \u00fczerine ikili otogar yak\u0131nlar\u0131nda bulu\u015ftu. Hatun K., k\u0131z\u0131yla birlikte eski e\u015finin otomobiline bindi. \u00d6zkan Y.&#8217;nin bar\u0131\u015f\u0131p yeniden bir araya gelme teklifinde bulunmas\u0131 \u00fczerine ikili tart\u0131\u015fmaya ba\u015flad\u0131. Bu s\u0131rada zanl\u0131 otomobili \u0131ss\u0131z bir y\u00f6ne do\u011fru s\u00fcrmeye ba\u015flad\u0131. Durumdan \u015f\u00fcphelenen Hatun K., yava\u015flayan ara\u00e7tan inip ka\u00e7maya ba\u015flad\u0131. Bunun \u00fczerine \u015fah\u0131s, yan\u0131nda getirdi\u011fi pompal\u0131 t\u00fcfek ile ma\u011fdur kad\u0131na 3 el ate\u015f etti. Sa\u011f aya\u011f\u0131ndan vurularak yaralanan kad\u0131n, hastaneye kald\u0131r\u0131ld\u0131. Polis taraf\u0131ndan yakalanan \u00d6zkan Y. ise tutuklanarak cezaevine g\u00f6nderildi. \u00a0\u00a0<\/p>\n","protected":false},"excerpt":{"rendered":"<p>Mersin&#8217;de 7 ay \u00f6nce sokak ortas\u0131nda 2 \u00e7ocuk annesi eski kar\u0131s\u0131n\u0131 pompal\u0131 t\u00fcfekle vurup, a\u011f\u0131r yaralayan san\u0131\u011f\u0131n yarg\u0131lanmas\u0131na devam edildi. San\u0131\u011f\u0131n d\u0131\u015far\u0131 \u00e7\u0131kmas\u0131ndan korkan Hatun K., &#8220;\u00c7\u0131k\u0131nca beni \u00f6ld\u00fcrecek. \u00c7ocuklar\u0131m &hellip; <a href=\"https:\/\/akdenizolaygazetesi.com\/?p=7605\" class=\"more-link\">Devam\u0131n\u0131 Oku&#8230;<\/a><\/p>\n","protected":false},"author":1,"featured_media":0,"comment_status":"open","ping_status":"open","sticky":false,"template":"","format":"standard","meta":[],"categories":[],"tags":[],"_links":{"self":[{"href":"https:\/\/akdenizolaygazetesi.com\/index.php?rest_route=\/wp\/v2\/posts\/7605"}],"collection":[{"href":"https:\/\/akdenizolaygazetesi.com\/index.php?rest_route=\/wp\/v2\/posts"}],"about":[{"href":"https:\/\/akdenizolaygazetesi.com\/index.php?rest_route=\/wp\/v2\/types\/post"}],"author":[{"embeddable":true,"href":"https:\/\/akdenizolaygazetesi.com\/index.php?rest_route=\/wp\/v2\/users\/1"}],"replies":[{"embeddable":true,"href":"https:\/\/akdenizolaygazetesi.com\/index.php?rest_route=%2Fwp%2Fv2%2Fcomments&post=7605"}],"version-history":[{"count":0,"href":"https:\/\/akdenizolaygazetesi.com\/index.php?rest_route=\/wp\/v2\/posts\/7605\/revisions"}],"wp:attachment":[{"href":"https:\/\/akdenizolaygazetesi.com\/index.php?rest_route=%2Fwp%2Fv2%2Fmedia&parent=7605"}],"wp:term":[{"taxonomy":"category","embeddable":true,"href":"https:\/\/akdenizolaygazetesi.com\/index.php?rest_route=%2Fwp%2Fv2%2Fcategories&post=7605"},{"taxonomy":"post_tag","embeddable":true,"href":"https:\/\/akdenizolaygazetesi.com\/index.php?rest_route=%2Fwp%2Fv2%2Ftags&post=7605"}],"curies":[{"name":"wp","href":"https:\/\/api.w.org\/{rel}","templated":true}]}}