{"id":7624,"date":"2020-11-04T18:28:05","date_gmt":"2020-11-04T15:28:05","guid":{"rendered":"http:\/\/mersinekonomipolitikagazetesi.com\/?p=7624"},"modified":"2020-11-04T18:28:05","modified_gmt":"2020-11-04T15:28:05","slug":"guvenlik-guclerine-teslim-olan-orgut-mensubu-mersindeki-ailesiyle-bulusturuldu","status":"publish","type":"post","link":"https:\/\/akdenizolaygazetesi.com\/?p=7624","title":{"rendered":"G\u00fcvenlik g\u00fc\u00e7lerine teslim olan \u00f6rg\u00fct mensubu Mersin&#8217;deki ailesiyle bulu\u015fturuldu"},"content":{"rendered":"<p><span style=\"line-height: 1.6em;\">\u00a0G\u00fcvenlik g\u00fc\u00e7lerince yap\u0131lan ikna \u00e7abalar\u0131 sonucu teslim olan ter\u00f6r \u00f6rg\u00fct\u00fc \u00fcyesi gen\u00e7, Mersin&#8217;deki ailesiyle bulu\u015fturuldu.\u00a0<\/span><\/p>\n<p>\u0130l Emniyet M\u00fcd\u00fcrl\u00fc\u011f\u00fcnden yap\u0131lan a\u00e7\u0131klamada, Ter\u00f6rle M\u00fccadele \u015eube M\u00fcd\u00fcrl\u00fc\u011f\u00fc taraf\u0131ndan T\u00fcrkiye Cumhuriyeti Devleti\u2019nin ulusal g\u00fcvenli\u011fini ve kamu d\u00fczenini tehdit eden ter\u00f6r \u00f6rg\u00fctlerinin faaliyetlerinin de\u015fifre edilmesi, kand\u0131r\u0131larak ailelerinden kopar\u0131lan gen\u00e7 ve \u00e7ocuklar\u0131n tekrar topluma kazand\u0131r\u0131lmas\u0131, \u00f6rg\u00fctler i\u00e7erisinde masumane gibi g\u00f6r\u00fcnen faaliyetlerle \u00e7ocuk ve gen\u00e7lerin kand\u0131r\u0131lmalar\u0131n\u0131n \u00f6nlenmesi, \u00f6rg\u00fcte kat\u0131lanlar\u0131n teslim olmalar\u0131 konusunda ikna \u00e7al\u0131\u015fmalar\u0131n\u0131n y\u00fcr\u00fct\u00fclmesi ve ceza infaz kurumlar\u0131nda kalan \u00f6rg\u00fct mensuplar\u0131n\u0131n topluma kazand\u0131r\u0131lmas\u0131 amac\u0131yla aile ve birey g\u00f6r\u00fc\u015fmeleri yap\u0131ld\u0131\u011f\u0131 belirtildi.\u00a0<br \/>\nBu kapsamda yap\u0131lan g\u00f6r\u00fc\u015fmeler neticesinde, 8 y\u0131ld\u0131r ter\u00f6r \u00f6rg\u00fct\u00fc saflar\u0131nda yer alan S.Y. (30) adl\u0131 \u00f6rg\u00fct mensubunun teslim olmas\u0131n\u0131n sa\u011fland\u0131\u011f\u0131 ifade edilirken, \u015fahs\u0131n, 13 Temmuz g\u00fcn\u00fc Ter\u00f6rle M\u00fccadele \u015eube M\u00fcd\u00fcrl\u00fc\u011f\u00fcne davet edilen ailesiyle bulu\u015fturuldu\u011fu kaydedildi.\u00a0<br \/>\n\u00d6rg\u00fctten bir ka\u00e7 kez ka\u00e7mak isteyen S.Y.&#8217;nin ancak s\u00fcrekli tehdit edilince ka\u00e7amad\u0131\u011f\u0131 \u00f6\u011frenildi.\u00a0<br \/>\nAilesiyle g\u00f6r\u00fc\u015ft\u00fcr\u00fclen S.Y.&#8217;nin i\u015flemleri tamamlan\u0131ncaya kadar g\u00f6zalt\u0131nda tutulaca\u011f\u0131 belirtildi.\u00a0<\/p>\n","protected":false},"excerpt":{"rendered":"<p>\u00a0G\u00fcvenlik g\u00fc\u00e7lerince yap\u0131lan ikna \u00e7abalar\u0131 sonucu teslim olan ter\u00f6r \u00f6rg\u00fct\u00fc \u00fcyesi gen\u00e7, Mersin&#8217;deki ailesiyle bulu\u015fturuldu.\u00a0 \u0130l Emniyet M\u00fcd\u00fcrl\u00fc\u011f\u00fcnden yap\u0131lan a\u00e7\u0131klamada, Ter\u00f6rle M\u00fccadele \u015eube M\u00fcd\u00fcrl\u00fc\u011f\u00fc taraf\u0131ndan T\u00fcrkiye Cumhuriyeti Devleti\u2019nin ulusal g\u00fcvenli\u011fini &hellip; <a href=\"https:\/\/akdenizolaygazetesi.com\/?p=7624\" class=\"more-link\">Devam\u0131n\u0131 Oku&#8230;<\/a><\/p>\n","protected":false},"author":1,"featured_media":0,"comment_status":"open","ping_status":"open","sticky":false,"template":"","format":"standard","meta":[],"categories":[],"tags":[],"_links":{"self":[{"href":"https:\/\/akdenizolaygazetesi.com\/index.php?rest_route=\/wp\/v2\/posts\/7624"}],"collection":[{"href":"https:\/\/akdenizolaygazetesi.com\/index.php?rest_route=\/wp\/v2\/posts"}],"about":[{"href":"https:\/\/akdenizolaygazetesi.com\/index.php?rest_route=\/wp\/v2\/types\/post"}],"author":[{"embeddable":true,"href":"https:\/\/akdenizolaygazetesi.com\/index.php?rest_route=\/wp\/v2\/users\/1"}],"replies":[{"embeddable":true,"href":"https:\/\/akdenizolaygazetesi.com\/index.php?rest_route=%2Fwp%2Fv2%2Fcomments&post=7624"}],"version-history":[{"count":0,"href":"https:\/\/akdenizolaygazetesi.com\/index.php?rest_route=\/wp\/v2\/posts\/7624\/revisions"}],"wp:attachment":[{"href":"https:\/\/akdenizolaygazetesi.com\/index.php?rest_route=%2Fwp%2Fv2%2Fmedia&parent=7624"}],"wp:term":[{"taxonomy":"category","embeddable":true,"href":"https:\/\/akdenizolaygazetesi.com\/index.php?rest_route=%2Fwp%2Fv2%2Fcategories&post=7624"},{"taxonomy":"post_tag","embeddable":true,"href":"https:\/\/akdenizolaygazetesi.com\/index.php?rest_route=%2Fwp%2Fv2%2Ftags&post=7624"}],"curies":[{"name":"wp","href":"https:\/\/api.w.org\/{rel}","templated":true}]}}