{"id":7645,"date":"2020-11-04T18:28:08","date_gmt":"2020-11-04T15:28:08","guid":{"rendered":"http:\/\/mersinekonomipolitikagazetesi.com\/?p=7645"},"modified":"2020-11-04T18:28:08","modified_gmt":"2020-11-04T15:28:08","slug":"kiziltan-vergi-ve-sicil-affi-ile-ekonominin-onu-acilabilir","status":"publish","type":"post","link":"https:\/\/akdenizolaygazetesi.com\/?p=7645","title":{"rendered":"K\u0131z\u0131ltan: &#8220;Vergi ve  sicil aff\u0131 ile ekonominin \u00f6n\u00fc a\u00e7\u0131labilir&#8221;"},"content":{"rendered":"<p>Mersin Ticaret ve Sanayi Odas\u0131 (MTSO) Ba\u015fkan\u0131 Ayhan K\u0131z\u0131ltan, KOB\u0130\u2019leri koruman\u0131n \u00fclke ekonomisini ve sosyal huzuru koruma anlam\u0131na gelece\u011fini belirterek, bu anlamda firmalar\u0131n vergi ve kredi bor\u00e7lar\u0131n\u0131n ciddi boyutlarda birikti\u011fini, yeni bir vergi ve sicil aff\u0131 \u00e7\u0131kar\u0131lmas\u0131yla ekonominin \u00f6n\u00fcn\u00fcn a\u00e7\u0131labilece\u011fini s\u00f6yledi.\u00a0<br \/>\nK\u0131z\u0131ltan, yapt\u0131\u011f\u0131 yaz\u0131l\u0131 a\u00e7\u0131klamada, Ticaret Bakan\u0131 Ruhsar Pekcan\u2019\u0131n esnaf\u0131n takipteki kredilerinin yap\u0131land\u0131r\u0131laca\u011f\u0131na y\u00f6nelik a\u00e7\u0131klamalar\u0131n\u0131n ard\u0131ndan TOBB \u00fcyesi firmalar i\u00e7in de yeni bir yap\u0131land\u0131rma form\u00fcl\u00fc beklediklerini ifade ederek, kamunun i\u015f d\u00fcnyas\u0131na bor\u00e7lar\u0131n\u0131 \u00f6demesi i\u00e7in f\u0131rsat olu\u015fturmas\u0131 gerekti\u011fini vurgulad\u0131.<br \/>\n\u00a0<br \/>\n\u201cKOB\u0130\u2019leri korumak hem ekonomiyi hem de sosyal huzuru korumakt\u0131r\u201d<br \/>\n\u00a0<br \/>\nT\u00fcrkiye ekonomisinin, pandemi s\u00fcrecinden \u00e7ok daha \u00f6nce ba\u015flayan bir ekonomik sorunla kar\u015f\u0131 kar\u015f\u0131ya kald\u0131\u011f\u0131n\u0131 savunan K\u0131z\u0131ltan, &#8220;Pandemi sadece bu sorunlar\u0131n daha da keskinle\u015fmesine ve zirve yapmas\u0131na neden olmu\u015ftur. Pandemi s\u00fcreciyle ba\u015flayan k\u00fcresel daralma ve ihracat kay\u0131plar\u0131, turizm kay\u0131plar\u0131 ve yurt i\u00e7indeki ekonomik hareketlili\u011fin birka\u00e7 sekt\u00f6r d\u0131\u015f\u0131nda neredeyse tamamen durmas\u0131, bunlar zaten son birka\u00e7 y\u0131ld\u0131r ya\u015fanan ekonomik sorunlar\u0131m\u0131z\u0131 daha da kronik hale getirdi. Kepenk a\u00e7amayan esnaf, \u00fcretmeyen ve ihracat yapamayan firmalar vergilerini, kredilerini ve bir\u00e7ok \u00f6demelerini yapamaz duruma geldi. Pandemi ilan\u0131 sonras\u0131 al\u0131nan kamu tedbirleri nefes ald\u0131rsa da ertelenen bor\u00e7lar\u0131n \u00f6deme vakti geldi \u00e7att\u0131 ve i\u015f d\u00fcnyas\u0131 b\u0131rak\u0131n kazanmay\u0131, kay\u0131plar\u0131 bile telafi edemeden bir \u00f6deme stresine girdi&#8221; dedi. Bunun yan\u0131nda sicil sorunlar\u0131 nedeniyle kredi almakta zorluk \u00e7eken firmalar\u0131n ayakta duracak krediye de ula\u015famaz durumda oldu\u011funu \u00f6ne s\u00fcren K\u0131z\u0131ltan, \u015f\u00f6yle devam etti; &#8220;Esnaf i\u00e7in bir haz\u0131rl\u0131k yap\u0131l\u0131yor, baz\u0131 erteleme ve aflar s\u00f6z konusu. Bu nedenle hen\u00fcz tam anlam\u0131yla i\u015fine d\u00f6nemeyen i\u015f d\u00fcnyas\u0131 i\u00e7in, T\u00fcrkiye Odalar Borsalar Birli\u011fi \u00fcyesi firmalar i\u00e7in de kredi, muhtasar, vergi gibi \u00f6demelerin faizsiz \u015fekilde 2021 y\u0131l\u0131 i\u00e7erisinde yap\u0131land\u0131r\u0131lacak \u015fekilde d\u00fczenlenme yap\u0131lmas\u0131 ve sicil aff\u0131n\u0131n \u00e7\u0131kart\u0131lmas\u0131 hayati bir konudur. Sonunda istihdam\u0131 da ilgilendiren ciddi bir sosyal sorunun oldu\u011fu unutulmamal\u0131d\u0131r. \u0130\u015f d\u00fcnyas\u0131 \u00f6z kaynaklar\u0131n\u0131 ciddi \u015fekilde kullanarak istihdam\u0131 korumu\u015f ve b\u00fcy\u00fck bir fedakarl\u0131k yapm\u0131\u015ft\u0131r. Bu anlamda KOB\u0130\u2019leri korumak hem \u00fclke ekonomisini korumak hem de sosyal huzuru korumakt\u0131r. Vergi borcunda ciddi birikme var ve s\u00fcre\u00e7 uzad\u0131k\u00e7a bu hem firmalar i\u00e7in hem de kamu i\u00e7in i\u00e7inden daha da \u00e7\u0131k\u0131lmaz hale gelecek. En k\u0131sa zamanda \u00e7\u0131kar\u0131lacak yeni bir vergi ve sicil aff\u0131 ile \u00f6ncelikli olarak ekonominin \u00f6n\u00fc a\u00e7\u0131lacakt\u0131r. Kamu, bu bor\u00e7lar\u0131n \u00f6denmesi i\u00e7in f\u0131rsat olu\u015fturmal\u0131d\u0131r.&#8221;\u00a0<\/p>\n<p>&#8220;Mersin, vergi tahsilat\u0131nda T\u00fcrkiye 5\u2019incisi&#8221;<br \/>\n\u00a0<br \/>\nT\u00fcrkiye&#8217;de tahsilat\/tahakkuk oran\u0131n\u0131n 2020 y\u0131l\u0131nda ciddi \u015fekilde tahribata u\u011frad\u0131\u011f\u0131n\u0131 savunan K\u0131z\u0131ltan, &#8220;Bu tahribat\u0131 engellemenin yolu i\u015f d\u00fcnyas\u0131n\u0131n u\u011frad\u0131\u011f\u0131 tahribat\u0131 engellemek, i\u015f d\u00fcnyas\u0131n\u0131n \u00f6n\u00fcn\u00fc a\u00e7makt\u0131r. \u00d6zellikle Mersin i\u015f d\u00fcnyas\u0131 olarak \u015funu gururla ifade etmek isterim; Mersin 2020 y\u0131l\u0131 vergi tahakkuk\/ tahsilat oran\u0131nda T\u00fcrkiye 7\u2019incisi, ama tahsilat miktar\u0131yla T\u00fcrkiye 5\u2019inci olarak \u00fclkesine katk\u0131 vermeye devam etmi\u015ftir. E\u011fer verdi\u011fin vergi ekonomik b\u00fcy\u00fckl\u00fckte bir kriterse, bu anlamda Mersin, T\u00fcrkiye\u2019nin en b\u00fcy\u00fck 5\u2019inci ekonomisidir. Mersin her zaman kamu yat\u0131r\u0131mlar\u0131 olarak ald\u0131\u011f\u0131ndan fazlas\u0131n\u0131 devletine ve milletine veren olmu\u015ftur ve bundan gurur duymaktad\u0131r. Bu anlamda Mersin i\u015f d\u00fcnyas\u0131n\u0131n b\u00fcy\u00fck k\u00fc\u00e7\u00fck her bir firmas\u0131n\u0131, giri\u015fimcisini kutluyorum&#8221; diye konu\u015ftu. \u00a0<\/p>\n","protected":false},"excerpt":{"rendered":"<p>Mersin Ticaret ve Sanayi Odas\u0131 (MTSO) Ba\u015fkan\u0131 Ayhan K\u0131z\u0131ltan, KOB\u0130\u2019leri koruman\u0131n \u00fclke ekonomisini ve sosyal huzuru koruma anlam\u0131na gelece\u011fini belirterek, bu anlamda firmalar\u0131n vergi ve kredi bor\u00e7lar\u0131n\u0131n ciddi boyutlarda birikti\u011fini, &hellip; <a href=\"https:\/\/akdenizolaygazetesi.com\/?p=7645\" class=\"more-link\">Devam\u0131n\u0131 Oku&#8230;<\/a><\/p>\n","protected":false},"author":1,"featured_media":0,"comment_status":"open","ping_status":"open","sticky":false,"template":"","format":"standard","meta":[],"categories":[],"tags":[],"_links":{"self":[{"href":"https:\/\/akdenizolaygazetesi.com\/index.php?rest_route=\/wp\/v2\/posts\/7645"}],"collection":[{"href":"https:\/\/akdenizolaygazetesi.com\/index.php?rest_route=\/wp\/v2\/posts"}],"about":[{"href":"https:\/\/akdenizolaygazetesi.com\/index.php?rest_route=\/wp\/v2\/types\/post"}],"author":[{"embeddable":true,"href":"https:\/\/akdenizolaygazetesi.com\/index.php?rest_route=\/wp\/v2\/users\/1"}],"replies":[{"embeddable":true,"href":"https:\/\/akdenizolaygazetesi.com\/index.php?rest_route=%2Fwp%2Fv2%2Fcomments&post=7645"}],"version-history":[{"count":0,"href":"https:\/\/akdenizolaygazetesi.com\/index.php?rest_route=\/wp\/v2\/posts\/7645\/revisions"}],"wp:attachment":[{"href":"https:\/\/akdenizolaygazetesi.com\/index.php?rest_route=%2Fwp%2Fv2%2Fmedia&parent=7645"}],"wp:term":[{"taxonomy":"category","embeddable":true,"href":"https:\/\/akdenizolaygazetesi.com\/index.php?rest_route=%2Fwp%2Fv2%2Fcategories&post=7645"},{"taxonomy":"post_tag","embeddable":true,"href":"https:\/\/akdenizolaygazetesi.com\/index.php?rest_route=%2Fwp%2Fv2%2Ftags&post=7645"}],"curies":[{"name":"wp","href":"https:\/\/api.w.org\/{rel}","templated":true}]}}