{"id":7665,"date":"2020-11-04T18:28:09","date_gmt":"2020-11-04T15:28:09","guid":{"rendered":"http:\/\/mersinekonomipolitikagazetesi.com\/?p=7665"},"modified":"2020-11-04T18:28:09","modified_gmt":"2020-11-04T15:28:09","slug":"mersinde-cocuk-konseri","status":"publish","type":"post","link":"https:\/\/akdenizolaygazetesi.com\/?p=7665","title":{"rendered":"Mersin&#8217;de \u00e7ocuk konseri"},"content":{"rendered":"<p><span style=\"line-height: 1.6em;\">Mersin B\u00fcy\u00fck\u015fehir Belediyesi, \u00e7ocuklar i\u00e7in \u201cBu Ne Bi\u00e7im Mozart\u201d isimli anlat\u0131ml\u0131 konser d\u00fczenledi.\u00a0<\/span><\/p>\n<p>K\u00fclt\u00fcr Park i\u00e7erisindeki Amfi Tiyatro\u2019da \u201cBu Ne Bi\u00e7im Mozart\u201d isimli anlat\u0131ml\u0131 \u00e7ocuk konserini aileler yo\u011fun ilgiyle kar\u015f\u0131lad\u0131. Ankara Devlet Opera ve Balesi sanat\u00e7\u0131lar\u0131, m\u00fczik dehas\u0131 Mozart\u2019\u0131n hayat\u0131n\u0131 \u00e7ocuklar\u0131n ilgiyle kar\u015f\u0131layaca\u011f\u0131 \u015fekilde hem anlatt\u0131 hem de \u00f6l\u00fcms\u00fcz bestecinin eserlerini \u00e7ald\u0131. Mozart g\u00f6r\u00fcn\u00fcm\u00fcne b\u00fcr\u00fcnm\u00fc\u015f tiyatro sanat\u00e7\u0131s\u0131, kimi zaman \u00e7ocuklar\u0131n aras\u0131nda dola\u015ft\u0131, kimi zaman sanat\u00e7\u0131lar\u0131n anlat\u0131m\u0131na e\u011flenceli canland\u0131rmalar\u0131yla kar\u015f\u0131l\u0131k verdi. K\u00fclt\u00fcr ve Sosyal \u0130\u015fler Dairesi Ba\u015fkanl\u0131\u011f\u0131 Koordinat\u00f6r\u00fc Bengi \u0130spir \u00d6zd\u00fclger, \u201cBu Ne Bi\u00e7im Mozart&#8217; isimli anlat\u0131ml\u0131 \u00e7ocuk konseriyle Mersin\u2019de bir ilkin ya\u015fand\u0131\u011f\u0131n\u0131 belirterek, \u201cAnkara Devlet Tiyatrosu ve Ankara Devlet Opera ve Balesi sanat\u00e7\u0131 arkada\u015flar\u0131m\u0131z burada \u2018Bu Ne Bi\u00e7im Mozart!\u2019 isimli anlat\u0131ml\u0131 \u00e7ocuk konserini sergiledi. Son derece g\u00fczel bir etkinlik oldu. Bizim \u00e7\u0131k\u0131\u015f noktam\u0131z, \u00e7ok sesli m\u00fczi\u011fin, \u00e7ocuklara, gen\u00e7lere, halk\u0131m\u0131za tan\u0131t\u0131lmas\u0131, sevdirilmesi ve hayatlar\u0131n\u0131n bir par\u00e7as\u0131n\u0131n olu\u015fturulmas\u0131 oldu\u011fundan, bizim i\u00e7in \u00f6nemli bir ak\u015fam ya\u015fad\u0131k. \u00c7ocuklar\u0131n kat\u0131l\u0131m\u0131, ilgisi m\u00fcthi\u015fti. \u0130leride \u00e7ok sesli m\u00fczi\u011fi ve klasik m\u00fczi\u011fi i\u00e7eren konserleri \u00e7ocuklarla, gen\u00e7lerle, halk\u0131m\u0131zla bulu\u015fturaca\u011f\u0131z. Bu bir ilkti, ama son olmayacak, devam\u0131 gelecek\u201d diye konu\u015ftu.\u00a0<br \/>\n5 ya\u015f\u0131ndaki o\u011flu Umut ile anlat\u0131ml\u0131 \u00e7ocuk konserine gelen Sevap K\u0131sac\u0131k ise \u00e7ocuklar i\u00e7in d\u00fczenlenen aktivitelerin devam\u0131n\u0131n gelmesini dileyerek, \u201c\u00c7ocu\u011fum da ben de \u00e7ok g\u00fczel e\u011flendim. Korona vir\u00fcs bizi \u00e7ok etkiledi. Bu etkinlikler bize moral oldu. Bence \u00e7ok g\u00fczel bir etkinlik olmu\u015f. Hem \u00e7ocuklar\u0131m\u0131z\u0131 m\u00fczi\u011fe y\u00f6nlendiriyor, hem de g\u00fczel bir aktivite. Vahap Se\u00e7er\u2019e te\u015fekk\u00fcr ederiz\u201d dedi.\u00a0<\/p>\n","protected":false},"excerpt":{"rendered":"<p>Mersin B\u00fcy\u00fck\u015fehir Belediyesi, \u00e7ocuklar i\u00e7in \u201cBu Ne Bi\u00e7im Mozart\u201d isimli anlat\u0131ml\u0131 konser d\u00fczenledi.\u00a0 K\u00fclt\u00fcr Park i\u00e7erisindeki Amfi Tiyatro\u2019da \u201cBu Ne Bi\u00e7im Mozart\u201d isimli anlat\u0131ml\u0131 \u00e7ocuk konserini aileler yo\u011fun ilgiyle kar\u015f\u0131lad\u0131. &hellip; <a href=\"https:\/\/akdenizolaygazetesi.com\/?p=7665\" class=\"more-link\">Devam\u0131n\u0131 Oku&#8230;<\/a><\/p>\n","protected":false},"author":1,"featured_media":0,"comment_status":"open","ping_status":"open","sticky":false,"template":"","format":"standard","meta":[],"categories":[],"tags":[],"_links":{"self":[{"href":"https:\/\/akdenizolaygazetesi.com\/index.php?rest_route=\/wp\/v2\/posts\/7665"}],"collection":[{"href":"https:\/\/akdenizolaygazetesi.com\/index.php?rest_route=\/wp\/v2\/posts"}],"about":[{"href":"https:\/\/akdenizolaygazetesi.com\/index.php?rest_route=\/wp\/v2\/types\/post"}],"author":[{"embeddable":true,"href":"https:\/\/akdenizolaygazetesi.com\/index.php?rest_route=\/wp\/v2\/users\/1"}],"replies":[{"embeddable":true,"href":"https:\/\/akdenizolaygazetesi.com\/index.php?rest_route=%2Fwp%2Fv2%2Fcomments&post=7665"}],"version-history":[{"count":0,"href":"https:\/\/akdenizolaygazetesi.com\/index.php?rest_route=\/wp\/v2\/posts\/7665\/revisions"}],"wp:attachment":[{"href":"https:\/\/akdenizolaygazetesi.com\/index.php?rest_route=%2Fwp%2Fv2%2Fmedia&parent=7665"}],"wp:term":[{"taxonomy":"category","embeddable":true,"href":"https:\/\/akdenizolaygazetesi.com\/index.php?rest_route=%2Fwp%2Fv2%2Fcategories&post=7665"},{"taxonomy":"post_tag","embeddable":true,"href":"https:\/\/akdenizolaygazetesi.com\/index.php?rest_route=%2Fwp%2Fv2%2Ftags&post=7665"}],"curies":[{"name":"wp","href":"https:\/\/api.w.org\/{rel}","templated":true}]}}