{"id":7685,"date":"2020-11-04T18:28:10","date_gmt":"2020-11-04T15:28:10","guid":{"rendered":"http:\/\/mersinekonomipolitikagazetesi.com\/?p=7685"},"modified":"2020-11-04T18:28:10","modified_gmt":"2020-11-04T15:28:10","slug":"ahmet-ozcan-topraga-verildi","status":"publish","type":"post","link":"https:\/\/akdenizolaygazetesi.com\/?p=7685","title":{"rendered":"AHMET \u00d6ZCAN TOPRA\u011eA VER\u0130LD\u0130"},"content":{"rendered":"<p>Yakaland\u0131\u011f\u0131 yeni tip koronavir\u00fcs (Covid-19) nedeniyle tedavi g\u00f6rd\u00fc\u011f\u00fc hastanede hayat\u0131n\u0131 kaybeden Serbest Muhasebeci Mali M\u00fc\u015favir Ahmet \u00d6zcan memleketi Elaz\u0131\u011f&#8217;da topra\u011fa verildi.<br \/>\nMersin&#8217;de, Serbest Muhasebeci Mali M\u00fc\u015favir Ahmet \u00d6zcan ad\u0131 alt\u0131nda uzun y\u0131llar hizmet veren Mersin\u2019in tan\u0131nan ve \u00e7ok sevilen ismi Ahmet \u00d6zcan, yakaland\u0131\u011f\u0131 Covid-19 hastal\u0131\u011f\u0131 nedeniyle bir s\u00fcredir hastanede tedavi g\u00f6r\u00fcyordu. Hastal\u0131\u011fa yenik d\u00fc\u015fen \u00d6zcan 65 ya\u015f\u0131nda hayata veda ederken, memleketi Elaz\u0131\u011f&#8217;a g\u00f6t\u00fcrelerek Koronavir\u00fcs \u00f6nlemleri \u00e7er\u00e7evesinde topra\u011fa verildi.<br \/>\nMersin Gazetesi Ailesi olarak bir kez daha merhum Ahmet \u00d6zcan&#8217;a Allah\u2019tan rahmet, ailesi, dostlar\u0131 ve sevenlerine ba\u015fsa\u011fl\u0131\u011f\u0131 diliyoruz.<\/p>\n","protected":false},"excerpt":{"rendered":"<p>Yakaland\u0131\u011f\u0131 yeni tip koronavir\u00fcs (Covid-19) nedeniyle tedavi g\u00f6rd\u00fc\u011f\u00fc hastanede hayat\u0131n\u0131 kaybeden Serbest Muhasebeci Mali M\u00fc\u015favir Ahmet \u00d6zcan memleketi Elaz\u0131\u011f&#8217;da topra\u011fa verildi. Mersin&#8217;de, Serbest Muhasebeci Mali M\u00fc\u015favir Ahmet \u00d6zcan ad\u0131 alt\u0131nda &hellip; <a href=\"https:\/\/akdenizolaygazetesi.com\/?p=7685\" class=\"more-link\">Devam\u0131n\u0131 Oku&#8230;<\/a><\/p>\n","protected":false},"author":1,"featured_media":0,"comment_status":"open","ping_status":"open","sticky":false,"template":"","format":"standard","meta":[],"categories":[],"tags":[],"_links":{"self":[{"href":"https:\/\/akdenizolaygazetesi.com\/index.php?rest_route=\/wp\/v2\/posts\/7685"}],"collection":[{"href":"https:\/\/akdenizolaygazetesi.com\/index.php?rest_route=\/wp\/v2\/posts"}],"about":[{"href":"https:\/\/akdenizolaygazetesi.com\/index.php?rest_route=\/wp\/v2\/types\/post"}],"author":[{"embeddable":true,"href":"https:\/\/akdenizolaygazetesi.com\/index.php?rest_route=\/wp\/v2\/users\/1"}],"replies":[{"embeddable":true,"href":"https:\/\/akdenizolaygazetesi.com\/index.php?rest_route=%2Fwp%2Fv2%2Fcomments&post=7685"}],"version-history":[{"count":0,"href":"https:\/\/akdenizolaygazetesi.com\/index.php?rest_route=\/wp\/v2\/posts\/7685\/revisions"}],"wp:attachment":[{"href":"https:\/\/akdenizolaygazetesi.com\/index.php?rest_route=%2Fwp%2Fv2%2Fmedia&parent=7685"}],"wp:term":[{"taxonomy":"category","embeddable":true,"href":"https:\/\/akdenizolaygazetesi.com\/index.php?rest_route=%2Fwp%2Fv2%2Fcategories&post=7685"},{"taxonomy":"post_tag","embeddable":true,"href":"https:\/\/akdenizolaygazetesi.com\/index.php?rest_route=%2Fwp%2Fv2%2Ftags&post=7685"}],"curies":[{"name":"wp","href":"https:\/\/api.w.org\/{rel}","templated":true}]}}