{"id":7704,"date":"2020-11-04T18:28:10","date_gmt":"2020-11-04T15:28:10","guid":{"rendered":"http:\/\/mersinekonomipolitikagazetesi.com\/?p=7704"},"modified":"2020-11-04T18:28:10","modified_gmt":"2020-11-04T15:28:10","slug":"tarsusta-kaza-yapan-surucu-aracini-birakip-kacti","status":"publish","type":"post","link":"https:\/\/akdenizolaygazetesi.com\/?p=7704","title":{"rendered":"Tarsus\u2019ta kaza yapan s\u00fcr\u00fcc\u00fc arac\u0131n\u0131 b\u0131rak\u0131p ka\u00e7t\u0131"},"content":{"rendered":"<p><span style=\"line-height: 1.6em;\">Mersin\u2019in Tarsus il\u00e7esinde TEM Otoyolu Berdan Nehri viyad\u00fc\u011f\u00fc \u00fczerinde kaza yapan s\u00fcr\u00fcc\u00fc, arabas\u0131n\u0131 b\u0131rak\u0131p kay\u0131plara kar\u0131\u015ft\u0131.\u00a0<\/span><\/p>\n<p>Al\u0131nan bilgiye g\u00f6re, s\u00fcr\u00fcc\u00fcs\u00fc \u00f6\u011frenilemeyen 01 ABS 120 plakal\u0131 Opel marka otomobil, hen\u00fcz bilinmeyen bir nedenle viyad\u00fck \u00fczerinde kontrolden \u00e7\u0131karak beton bariyerlere \u00e7arpt\u0131. \u00c7arpman\u0131n etkisiyle arac\u0131n \u00f6n b\u00f6l\u00fcm\u00fcnde hasar meydana geldi.\u00a0<br \/>\nOlay yerine g\u00fcvenlik ekipleri sevk edildi. Yap\u0131lan incelemede s\u00fcr\u00fcc\u00fcn\u00fcn olay yerinde olmad\u0131\u011f\u0131 tespit edildi. Kazada herhangi bir yaralanman\u0131n ya\u015fanmad\u0131\u011f\u0131 bildirildi.\u00a0<\/p>\n","protected":false},"excerpt":{"rendered":"<p>Mersin\u2019in Tarsus il\u00e7esinde TEM Otoyolu Berdan Nehri viyad\u00fc\u011f\u00fc \u00fczerinde kaza yapan s\u00fcr\u00fcc\u00fc, arabas\u0131n\u0131 b\u0131rak\u0131p kay\u0131plara kar\u0131\u015ft\u0131.\u00a0 Al\u0131nan bilgiye g\u00f6re, s\u00fcr\u00fcc\u00fcs\u00fc \u00f6\u011frenilemeyen 01 ABS 120 plakal\u0131 Opel marka otomobil, hen\u00fcz bilinmeyen &hellip; <a href=\"https:\/\/akdenizolaygazetesi.com\/?p=7704\" class=\"more-link\">Devam\u0131n\u0131 Oku&#8230;<\/a><\/p>\n","protected":false},"author":1,"featured_media":0,"comment_status":"open","ping_status":"open","sticky":false,"template":"","format":"standard","meta":[],"categories":[],"tags":[],"_links":{"self":[{"href":"https:\/\/akdenizolaygazetesi.com\/index.php?rest_route=\/wp\/v2\/posts\/7704"}],"collection":[{"href":"https:\/\/akdenizolaygazetesi.com\/index.php?rest_route=\/wp\/v2\/posts"}],"about":[{"href":"https:\/\/akdenizolaygazetesi.com\/index.php?rest_route=\/wp\/v2\/types\/post"}],"author":[{"embeddable":true,"href":"https:\/\/akdenizolaygazetesi.com\/index.php?rest_route=\/wp\/v2\/users\/1"}],"replies":[{"embeddable":true,"href":"https:\/\/akdenizolaygazetesi.com\/index.php?rest_route=%2Fwp%2Fv2%2Fcomments&post=7704"}],"version-history":[{"count":0,"href":"https:\/\/akdenizolaygazetesi.com\/index.php?rest_route=\/wp\/v2\/posts\/7704\/revisions"}],"wp:attachment":[{"href":"https:\/\/akdenizolaygazetesi.com\/index.php?rest_route=%2Fwp%2Fv2%2Fmedia&parent=7704"}],"wp:term":[{"taxonomy":"category","embeddable":true,"href":"https:\/\/akdenizolaygazetesi.com\/index.php?rest_route=%2Fwp%2Fv2%2Fcategories&post=7704"},{"taxonomy":"post_tag","embeddable":true,"href":"https:\/\/akdenizolaygazetesi.com\/index.php?rest_route=%2Fwp%2Fv2%2Ftags&post=7704"}],"curies":[{"name":"wp","href":"https:\/\/api.w.org\/{rel}","templated":true}]}}