{"id":7744,"date":"2020-11-04T18:28:12","date_gmt":"2020-11-04T15:28:12","guid":{"rendered":"http:\/\/mersinekonomipolitikagazetesi.com\/?p=7744"},"modified":"2020-11-04T18:28:12","modified_gmt":"2020-11-04T15:28:12","slug":"pervin-ogretmen-bayram-oncesi-de-ogrencilerini-unutmadi","status":"publish","type":"post","link":"https:\/\/akdenizolaygazetesi.com\/?p=7744","title":{"rendered":"PERV\u0130N \u00d6\u011eRETMEN BAYRAM \u00d6NCES\u0130 DE \u00d6\u011eRENC\u0130LER\u0130N\u0130 UNUTMADI..!"},"content":{"rendered":"<p>Pervin \u00d6\u011fretmen Mut&#8217;un \u00c7amp\u0131nar K\u00f6y\u00fc&#8217;ndeki eski \u00f6\u011frencilerine ve \u00e7ocuklara bayram \u00f6ncesi oyuncak, kitap ve ihtiya\u00e7 malzemeleri da\u011f\u0131tarak mutluluklar\u0131na ortak oldu.<\/p>\n<p>Kurban Bayram\u0131 \u00f6ncesi e\u011fitim verdi\u011fi eski k\u00f6y okulundaki \u00e7ocuklar\u0131 unutmayan Pervin \u00c7elik \u00f6\u011fretmen \u00f6\u011frencilerine, kitap, oyuncak ve ihtiya\u00e7 malzemeleri tedarik etti.<\/p>\n<p>K\u00f6yde bulunan \u00e7ocuklar\u0131 mutlu ettiklerini yaylada bulunan \u00f6\u011frencilerin hediyelerini de ay\u0131rd\u0131klar\u0131n\u0131 belirten Pervin \u00c7elik \u00f6\u011fretmen, &#8220;\u00d6\u011frencilerim evlerinden gelerek hediyelerini ald\u0131. Bu \u00e7ocuklar gelece\u011fimiz, umutlar\u0131m\u0131z onlardan vazgecemem. Hikaye kitaplar\u0131, oyuncaklar ve ihtiya\u00e7 malzemeleri da\u011f\u0131tt\u0131m. Herkes \u00e7ok mutlu oldu. Bu yard\u0131mlar\u0131 ayr\u0131ca hay\u0131rseverlerin destekleriyle de ger\u00e7ekle\u015ftiriyorum. Onlara da \u00e7ok te\u015fekk\u00fcr ediyorum.\u201d dedi.<\/p>\n<p>&#8220;40 bin TL&#8217;lik Yard\u0131m Hedefliyoruz&#8221;<\/p>\n<p>Mut \u0130l\u00e7esi\u2019nin \u00c7amp\u0131nar K\u00f6y\u00fc\u2019nde \u00c7amp\u0131nar \u0130lkokulu\u2019nda d\u00f6rt y\u0131l boyunca e\u011fitim veren ve muhtarl\u0131\u011fa aday olduktan sonra sorunlarla kar\u015f\u0131la\u015farak \u00f6\u011fretim hayat\u0131 biten Pervin \u00f6\u011fretmen, \u00f6\u011frencileri kurban bayram\u0131 \u00f6ncesinde de mutlu etmeyi unutmad\u0131.\u00a0<\/p>\n<p>\u00d6\u011fretmen olarak yard\u0131m etmekten mutluluk duydu\u011funu ve hay\u0131rseverlerle \u00f6\u011frenciler aras\u0131nda ba\u011f olu\u015fturduklar\u0131n\u0131 belirten Pervin \u00c7elik \u00f6\u011fretmen, &#8220;Hay\u0131rseverler ile birlikte \u00f6\u011frencilerime ve k\u00f6y okullar\u0131ndaki \u00e7ocuklar\u0131m\u0131za destek olmaya devam ediyoruz. Ekim ay\u0131nda 40 bin liral\u0131k b\u00fcy\u00fck bir proje ger\u00e7ekle\u015ftirmeyi hedefliyoruz.&#8221; ifadelerini kulland\u0131.<\/p>\n<p>\u00d6\u011fretmenli\u011fine son verilmi\u015fti!<\/p>\n<p>Pervin \u00f6\u011fretmen \u00c7amp\u0131nar K\u00f6y\u00fc\u2019nde d\u00fc\u011f\u00fcn salonu yap\u0131larak da\u011f\u0131t\u0131lacak okulu itirazlar ve direni\u015fler sonucunda e\u011fitime tekrardan kazand\u0131rm\u0131\u015ft\u0131. Fakat \u00f6\u011fretim hayat\u0131 muhtarl\u0131\u011fa aday olduktan sonra bir \u00e7e\u015fit bahanelerle sonland\u0131r\u0131lan Pervin \u00f6\u011fretmen karne g\u00fcn\u00fc \u00f6\u011frencilerine bere, atk\u0131, kek, \u00e7anta, giysi da\u011f\u0131tarak 40\u2019tan fazla \u00f6\u011frenciye destek olmu\u015ftu.<\/p>\n","protected":false},"excerpt":{"rendered":"<p>Pervin \u00d6\u011fretmen Mut&#8217;un \u00c7amp\u0131nar K\u00f6y\u00fc&#8217;ndeki eski \u00f6\u011frencilerine ve \u00e7ocuklara bayram \u00f6ncesi oyuncak, kitap ve ihtiya\u00e7 malzemeleri da\u011f\u0131tarak mutluluklar\u0131na ortak oldu. Kurban Bayram\u0131 \u00f6ncesi e\u011fitim verdi\u011fi eski k\u00f6y okulundaki \u00e7ocuklar\u0131 unutmayan &hellip; <a href=\"https:\/\/akdenizolaygazetesi.com\/?p=7744\" class=\"more-link\">Devam\u0131n\u0131 Oku&#8230;<\/a><\/p>\n","protected":false},"author":1,"featured_media":0,"comment_status":"open","ping_status":"open","sticky":false,"template":"","format":"standard","meta":[],"categories":[],"tags":[],"_links":{"self":[{"href":"https:\/\/akdenizolaygazetesi.com\/index.php?rest_route=\/wp\/v2\/posts\/7744"}],"collection":[{"href":"https:\/\/akdenizolaygazetesi.com\/index.php?rest_route=\/wp\/v2\/posts"}],"about":[{"href":"https:\/\/akdenizolaygazetesi.com\/index.php?rest_route=\/wp\/v2\/types\/post"}],"author":[{"embeddable":true,"href":"https:\/\/akdenizolaygazetesi.com\/index.php?rest_route=\/wp\/v2\/users\/1"}],"replies":[{"embeddable":true,"href":"https:\/\/akdenizolaygazetesi.com\/index.php?rest_route=%2Fwp%2Fv2%2Fcomments&post=7744"}],"version-history":[{"count":0,"href":"https:\/\/akdenizolaygazetesi.com\/index.php?rest_route=\/wp\/v2\/posts\/7744\/revisions"}],"wp:attachment":[{"href":"https:\/\/akdenizolaygazetesi.com\/index.php?rest_route=%2Fwp%2Fv2%2Fmedia&parent=7744"}],"wp:term":[{"taxonomy":"category","embeddable":true,"href":"https:\/\/akdenizolaygazetesi.com\/index.php?rest_route=%2Fwp%2Fv2%2Fcategories&post=7744"},{"taxonomy":"post_tag","embeddable":true,"href":"https:\/\/akdenizolaygazetesi.com\/index.php?rest_route=%2Fwp%2Fv2%2Ftags&post=7744"}],"curies":[{"name":"wp","href":"https:\/\/api.w.org\/{rel}","templated":true}]}}