{"id":7745,"date":"2020-11-04T18:28:13","date_gmt":"2020-11-04T15:28:13","guid":{"rendered":"http:\/\/mersinekonomipolitikagazetesi.com\/?p=7745"},"modified":"2020-11-04T18:28:13","modified_gmt":"2020-11-04T15:28:13","slug":"bakan-akar-devrilen-aracta-teknik-ariza-tespit-edildi","status":"publish","type":"post","link":"https:\/\/akdenizolaygazetesi.com\/?p=7745","title":{"rendered":"Bakan Akar: &#8220;Devrilen ara\u00e7ta teknik ar\u0131za tespit edildi&#8221;"},"content":{"rendered":"<p>Milli Savunma Bakan\u0131 Hulusi Akar, Mersin&#8217;in Mut il\u00e7esinde 4 askerin \u015fehit oldu\u011fu trafik kazas\u0131nda yap\u0131lan ilk ara\u015ft\u0131rmalar sonucunda otob\u00fcste ya\u015fanan teknik ar\u0131za nedeniyle frenlerin bo\u015fald\u0131\u011f\u0131n\u0131 ve kazan\u0131n bu nedenle meydana geldi\u011fini s\u00f6yledi.\u00a0<br \/>\nBakan Akar, Kara Kuvvetleri Komutan\u0131 \u00dcmit D\u00fcndar ile Mersin\u2019in Mut il\u00e7esinde askerlerin sevk edildi\u011fi otob\u00fcs\u00fcn \u015farampole yuvarland\u0131\u011f\u0131 kaza b\u00f6lgesinde incelemede bulunup yaral\u0131 askerleri hastanede ziyaret ettikten sonra, bas\u0131n mensuplar\u0131na a\u00e7\u0131klamalarda bulundu.<br \/>\n\u00a0<br \/>\nYaral\u0131lar\u0131n tedavilerinin s\u00fcrd\u00fc\u011f\u00fcn\u00fc belirten Bakan Akar, &#8220;Hepimizin bildi\u011fi gibi T\u00fcrk Silahl\u0131 Kuvvetlerimiz ve Kara Kuvvetlerimizin \u00e7ok ciddi intikalleri var. Bu intikaller s\u00fcrekli yap\u0131lmakta. Bu intikallerle ilgili arkada\u015flar\u0131m\u0131z\u0131n bilgisi tecr\u00fcbesi \u00e7er\u00e7evesinde olabildi\u011fince hassas planlama yap\u0131lmakta ve olabildi\u011fince dikkatli bir \u015fekilde bu intikaller icra edilmekte. D\u00fcn bu \u00e7er\u00e7evede saat 21.45\u2019te Manisa Ala\u015fehir\u2019den bu otob\u00fcs\u00fcm\u00fcz hareket etti. Daha sonra Afyonkarahisar\u2019da 2 saat mola verdiler. Molada \u015fof\u00f6r de\u011fi\u015fimi yapt\u0131lar. Otob\u00fcs\u00fcn bak\u0131m\u0131n\u0131 yap\u0131p, tekrar yola devam ettiler, dinlendiler. Daha sonra Konya\u2019da sabah saat 06.30\u2019da mola verip, dinlendiler. Yine orada benzer \u015fekilde \u015fof\u00f6r de\u011fi\u015fimi, dinlenme ve di\u011fer ihtiya\u00e7lar\u0131n kar\u015f\u0131lanmas\u0131 ger\u00e7ekle\u015fti. Bu \u00e7er\u00e7evede intikal devam ederken saat 07.20 civar\u0131nda maalesef bu olay meydana geldi. \u0130lk ald\u0131\u011f\u0131m\u0131z bilgilere g\u00f6re, ara\u00e7ta bir teknik ar\u0131za meydana geldi\u011fi, frende bir problem oldu\u011fu, frende bir bo\u015falma s\u00f6z konusu oldu\u011funa dair g\u00f6rg\u00fc tan\u0131klar\u0131ndan yapt\u0131\u011f\u0131m\u0131z g\u00f6r\u00fc\u015fmede gerekli bilgileri ald\u0131k&#8221; diye konu\u015ftu.\u00a0<\/p>\n<p>Otob\u00fcs\u00fcn \u015fof\u00f6r\u00fcn\u00fcn so\u011fukkanl\u0131l\u0131kla elinden geleni yapt\u0131\u011f\u0131n\u0131 \u00f6\u011frendiklerini s\u00f6yleyen Bakan Akar, \u201cKonuyla alakal\u0131 hem idari hem de adli anlamda gerekli \u00e7al\u0131\u015fmalar, faaliyetler s\u00fcrd\u00fcr\u00fclmekte. Bu \u00e7al\u0131\u015fmalar\u0131n sonucunda olaylar\u0131n tam olarak ortaya \u00e7\u0131kmas\u0131 m\u00fcmk\u00fcn olacak. Ayr\u0131nt\u0131l\u0131 ve dikkatli \u00e7al\u0131\u015fmayla bilgileri alaca\u011f\u0131z. \u0130lk ald\u0131\u011f\u0131m\u0131z bilgilere g\u00f6re, kazaya kar\u0131\u015fan otob\u00fcs\u00fcn \u015fof\u00f6r\u00fcn\u00fcn ger\u00e7ekten so\u011fukkanl\u0131 bir \u015fekilde elinden gelen her t\u00fcrl\u00fc gayreti g\u00f6sterdi\u011fine dair bilgiler var. Bilgiler daha sonra al\u0131nan bilgilerle teyit edilecek. Ald\u0131\u011f\u0131m\u0131z ilk bilgiler \u00e7er\u00e7evesinde \u015fof\u00f6r\u00fcn frende bir problem oldu\u011funa dair uyard\u0131\u011f\u0131n\u0131, herkesin dikkatli olmas\u0131 gerekti\u011fini, tutunmas\u0131 gerekti\u011fini, sa\u011f taraf\u0131n u\u00e7urum oldu\u011funu sol taraf\u0131n daha m\u00fcsait oldu\u011funu, kar\u015f\u0131 y\u00f6ne ge\u00e7mesi gerekti\u011fini, kar\u015f\u0131 y\u00f6nden gelen bir ara\u00e7 oldu\u011funu, araca \u00e7arpmamas\u0131 i\u00e7in manevra yapt\u0131\u011f\u0131n\u0131, \u00f6ndeki araca \u00e7arparak durmas\u0131 i\u00e7in baz\u0131 tavsiyeler al\u0131nd\u0131\u011f\u0131n\u0131, fakat bunlar\u0131n da tehlikeli oldu\u011funu d\u00fc\u015f\u00fcnerek arac\u0131 yat\u0131rman\u0131n en do\u011fru yol oldu\u011funu, hatta bir rivayete g\u00f6re ikinci \u015fof\u00f6r\u00fcn telefonla baz\u0131lar\u0131n\u0131 aray\u0131p, onlardan tavsiye ald\u0131klar\u0131na dair bilgiler var. Bu \u00e7er\u00e7evede maalesef elinden gelen gayreti g\u00f6stermesine ra\u011fmen bu elim kaza maalesef meydana gelmi\u015f bulunuyor. Tabi ac\u0131m\u0131z b\u00fcy\u00fck. Bu kadar \u00f6nem verdi\u011fimiz halde, tedbir ald\u0131\u011f\u0131m\u0131z halde bu kazan\u0131n meydana gelmesi bizi derinden \u00fczm\u00fc\u015ft\u00fcr\u201d ifadelerini kulland\u0131.\u00a0<\/p>\n<p>Yaral\u0131 askerlerin durumlar\u0131 hakk\u0131nda da bilgi veren Bakan Akar, \u015f\u00f6yle devam etti:\u00a0<br \/>\n&#8220;Ben bu vesileyle b\u00fct\u00fcn arkada\u015flar\u0131ma, b\u00fct\u00fcn silahl\u0131 kuvvetlerimize ba\u015fsa\u011fl\u0131\u011f\u0131 diliyorum. Milletimizin ba\u015f\u0131 sa\u011f olsun. Bunlar\u0131n ba\u015f\u0131m\u0131za gelmemesi i\u00e7in her t\u00fcrl\u00fc tedbir ald\u0131k, almaya da devam edece\u011fiz. \u015eehitlerimizin, hayat\u0131n\u0131 kaybeden \u015fof\u00f6rlerimizin ailelerine sab\u0131r diliyorum. Hayat\u0131n\u0131 kaybeden \u015fehitlerimize Allah\u2019tan rahmet diliyorum. \u015eu anda tedavisi s\u00fcren yaral\u0131lar\u0131m\u0131za acil \u015fifalar diliyorum. Bu yaral\u0131lar\u0131m\u0131zdan ent\u00fcbe olan 4 ki\u015fi var. Bu 4 ki\u015fiden ikisinin boynunda sorun var. Doktorlar\u0131m\u0131z \u00fczerinde duruyorlar. Di\u011fer taraftan birinin kafa ve g\u00f6z problemi, di\u011fer askerimizin de kafas\u0131nda travmadan dolay\u0131 s\u0131k\u0131nt\u0131 var. Bunlarla alakal\u0131 doktorlar\u0131m\u0131z yo\u011fun bir \u00e7aba i\u00e7erisindeler. Buradaki ald\u0131\u011f\u0131m\u0131z tedbirler \u00e7er\u00e7evesinde yo\u011fun bir \u00e7al\u0131\u015fma s\u00fcr\u00fcyor. Bu konuda yap\u0131labilecek ne varsa bunlar\u0131n hepsi yap\u0131ld\u0131. Hem Adana\u2019dan arkada\u015flar\u0131m buraya gelen ambulans helikopter ve Konya\u2019dan gelen ambulans helikopterle nakiller yap\u0131ld\u0131. Dolay\u0131s\u0131yla buradaki doktorlar\u0131m\u0131z yo\u011fun bir mesai i\u00e7indeler. Kendilerine te\u015fekk\u00fcr etmek istiyorum. Ba\u015fta valimiz olmak \u00fczere gayretlerini g\u00f6sterdiler. \u0130n\u015fallah \u00f6n\u00fcm\u00fczdeki saatlerde farkl\u0131 bir haber almayaca\u011f\u0131z. Yaral\u0131lar\u0131n sa\u011fl\u0131klar\u0131na kavu\u015fmas\u0131 i\u00e7in \u00e7aba g\u00f6sterdik, g\u00f6sterece\u011fiz. Mersin \u00dcniversitesi\u2019nde 4, \u015eehir Hastanesi\u2019nde 4 yaral\u0131m\u0131z var. Silifke ve Erdemli\u2019de 2\u2019\u015fer yaral\u0131m\u0131z var. 15 yaral\u0131m\u0131z\u0131n burada tedavileri s\u00fcr\u00fcyor.&#8221; \u00a0<\/p>\n","protected":false},"excerpt":{"rendered":"<p>Milli Savunma Bakan\u0131 Hulusi Akar, Mersin&#8217;in Mut il\u00e7esinde 4 askerin \u015fehit oldu\u011fu trafik kazas\u0131nda yap\u0131lan ilk ara\u015ft\u0131rmalar sonucunda otob\u00fcste ya\u015fanan teknik ar\u0131za nedeniyle frenlerin bo\u015fald\u0131\u011f\u0131n\u0131 ve kazan\u0131n bu nedenle meydana &hellip; <a href=\"https:\/\/akdenizolaygazetesi.com\/?p=7745\" class=\"more-link\">Devam\u0131n\u0131 Oku&#8230;<\/a><\/p>\n","protected":false},"author":1,"featured_media":0,"comment_status":"open","ping_status":"open","sticky":false,"template":"","format":"standard","meta":[],"categories":[],"tags":[],"_links":{"self":[{"href":"https:\/\/akdenizolaygazetesi.com\/index.php?rest_route=\/wp\/v2\/posts\/7745"}],"collection":[{"href":"https:\/\/akdenizolaygazetesi.com\/index.php?rest_route=\/wp\/v2\/posts"}],"about":[{"href":"https:\/\/akdenizolaygazetesi.com\/index.php?rest_route=\/wp\/v2\/types\/post"}],"author":[{"embeddable":true,"href":"https:\/\/akdenizolaygazetesi.com\/index.php?rest_route=\/wp\/v2\/users\/1"}],"replies":[{"embeddable":true,"href":"https:\/\/akdenizolaygazetesi.com\/index.php?rest_route=%2Fwp%2Fv2%2Fcomments&post=7745"}],"version-history":[{"count":0,"href":"https:\/\/akdenizolaygazetesi.com\/index.php?rest_route=\/wp\/v2\/posts\/7745\/revisions"}],"wp:attachment":[{"href":"https:\/\/akdenizolaygazetesi.com\/index.php?rest_route=%2Fwp%2Fv2%2Fmedia&parent=7745"}],"wp:term":[{"taxonomy":"category","embeddable":true,"href":"https:\/\/akdenizolaygazetesi.com\/index.php?rest_route=%2Fwp%2Fv2%2Fcategories&post=7745"},{"taxonomy":"post_tag","embeddable":true,"href":"https:\/\/akdenizolaygazetesi.com\/index.php?rest_route=%2Fwp%2Fv2%2Ftags&post=7745"}],"curies":[{"name":"wp","href":"https:\/\/api.w.org\/{rel}","templated":true}]}}