{"id":7785,"date":"2020-11-04T18:28:16","date_gmt":"2020-11-04T15:28:16","guid":{"rendered":"http:\/\/mersinekonomipolitikagazetesi.com\/?p=7785"},"modified":"2020-11-04T18:28:16","modified_gmt":"2020-11-04T15:28:16","slug":"mersinliler-cok-rahatsiz","status":"publish","type":"post","link":"https:\/\/akdenizolaygazetesi.com\/?p=7785","title":{"rendered":"MERS\u0130NL\u0130LER \u00c7OK RAHATSIZ!"},"content":{"rendered":"<p>B\u0130L\u0130N\u00c7L\u0130 OLARAK MEVZUATA AYKIRI Y\u00d6NLEND\u0130RME VAR..!<br \/>\nAbdullah Y\u0131lmaz: \u201cMevzuata ayk\u0131r\u0131, tar\u0131m alan\u0131 nas\u0131l \u2018eko turizm alan\u0131\u2019 oldu? Sizi Emirler ger\u00e7e\u011fini g\u00f6rmeye, yanl\u0131\u015f al\u0131nan karar i\u00e7in gere\u011fini yapmaya, kentin as\u0131l sahibi Mersin&#8217;de oy kullanm\u0131\u015f halk\u0131m\u0131z\u0131n bir par\u00e7as\u0131 olarak g\u00f6reve davet ediyorum!\u201d<\/p>\n<p>Mimar Abdullah Y\u0131lmaz Mersin B\u00fcy\u00fck\u015fehir Belediye Ba\u015fkan\u0131 Vahap Se\u00e7er&#8217;e y\u00fcklendi. Y\u0131lmaz, &#8220;Belediye Meclisi toplant\u0131lar\u0131nda, bilin\u00e7li olarak yanl\u0131\u015f y\u00f6nlendirme ile kararlar al\u0131namayaca\u011f\u0131n\u0131, ancak sehven yanl\u0131\u015f yapabilece\u011finizi, yanl\u0131\u015f\u0131 tespit etti\u011finizde hemen d\u00fczeltece\u011finizi beyan etmi\u015ftiniz. Sizi Emirler ger\u00e7e\u011fini g\u00f6rmeye, yanl\u0131\u015f al\u0131nan karar i\u00e7in gere\u011fini yapmaya, kentin as\u0131l sahibi Mersin&#8217;de oy kullanm\u0131\u015f halk\u0131m\u0131z\u0131n bir par\u00e7as\u0131 olarak g\u00f6reve davet ediyorum!&#8221; dedi.<\/p>\n<p>TARIM ALANI NASIL \u2018EKO TUR\u0130ZM ALANI\u2019 OLDU?<\/p>\n<p>Kat\u0131l\u0131mc\u0131 yakla\u015f\u0131m ilkesini benimsiyorsan\u0131z, Mersin&#8217;in kent planlama, bi\u00e7imlenme, y\u00f6netilme ve denetlenme s\u00fcre\u00e7lerine aktif kat\u0131l\u0131m\u0131n\u0131 sa\u011flamak \u00f6n \u015fart\u0131n\u0131z olmal\u0131 diyen Y\u0131lmaz, &#8220;Emirlerin, bir \u015fekilde &#8216;eko turizm&#8217; alan\u0131 ilan edilmesine ili\u015fkin B\u00fcy\u00fck\u015fehir Belediye Meclisi&#8217;nde al\u0131nan karar\u0131n \u00fczerinden aylar ge\u00e7mesine ra\u011fmen, kentin \u015fehr-i emini olarak Mersin kamuoyuna bir a\u00e7\u0131klama yapmad\u0131n\u0131z. Hala insan odakl\u0131 sosyal belediyecilik yapt\u0131\u011f\u0131n\u0131z\u0131, kenti Mersin halk\u0131n\u0131n kat\u0131l\u0131mc\u0131l\u0131\u011f\u0131 ile birlikte y\u00f6netmekte oldu\u011funuzu biz kentlilere hissettirmek istiyorsan\u0131z, Emirler&#8217;in orman ve tar\u0131m alan\u0131 niteli\u011finin, nas\u0131l &#8216;eko turizm alan\u0131&#8217;na d\u00f6n\u00fc\u015ft\u00fc\u011f\u00fcn\u00fc anlat\u0131n, bizde sizin kat\u0131l\u0131mc\u0131l\u0131\u011f\u0131n\u0131za inanal\u0131m.&#8221; diyerek Se\u00e7er&#8217;e y\u00fcklendi.<\/p>\n<p>\u00a0&#8220;OTOPARKA D\u00d6N\u00dc\u015eT\u00dcREB\u0130L\u0130R\u0130Z!&#8221; TEHD\u0130D\u0130 B\u0130Z\u0130 \u00c7OK KORKUTTU..!<\/p>\n<p>Se\u00e7er&#8217;den bir cevap daha bekledi\u011fini s\u00f6yleyen Y\u0131lmaz, &#8220;Konu \u00fczerinde o tarihte sizden rica etmi\u015ftim. &#8216;Atat\u00fcrk Park\u0131n\u0131n t\u00fcm\u00fcn\u00fc istersek otopark olarak yapabiliriz\u2019 diyerek kenti, kentliyi tehdit eden, en son G\u00fcm\u00fc\u015fkum 100. Y\u0131l Tabi\u02d9at Park\u0131n\u0131n da 9 kat emsal art\u0131\u015f\u0131na sebep olacak, b\u00f6lgedeki\u02d9 carettalar\u0131n do\u011fal ya\u015fam alanlar\u0131n\u0131n katline ve \u00e7evre katli\u02d9amina neden olacak b\u00f6lgeyi yap\u0131la\u015fmaya a\u00e7acak imar plan\u0131n\u0131n proje m\u00fcellifi meclis \u00fcyeniz \u015fehir planc\u0131s\u0131n\u0131n meclisi bilin\u00e7li olarak yanl\u0131\u015f y\u00f6nlendirdi\u011fini \u0131srarla beyan etmi\u015ftim. Say\u0131n meclis \u00fcyesinin sizi ikna edip, Ulu Atat\u00fcrk&#8217;\u00fcn ismini ta\u015f\u0131yan, kent belle\u011finde silinmez yeri olan &#8216;Atat\u00fcrk Park\u0131&#8217;n\u0131 tamamiyle otopark&#8217;a d\u00f6n\u00fc\u015ft\u00fcrebiliriz.&#8217; tehdidi, bizi b\u00fcy\u00fck endi\u015feye d\u00fc\u015f\u00fcrd\u00fc. Bu durum biz Mersinliler\u2019i \u00e7ok rahats\u0131z ediyor..!&#8221; ifadelerini kulland\u0131.<\/p>\n<p>YAZILANLAR MI DO\u011eRU, YOKSA MERS\u0130N \u00c7EVRE D\u00dcZEN\u0130 PLANI MI?<\/p>\n<p>\u201cMersin halk\u0131 soruyor, B\u00fcy\u00fck\u015fehir Belediye Meclis karar\u0131nda yaz\u0131lanlar m\u0131 do\u011fru, yoksa Mersin \u0130l \u00c7evre D\u00fczeni Plan\u0131 m\u0131? Plan a\u00e7\u0131klama raporunda yazan plan notlar\u0131 m\u0131?\u201d sorular\u0131n\u0131 soran Y\u0131lmaz, &#8220;Mersin B\u00fcy\u00fck\u015fehir Belediye Meclisi&#8217;nin 14\/10\/2019 tarihli meclis toplant\u0131s\u0131nda 530 say\u0131l\u0131 karar\u0131n mecliste oylanmas\u0131 \u00f6ncesi; Yeni\u015fehir Belediyesi , Mersin B\u00fcy\u00fck\u015fehir Belediyesi Meclis \u00dcyesi, b\u00fcy\u00fck\u015fehir belediyesi imar komisyonu \u00fcyesi \u015fehir planc\u0131s\u0131 zat, mesleki kimli\u011finin referans\u0131n\u0131 kullanarak b\u00fcy\u00fck\u015fehir belediye meclisini bilin\u00e7li olarak yanl\u0131\u015f bilgilendirmi\u015ftir.&#8221; dedi.<\/p>\n<p>MEVZUATA AYKIRI..!<\/p>\n<p>Daha \u00f6nce al\u0131nan kararlar ile ilgili bilgiler veren Y\u0131lmaz, planlama ilkelerini s\u0131ralad\u0131; &#8220;Mersin B\u00fcy\u00fck\u015fehir Belediye Meclisi&#8217;nin 14\/10\/2019 tarihli meclis toplant\u0131s\u0131nda ald\u0131\u011f\u0131 530 say\u0131l\u0131 karar\u0131nda, Temel \u015fehircilik ilke ve esaslar\u0131ndan olan, ve g\u00fcc\u00fcn\u00fc mevzuattan alan planlar aras\u0131ndaki, \u00f6l\u00e7ekler aras\u0131 kademelenme ilkesine ayk\u0131r\u0131 olacak \u015fekilde, mevzuata ayk\u0131r\u0131 olarak plan onaylanmas\u0131na sebebiyet verilmi\u015ftir. Mersin B\u00fcy\u00fck\u015fehir Belediye Meclisine, mesleki ilke ve planlama konusunda \u00f6rnek konumda olmas\u0131 gereken, \u015fehir planc\u0131lar\u0131 odas\u0131 Mersin \u015fube temsilcisi imzal\u0131 plan teklifi ile; \u2018Mersin Yeni\u015fehir \u0130l\u00e7esi, Emirler mahallesi 102 ada, 23-24-25 parsel nolu ta\u015f\u0131nmazlara eko turizm alan\u0131 i\u015faretlenmesi teklif edilmi\u015fti. \u00d6nceki Mersin B\u00fcy\u00fck\u015fehir Belediyesi d\u00f6neminde; B\u00fcy\u00fck\u015fehir belediye meclisinin 18\/08\/2017 tarih ve 825 say\u0131l\u0131 karar\u0131 ile onaylanan, Mersin ili 1\/100000 \u00f6l\u00e7ekli \u00e7evre d\u00fczeni plan\u0131nda eko turizm alan\u0131 olarak i\u015faretlenmesi teklif edilen Emirler Mahallesi&#8217;ndeki alanlar \u201dOrman ve tar\u0131m alanlar\u0131\u201d olarak i\u015faretlenmi\u015ftir&#8230; Di\u011fer taraftan, Mersin ili \u00e7evre d\u00fczeni plan\u0131 a\u00e7\u0131klama raporunda; \u2018eko turizm alanlar\u0131\u2019 ba\u015fl\u0131\u011f\u0131nda, Eko turizm alan\u0131 olarak, Yeni\u015fehir il\u00e7esinde De\u011firmen\u00e7ay yerle\u015fkesinin belirlendi\u011fini a\u00e7\u0131k\u00e7a yazmakta iken&#8230;!!!!! B\u00fcy\u00fck bir yanl\u0131\u015f yap\u0131larak; Emirler Mahallesi&#8217;ndeki parsellerle ilgili, Eko turizm alan\u0131 karar\u0131 getiren,1\/5000 \u00f6l\u00e7ekli naz\u0131m imar plan\u0131 y\u00fcr\u00fcrl\u00fckteki plan kademelenmesine ayk\u0131r\u0131 olarak Mersin B\u00fcy\u00fck\u015fehir Belediyesince onaylanm\u0131\u015ft\u0131. Planlama ilkelerine g\u00f6re ;1-100.000 \u00f6l\u00e7ekli Adana &#8211; Mersin \u00e7evre d\u00fczeni revizyon plan\u0131nda Eko turizm alan\u0131 olarak i\u015faretlenmi\u015f alanlar, i\u015faretleme olarak bir lokasyonu g\u00f6stermektedir. S\u00f6z konusu bu planda plan h\u00fck\u00fcmleri \u00e7er\u00e7evesinde varsa Emirler Mahallesi&#8217;nde Eko turizm alan\u0131 yap\u0131labilir. 2- Bilindi\u011fi \u00fczere, 1\/100.000 \u00f6l\u00e7ekli Adana &#8211; Mersin \u00e7evre d\u00fczeni revizyon plan\u0131ndan sonra, Mersin B\u00fcy\u00fck\u015fehir Belediye Meclisince, 1\/100.000 \u00f6l\u00e7ekli Mersin \u0130l \u00c7evre D\u00fczeni Revizyon Plan\u0131 \u00fcst \u00f6l\u00e7ekli plan kararlar\u0131na uygun olarak haz\u0131rlanm\u0131\u015f ve onaylanm\u0131\u015ft\u0131r. 3- Yasa ve y\u00f6netmeliklere uygun olarak, planlar; Plan, plan a\u00e7\u0131klama raporu ve plan h\u00fck\u00fcmleri ile bir b\u00fct\u00fcn olarak de\u011ferlendirilmek zorundad\u0131r.4- Mersin Mersin \u0130l \u00c7evre D\u00fczeni Revizyon Plan\u0131 ara\u015ft\u0131rma raporu, \u00fcst \u00f6l\u00e7ekli Adana &#8211; Mersin \u00e7evre d\u00fczeni revizyon plan\u0131na ait plan a\u00e7\u0131klama raporuna g\u00f6re daha detayl\u0131 olarak haz\u0131rlanm\u0131\u015ft\u0131r. Plan m\u00fcellifleri Yeni\u015fehir \u0130l\u00e7esi&#8217;nde bulunan Eko turizm alan\u0131 ilgili lokasyon i\u015faretlemesi konusunda yapt\u0131klar\u0131 analiz ve sentezler neticesinde, Yeni\u015fehir il\u00e7e s\u0131n\u0131rlar\u0131 i\u00e7erisinde sadece de\u011firmen \u00e7ay mahallesini belirlemi\u015f ve bu tespitlerinde s\u00f6z konusu plana ait plan raporunda teredd\u00fcte mahal vermeyecek bi\u00e7imde ifade etmi\u015flerdir. 5- \u0130mar mevzuat\u0131 ve onayl\u0131 \u00e7evre d\u00fczeni planlar\u0131 y\u00f6n\u00fcnden, Yeni\u015fehir \u0130l\u00e7e s\u0131n\u0131rlar\u0131 i\u00e7erisinde, sadece De\u011firmen\u00e7ay mahallesi s\u0131n\u0131rlar\u0131 i\u00e7erisinde Eko turizm yap\u0131m\u0131na izin verilirken, Mersin B\u00fcy\u00fck\u015fehir Belediyesi hukuki mevzuat y\u00f6n\u00fcnden, b\u00fcy\u00fck bir yanl\u0131\u015f yaparak, mevzuata ayk\u0131r\u0131 plana ili\u015fkin itirazlar\u0131 k\u0131smen kabul ederek, kesinle\u015ftirmi\u015ftir! 6- K\u0131smen kabul ettikleri konu ise; minimum parsel b\u00fcy\u00fckl\u00fckleri ile 5000 m2 \u015fart\u0131na dikkat edilmeden, haz\u0131rlanan bir parsel konusunda, itirazlar\u0131 hakl\u0131 bularak s\u00f6z konusu parseldeki i\u015faretlemeyi g\u00fcn\u00fcbirlik alan olarak de\u011fi\u015ftirmeleridir. Sadece bu konu dahi, bahis konusu teklif plan\u0131n haz\u0131rlan\u0131rken, mevzuata ayk\u0131r\u0131 olarak haz\u0131rland\u0131\u011f\u0131n\u0131n somut belgesi iken, ilgili b\u00fcy\u00fck\u015fehir imar komisyonu s\u00f6z konusu parseli g\u00fcn\u00fcbirlik alan olarak yeniden d\u00fczenleyerek itiraz konusu plan\u0131 kesinle\u015ftirmi\u015ftir. 7- \u00dcst \u00f6l\u00e7ekli planlar\u0131n bu bi\u00e7imde delinmesi kent \u00f6l\u00e7e\u011finde planlar\u0131n sayg\u0131nl\u0131\u011f\u0131na darbe vurmaktad\u0131r. Sonu\u00e7 olarak son s\u00f6z\u00fc hukuk\u00ee s\u00fcre\u00e7 ba\u015flat\u0131ld\u0131\u011f\u0131nda idari yarg\u0131 s\u00f6yleyecektir.&#8221;<\/p>\n<p>&#8220;MERS\u0130N HALKI SORUYOR&#8221;<\/p>\n<p>Y\u0131lmaz, &#8220;Mersin halk\u0131 soruyor, B\u00fcy\u00fck\u015fehir Belediye Meclis karar\u0131nda yaz\u0131lanlar m\u0131 do\u011fru, yoksa Mersin \u0130l \u00c7evre D\u00fczeni Plan\u0131 m\u0131, plan a\u00e7\u0131klama raporunda yazan plan notlar\u0131 m\u0131? Yoksa b\u00fcy\u00fck bir skandala imza at\u0131larak b\u00fcy\u00fck\u015fehir belediye meclisinde kentsel rant\u0131 yok sayan karararlar\u0131 m\u0131? Mersin kenti \u015fehirle\u015fme s\u00fcrecinde, hukuki mevzuata, y\u00f6netmelik ve plan h\u00fck\u00fcmlerine ayk\u0131r\u0131 onaylanan planlar y\u00fcz\u00fcnden \u00e7ok \u015fey kaybetmi\u015f, g\u00f6z g\u00f6re g\u00f6re, kentsel rant, ki\u015fisel ranta pe\u015fke\u015f \u00e7ekilmi\u015ftir. Yine ayn\u0131 senaryolar yaz\u0131lmaya \u00e7al\u0131\u015f\u0131lmakta, Mersin B\u00fcy\u00fck\u015fehir Belediye Meclisi, yanda\u015f STK&#8217;lar\u0131nda destekleri, i\u015fbirli\u011fi ile yanl\u0131\u015f y\u00f6nlendirilip iyi niyetli, onurlu meclis \u00fcyelerinin de g\u00f6rev ve yetkilerini yanl\u0131\u015f kullanmalar\u0131 sa\u011flanarak sat\u0131h geni\u015flerilmektedir. Mesleki onur ve ilkelerini bir tarafa b\u0131rakarak, Temel \u015eehircilik ilke ve esaslar\u0131ndan olan ve g\u00fcc\u00fcn\u00fc mevzuattan alan; planlar aras\u0131ndaki \u00f6l\u00e7ekler aras\u0131 kademelenme ilkesine ayk\u0131r\u0131 olacak \u015fekilde, Belediye meclisini yanl\u0131\u015f bilgilendirerek mevzuata ayk\u0131r\u0131 plan onaylamas\u0131 neden olan imar komisyonunun \u015fehir planc\u0131 \u00fcyesi hakk\u0131nda gerekli i\u015flemler ivedi olarak ba\u015flat\u0131lmal\u0131d\u0131r. Ger\u00e7ekler ortaya \u00e7\u0131kt\u0131\u011f\u0131nda, say\u0131n meclis \u00fcyesi hala orada kalacak m\u0131 merak ediyorum?&#8221; diyerek a\u00e7\u0131klamas\u0131n\u0131 tamamlad\u0131.<\/p>\n","protected":false},"excerpt":{"rendered":"<p>B\u0130L\u0130N\u00c7L\u0130 OLARAK MEVZUATA AYKIRI Y\u00d6NLEND\u0130RME VAR..! Abdullah Y\u0131lmaz: \u201cMevzuata ayk\u0131r\u0131, tar\u0131m alan\u0131 nas\u0131l \u2018eko turizm alan\u0131\u2019 oldu? Sizi Emirler ger\u00e7e\u011fini g\u00f6rmeye, yanl\u0131\u015f al\u0131nan karar i\u00e7in gere\u011fini yapmaya, kentin as\u0131l sahibi &hellip; <a href=\"https:\/\/akdenizolaygazetesi.com\/?p=7785\" class=\"more-link\">Devam\u0131n\u0131 Oku&#8230;<\/a><\/p>\n","protected":false},"author":1,"featured_media":0,"comment_status":"open","ping_status":"open","sticky":false,"template":"","format":"standard","meta":[],"categories":[],"tags":[],"_links":{"self":[{"href":"https:\/\/akdenizolaygazetesi.com\/index.php?rest_route=\/wp\/v2\/posts\/7785"}],"collection":[{"href":"https:\/\/akdenizolaygazetesi.com\/index.php?rest_route=\/wp\/v2\/posts"}],"about":[{"href":"https:\/\/akdenizolaygazetesi.com\/index.php?rest_route=\/wp\/v2\/types\/post"}],"author":[{"embeddable":true,"href":"https:\/\/akdenizolaygazetesi.com\/index.php?rest_route=\/wp\/v2\/users\/1"}],"replies":[{"embeddable":true,"href":"https:\/\/akdenizolaygazetesi.com\/index.php?rest_route=%2Fwp%2Fv2%2Fcomments&post=7785"}],"version-history":[{"count":0,"href":"https:\/\/akdenizolaygazetesi.com\/index.php?rest_route=\/wp\/v2\/posts\/7785\/revisions"}],"wp:attachment":[{"href":"https:\/\/akdenizolaygazetesi.com\/index.php?rest_route=%2Fwp%2Fv2%2Fmedia&parent=7785"}],"wp:term":[{"taxonomy":"category","embeddable":true,"href":"https:\/\/akdenizolaygazetesi.com\/index.php?rest_route=%2Fwp%2Fv2%2Fcategories&post=7785"},{"taxonomy":"post_tag","embeddable":true,"href":"https:\/\/akdenizolaygazetesi.com\/index.php?rest_route=%2Fwp%2Fv2%2Ftags&post=7785"}],"curies":[{"name":"wp","href":"https:\/\/api.w.org\/{rel}","templated":true}]}}