{"id":7805,"date":"2020-11-04T18:28:17","date_gmt":"2020-11-04T15:28:17","guid":{"rendered":"http:\/\/mersinekonomipolitikagazetesi.com\/?p=7805"},"modified":"2020-11-04T18:28:17","modified_gmt":"2020-11-04T15:28:17","slug":"kisa-calisma-odenegi-suresi-bir-ay-daha-uzatildi","status":"publish","type":"post","link":"https:\/\/akdenizolaygazetesi.com\/?p=7805","title":{"rendered":"KISA \u00c7ALI\u015eMA \u00d6DENE\u011e\u0130 S\u00dcRES\u0130 B\u0130R AY DAHA UZATILDI"},"content":{"rendered":"<p>Koronavir\u00fcs (Covid19) nedeniyle uygulanan k\u0131sa \u00e7al\u0131\u015fma \u00f6dene\u011finin s\u00fcresinin Cumhurba\u015fkan\u0131 Recep Tayyip Erdo\u011fan\u2019\u0131n tensipleri ile A\u011fustos ay\u0131 itibariyle bir ay daha uzat\u0131ld\u0131\u011f\u0131n\u0131 an\u0131msatan Mersin \u00c7al\u0131\u015fma ve \u0130\u015f Kurumu (\u0130\u015eKUR) \u0130l M\u00fcd\u00fcr\u00fc Halil Bozkurt, k\u0131sa \u00e7al\u0131\u015fma uzatma i\u015fleminin Temmuz ay\u0131nda uzatma talebinde bulunarak dilek\u00e7e g\u00f6nderen firmalar i\u00e7in otomatik olarak \u0130\u015eKUR taraf\u0131ndan yap\u0131laca\u011f\u0131n\u0131 bildirdi.<br \/>\nMersin \u00c7al\u0131\u015fma ve \u0130\u015f Kurumu \u0130l M\u00fcd\u00fcr\u00fc Halil Bozkurt, s\u00fcresi bir ay uzat\u0131lan k\u0131sa \u00e7al\u0131\u015fma \u00f6dene\u011fine ili\u015fkin a\u00e7\u0131klama yapt\u0131. Bozkurt, Yeni koronavir\u00fcs (Covid-19) nedeniyle d\u0131\u015fsal etkilerden kaynaklanan d\u00f6nemsel durumlar kapsam\u0131nda zorlay\u0131c\u0131 sebep gerek\u00e7esiyle 30\/6\/2020 tarihine kadar (bu tarih dahil) k\u0131sa \u00e7al\u0131\u015fma ba\u015fvurusunda bulunmu\u015f ve bu uygulamadan yararlanm\u0131\u015f olan i\u015fyerlerinde k\u0131sa \u00e7al\u0131\u015fma s\u00fcresinin 31 Temmuz 2020 tarihli ve 2810 say\u0131l\u0131 Cumhurba\u015fkan\u0131 Karar\u0131 ile (2810 say\u0131l\u0131 CBK) bir ay daha uzat\u0131ld\u0131\u011f\u0131n\u0131 belirtti. Uzatmadan yararlanabilmek i\u00e7in i\u015fverenlerden yeni bir ba\u015fvuru al\u0131nmayaca\u011f\u0131n\u0131, i\u015fverenlerin 29\/6\/2020 tarihli ve 2706 say\u0131l\u0131 Cumhurba\u015fkan\u0131 Karar\u0131 ile uzat\u0131lan bir ayl\u0131k s\u00fcreden sonra ba\u015flamak \u00fczere bir ay daha bu haktan yararlan\u0131labilece\u011fini belirtti.<br \/>\nBozkurt, i\u015fyerlerinin daha \u00f6nce ayn\u0131 gerek\u00e7eyle uygulanm\u0131\u015f k\u0131sa \u00e7al\u0131\u015fmadan yararlanan ayn\u0131 i\u015f\u00e7ileri i\u00e7in ve ayn\u0131 \u015fartlar\u0131 (haftal\u0131k k\u0131sa \u00e7al\u0131\u015fma s\u00fcresi) a\u015fmamak kayd\u0131yla yararlanabilece\u011fini ifade etti. K\u0131sa \u00e7al\u0131\u015fma s\u00fcresi 31\/7\/2020 tarihinden \u00f6nce (bu tarih dahil) sona ermi\u015f olan i\u015fyerlerinde 1\/8\/2020 tarihi itibar\u0131yla, devam eden i\u015fyerlerinde ise k\u0131sa \u00e7al\u0131\u015fma biti\u015f tarihi itibar\u0131yla bir ay daha yararlan\u0131labilece\u011fini belirten Bozkurt, 2706 say\u0131l\u0131 CBK uyar\u0131nca ilk bir ayl\u0131k (Temmuz ay\u0131) K\u0131sa \u00c7al\u0131\u015fma \u00d6dene\u011fi uzatma i\u015fleminden yararlanm\u0131\u015f ve \u00f6demesi ger\u00e7ekle\u015ftirilmi\u015f i\u015fyerleri i\u00e7in bildirgelerden biti\u015f tarihinde herhangi bir de\u011fi\u015fiklik yap\u0131lmam\u0131\u015f olanlar\u0131n k\u0131sa \u00e7al\u0131\u015fma biti\u015f tarihine \u0130\u015eKUR taraf\u0131ndan bir ay ilave edilece\u011fini ve bildirgelerin otomatik olarak onaylama i\u015flemine tabi tutulaca\u011f\u0131n\u0131 s\u00f6yledi Ayr\u0131ca bu kapsamdaki bildirgeler i\u00e7in liste g\u00f6nderen i\u015fverenlerden al\u0131nacak g\u00fcncel k\u0131sa \u00e7al\u0131\u015fma bilgileri \u00e7er\u00e7evesinde gerekli g\u00fcncelleme i\u015flemlerinin \u00c7al\u0131\u015fma ve \u0130\u015f Kurumu \u0130l M\u00fcd\u00fcrl\u00fcklerince yap\u0131laca\u011f\u0131n\u0131 ve i\u015f\u00e7ilerin uzatma i\u015fleminin yap\u0131lmas\u0131 i\u00e7in ba\u015fvuru yapmalar\u0131na gerek bulunmad\u0131\u011f\u0131n\u0131 ve K\u0131sa \u00e7al\u0131\u015fma uygulamas\u0131n\u0131n uzat\u0131ld\u0131\u011f\u0131 bir ayl\u0131k d\u00f6nem i\u00e7in \u0130\u015f m\u00fcfetti\u015flerince yeni bir uygunluk tespiti yap\u0131lmayaca\u011f\u0131n\u0131 ifade eden Bozkurt, 2706 say\u0131l\u0131 CBK uyar\u0131nca uzat\u0131lan ilk bir ayl\u0131k d\u00f6neme (Temmuz ay\u0131) ili\u015fkin i\u015fverenlerin talebi \u00fczerine k\u0131sa \u00e7al\u0131\u015fma uzatma i\u015flemi iptal edilmi\u015f olan i\u015fyerleri i\u00e7in ikinci uzatmaya ili\u015fkin olarak herhangi bir i\u015flem yap\u0131lmayaca\u011f\u0131n\u0131, \u0130\u015fverenlerden 2810 say\u0131l\u0131 CBK uyar\u0131nca ikinci bir ayl\u0131k uzatma i\u015fleminden yararlanmak amac\u0131yla talepte bulunulmas\u0131 halinde ikinci d\u00f6neme ili\u015fkin uzatma i\u015fleminin \u0130l M\u00fcd\u00fcrl\u00fcklerince ger\u00e7ekle\u015ftirilece\u011fini s\u00f6yledi.<br \/>\n\u0130\u015fverenlerce Kovid-19 gerek\u00e7esiyle daha \u00f6nce k\u0131sa \u00e7al\u0131\u015fma uygulamas\u0131ndan yararlanm\u0131\u015f i\u015f\u00e7ilerin d\u0131\u015f\u0131nda yeni bir i\u015f\u00e7i ilave edilmesi veya daha \u00f6nce yararlan\u0131lan haftal\u0131k k\u0131sa \u00e7al\u0131\u015fma s\u00fcresinin art\u0131r\u0131lmas\u0131 imkan\u0131n\u0131n bulunmad\u0131\u011f\u0131n\u0131 ifade eden Bozkurt, \u00a0K\u0131sa \u00e7al\u0131\u015fma uygulamas\u0131ndan faydalanarak i\u015f\u00e7ilerine i\u015fba\u015f\u0131 yapt\u0131rarak sonland\u0131ran ve tekrardan k\u0131sa \u00e7al\u0131\u015fma uygulamas\u0131n\u0131n bir ay daha uzat\u0131lmas\u0131n\u0131 istemeyen i\u015fyerlerinin; K\u0131sa \u00c7al\u0131\u015fma s\u00fcresinin uzat\u0131lmas\u0131ndan yararlanmak istemediklerine dair dilek\u00e7elerini, ba\u011fl\u0131 bulundu\u011fu \u0130\u015eKUR birimine yaz\u0131l\u0131 veya elektronik ortamda ( Merkez il\u00e7eler: Akdeniz, Yeni\u015fehir, Toroslar, Mezitli i\u00e7in Kisacalisma.mersin@iskur.gov.tr eposta adresine, Erdemli i\u00e7in kisacalisma.erdemli@iskur.gov.tr eposta adresine Silifke, Mut, G\u00fclnar i\u00e7in kisacalisma.silifke@iskur.gov.tr eposta adresine, Tarsus i\u00e7in kisacalisma.tarsus@iskur.gov.tr, Anamur, Bozyaz\u0131, Ayd\u0131nc\u0131k i\u00e7in kisacalisma.anamur@iskur.gov.tr eposta adresine) dilek\u00e7eyle taleplerini en seri \u015fekilde bildirmesi gerekti\u011fini s\u00f6yledi.<\/p>\n<p>\u00a0<\/p>\n","protected":false},"excerpt":{"rendered":"<p>Koronavir\u00fcs (Covid19) nedeniyle uygulanan k\u0131sa \u00e7al\u0131\u015fma \u00f6dene\u011finin s\u00fcresinin Cumhurba\u015fkan\u0131 Recep Tayyip Erdo\u011fan\u2019\u0131n tensipleri ile A\u011fustos ay\u0131 itibariyle bir ay daha uzat\u0131ld\u0131\u011f\u0131n\u0131 an\u0131msatan Mersin \u00c7al\u0131\u015fma ve \u0130\u015f Kurumu (\u0130\u015eKUR) \u0130l M\u00fcd\u00fcr\u00fc &hellip; <a href=\"https:\/\/akdenizolaygazetesi.com\/?p=7805\" class=\"more-link\">Devam\u0131n\u0131 Oku&#8230;<\/a><\/p>\n","protected":false},"author":1,"featured_media":0,"comment_status":"open","ping_status":"open","sticky":false,"template":"","format":"standard","meta":[],"categories":[],"tags":[],"_links":{"self":[{"href":"https:\/\/akdenizolaygazetesi.com\/index.php?rest_route=\/wp\/v2\/posts\/7805"}],"collection":[{"href":"https:\/\/akdenizolaygazetesi.com\/index.php?rest_route=\/wp\/v2\/posts"}],"about":[{"href":"https:\/\/akdenizolaygazetesi.com\/index.php?rest_route=\/wp\/v2\/types\/post"}],"author":[{"embeddable":true,"href":"https:\/\/akdenizolaygazetesi.com\/index.php?rest_route=\/wp\/v2\/users\/1"}],"replies":[{"embeddable":true,"href":"https:\/\/akdenizolaygazetesi.com\/index.php?rest_route=%2Fwp%2Fv2%2Fcomments&post=7805"}],"version-history":[{"count":0,"href":"https:\/\/akdenizolaygazetesi.com\/index.php?rest_route=\/wp\/v2\/posts\/7805\/revisions"}],"wp:attachment":[{"href":"https:\/\/akdenizolaygazetesi.com\/index.php?rest_route=%2Fwp%2Fv2%2Fmedia&parent=7805"}],"wp:term":[{"taxonomy":"category","embeddable":true,"href":"https:\/\/akdenizolaygazetesi.com\/index.php?rest_route=%2Fwp%2Fv2%2Fcategories&post=7805"},{"taxonomy":"post_tag","embeddable":true,"href":"https:\/\/akdenizolaygazetesi.com\/index.php?rest_route=%2Fwp%2Fv2%2Ftags&post=7805"}],"curies":[{"name":"wp","href":"https:\/\/api.w.org\/{rel}","templated":true}]}}