{"id":7845,"date":"2020-11-04T18:28:19","date_gmt":"2020-11-04T15:28:19","guid":{"rendered":"http:\/\/mersinekonomipolitikagazetesi.com\/?p=7845"},"modified":"2020-11-04T18:28:19","modified_gmt":"2020-11-04T15:28:19","slug":"ak-parti-mut-ilce-baskani-soner-solak-guven-tazeledi","status":"publish","type":"post","link":"https:\/\/akdenizolaygazetesi.com\/?p=7845","title":{"rendered":"AK Parti Mut \u0130l\u00e7e Ba\u015fkan\u0131 Soner Solak g\u00fcven tazeledi"},"content":{"rendered":"<p><span style=\"line-height: 1.6em;\">\u00a0Mersin Mut \u0130l\u00e7e Ba\u015fkan\u0131 Soner Solak, 7.Ola\u011fan \u0130l\u00e7e Kongresi&#8217;nde g\u00fcven tazeleyerek yeniden ba\u015fkanl\u0131\u011f\u0131 se\u00e7ildi.\u00a0<\/span><\/p>\n<p>Karacao\u011flan \u00c7\u0131naralt\u0131 park\u0131nda ger\u00e7ekle\u015ftirilen kongreye TBMM Plan ve B\u00fct\u00e7e Komisyonu Ba\u015fkan\u0131 L\u00fctfi Elvan, Ak Parti Mersin \u0130l Koordinat\u00f6r\u00fc \u0130smail Ayd\u0131n, Ak Parti Mersin Milletvekilleri Ali Cumhur Ta\u015fk\u0131n, Zeynep G\u00fcl Y\u0131lmaz, Hac\u0131 \u00d6zkan, Akdeniz Belediye Ba\u015fkan\u0131 M.Mustafa G\u00fcltak, Ayd\u0131nc\u0131k Belediye Ba\u015fkan\u0131 Ferat Aktan, Ak Parti Mersin \u0130l Y\u00f6netim Kurulu \u00dcyeleri, il\u00e7e ba\u015fkanlar\u0131, partililer ve delegeler kat\u0131ld\u0131. Korona vir\u00fcs tedbirleri kapsam\u0131nda ger\u00e7ekle\u015fen Ak Parti 7.Ola\u011fan Mut \u0130l\u00e7e Kongresinde, tek listeyle se\u00e7ime giren mevcut Ba\u015fkan Soner Solak yeniden il\u00e7e ba\u015fkanl\u0131\u011f\u0131 g\u00f6revine se\u00e7ildi.\u00a0<br \/>\nY\u00f6netim Kurulu ise, Fatih \u00dcnver, Mehmet Ergin, \u00d6zay D\u00fczel, Sefer \u0130lyan, Mahmut Uysal, Mehmet G\u00fcrb\u00fcz, Ali Kemal Tufan, Hatice Kuzu, \u00d6sman \u00c7a\u011flar, Selime Kele\u015f, Yusuf Dere, G\u00f6khan Y\u0131ld\u0131z, Emine Kenan, Durmu\u015f Ba\u015ftu\u011f, Mustafa Boylu, Mehmet Sar\u0131kaya, Mehmet Gen\u00e7, Mustafa \u00d6cal ve Nazmi Bacaks\u0131z\u2019dan olu\u015ftu.\u00a0<\/p>\n","protected":false},"excerpt":{"rendered":"<p>\u00a0Mersin Mut \u0130l\u00e7e Ba\u015fkan\u0131 Soner Solak, 7.Ola\u011fan \u0130l\u00e7e Kongresi&#8217;nde g\u00fcven tazeleyerek yeniden ba\u015fkanl\u0131\u011f\u0131 se\u00e7ildi.\u00a0 Karacao\u011flan \u00c7\u0131naralt\u0131 park\u0131nda ger\u00e7ekle\u015ftirilen kongreye TBMM Plan ve B\u00fct\u00e7e Komisyonu Ba\u015fkan\u0131 L\u00fctfi Elvan, Ak Parti Mersin &hellip; <a href=\"https:\/\/akdenizolaygazetesi.com\/?p=7845\" class=\"more-link\">Devam\u0131n\u0131 Oku&#8230;<\/a><\/p>\n","protected":false},"author":1,"featured_media":0,"comment_status":"open","ping_status":"open","sticky":false,"template":"","format":"standard","meta":[],"categories":[],"tags":[],"_links":{"self":[{"href":"https:\/\/akdenizolaygazetesi.com\/index.php?rest_route=\/wp\/v2\/posts\/7845"}],"collection":[{"href":"https:\/\/akdenizolaygazetesi.com\/index.php?rest_route=\/wp\/v2\/posts"}],"about":[{"href":"https:\/\/akdenizolaygazetesi.com\/index.php?rest_route=\/wp\/v2\/types\/post"}],"author":[{"embeddable":true,"href":"https:\/\/akdenizolaygazetesi.com\/index.php?rest_route=\/wp\/v2\/users\/1"}],"replies":[{"embeddable":true,"href":"https:\/\/akdenizolaygazetesi.com\/index.php?rest_route=%2Fwp%2Fv2%2Fcomments&post=7845"}],"version-history":[{"count":0,"href":"https:\/\/akdenizolaygazetesi.com\/index.php?rest_route=\/wp\/v2\/posts\/7845\/revisions"}],"wp:attachment":[{"href":"https:\/\/akdenizolaygazetesi.com\/index.php?rest_route=%2Fwp%2Fv2%2Fmedia&parent=7845"}],"wp:term":[{"taxonomy":"category","embeddable":true,"href":"https:\/\/akdenizolaygazetesi.com\/index.php?rest_route=%2Fwp%2Fv2%2Fcategories&post=7845"},{"taxonomy":"post_tag","embeddable":true,"href":"https:\/\/akdenizolaygazetesi.com\/index.php?rest_route=%2Fwp%2Fv2%2Ftags&post=7845"}],"curies":[{"name":"wp","href":"https:\/\/api.w.org\/{rel}","templated":true}]}}