{"id":7868,"date":"2020-11-04T18:28:20","date_gmt":"2020-11-04T15:28:20","guid":{"rendered":"http:\/\/mersinekonomipolitikagazetesi.com\/?p=7868"},"modified":"2020-11-04T18:28:20","modified_gmt":"2020-11-04T15:28:20","slug":"agustos-ayi-itibariyle-su-faturalarinda-normal-odeme-surecine-gecildi","status":"publish","type":"post","link":"https:\/\/akdenizolaygazetesi.com\/?p=7868","title":{"rendered":"A\u011fustos ay\u0131 itibariyle su faturalar\u0131nda normal \u00f6deme s\u00fcrecine ge\u00e7ildi"},"content":{"rendered":"<p>MESK\u0130 Genel M\u00fcd\u00fcrl\u00fc\u011f\u00fc, baz\u0131 sosyal medya hesaplar\u0131nda yer alan \u201c\u00f6n\u00fcm\u00fczdeki aylara ait fatura\u201d iddialar\u0131 ile ilgili olarak kamuoyunun do\u011fru bilgilendirilmesi amac\u0131yla bir a\u00e7\u0131klama yapt\u0131. May\u0131s ay\u0131nda yap\u0131lan MESK\u0130 Ola\u011fan\u00fcst\u00fc Genel Kurulu\u2019nda al\u0131nan karar ile May\u0131s, Haziran ve Temmuz aylar\u0131 su faturalar\u0131n\u0131n son \u00f6deme tarihlerinin faizsiz olarak 3 ay s\u00fcreyle ertelendi\u011fi hat\u0131rlat\u0131ld\u0131.<br \/>\n\u00a0<br \/>\nMESK\u0130 Genel M\u00fcd\u00fcr Vekili \u0130rfan Korkmaz, \u201cSu faturalar\u0131nda son \u00f6deme tarihi ibaresinde g\u00f6r\u00fclen A\u011fustos, Eyl\u00fcl ve Ekim aylar\u0131, abonelerimizin ge\u00e7mi\u015f May\u0131s, Haziran ve Temmuz aylar\u0131na ait 3 ayl\u0131k d\u00f6neme ait bor\u00e7lar\u0131d\u0131r\u201d dedi.<br \/>\nMersin B\u00fcy\u00fck\u015fehir Belediyesi Mersin Su ve Kanalizasyon \u0130daresi (MESK\u0130) Genel M\u00fcd\u00fcrl\u00fc\u011f\u00fc, baz\u0131 sosyal medya hesaplar\u0131nda yer alan \u201c\u00f6n\u00fcm\u00fczdeki aylara ait fatura\u201d iddialar\u0131 ile ilgili olarak kamuoyunun do\u011fru bilgilendirilmesi amac\u0131yla a\u00e7\u0131klama yapt\u0131.<br \/>\n\u00a0<br \/>\n17\/04\/2020 tarih ve 31102 say\u0131l\u0131 Resmi Gazete\u2019de yay\u0131nlanarak y\u00fcr\u00fcrl\u00fc\u011fe giren \u20187244 Say\u0131l\u0131 Yeni Koronavir\u00fcs (Covid-19) Salg\u0131n\u0131n\u0131n Ekonomik ve Sosyal Hayata Etkilerinin Azalt\u0131lmas\u0131 Hakk\u0131nda Kanun ile Baz\u0131 Kanunlarda De\u011fi\u015fiklik Yap\u0131lmas\u0131na Dair Kanununun 1inci Maddesinin (e) bendi\u2019; \u201cB\u00fcy\u00fck\u015fehir Belediyeleri, belediyeler ve ba\u011fl\u0131 kurulu\u015flar\u0131n\u0131n konutlara ve faaliyetleri durdurulan veya faaliyette bulunamayan i\u015fyerlerine ili\u015fkin su t\u00fcketimine ba\u011fl\u0131 alacaklar\u0131, bu maddenin y\u00fcr\u00fcrl\u00fc\u011fe girdi\u011fi tarihten itibaren 3 ayl\u0131k d\u00f6neme ili\u015fkin tahsil edilmesi gerekenlerle s\u0131n\u0131rl\u0131 olmak \u00fczere belediye meclisi taraf\u0131ndan 3 ay ertelenebilir. Bu s\u00fcreler, bitiminden itibaren 3 aya kadar belediye meclisince uzat\u0131labilir. Bu alacaklar ertelenen s\u00fcre sonunda, ertelenen s\u00fcre kadar ayl\u0131k e\u015fit taksitler halinde, herhangi bir gecikme zamm\u0131 ve faiz uygulanmadan tahsil edilir\u201d h\u00fckm\u00fcn\u00fc i\u00e7eriyor. Bu maddeye istinaden, 16 May\u0131s 2020 tarihinde yap\u0131lan MESK\u0130\u2019nin Ola\u011fan\u00fcst\u00fc Genel Kurulu\u2019nda al\u0131nan karar do\u011frultusunda May\u0131s, Haziran ve Temmuz aylar\u0131na ait su faturalar\u0131n\u0131n son \u00f6deme tarihleri 3 ay s\u00fcreyle ertelenmi\u015fti. A\u011fustos ay\u0131 itibariyle su faturalar\u0131nda normal \u00f6deme s\u00fcrecine ge\u00e7ildi.<br \/>\n\u00a0<br \/>\nMESK\u0130 Genel M\u00fcd\u00fcr Vekili \u0130rfan Korkmaz konuyla ilgili olarak yapt\u0131\u011f\u0131 a\u00e7\u0131klamada; \u201cVatanda\u015flar\u0131m\u0131z\u0131n koronavir\u00fcs salg\u0131n\u0131 d\u00f6neminde \u00f6deme g\u00fc\u00e7l\u00fc\u011f\u00fc ya\u015famamas\u0131 ad\u0131na, faturalar\u0131n\u0131n \u00f6deme tarihlerini 3 ay s\u00fcreyle, herhangi bir faiz eklemeksizin erteledik. Ayr\u0131ca, bu faturalara gecikme zamm\u0131 uygulamayaca\u011f\u0131z. Genel Kurul\u2019da al\u0131nan bu kararla vatanda\u015flar\u0131m\u0131z\u0131n ma\u011fdur olmamas\u0131n\u0131 ama\u00e7l\u0131yoruz. \u00d6rne\u011fin, 26 Haziran\u2019da yaz\u0131lan bir su faturas\u0131n\u0131n son \u00f6demesi, ald\u0131\u011f\u0131m\u0131z karar do\u011frultusunda 26 Eyl\u00fcl\u2019e, 18 Temmuz\u2019da yaz\u0131lan bir su faturas\u0131n\u0131n son \u00f6deme tarihi ise 18 Ekim\u2019e erteleniyor. Bu kapsamda, May\u0131s ay\u0131 faturas\u0131n\u0131 \u00f6demeyen abonelerimiz, A\u011fustos ay\u0131nda May\u0131s ve A\u011fustos aylar\u0131na ait faturalar\u0131n\u0131n \u00f6demesini yapacaklar. Su faturalar\u0131nda son \u00f6deme tarihi ibaresinde g\u00f6r\u00fclen A\u011fustos, Eyl\u00fcl ve Ekim aylar\u0131, abonelerimizin ge\u00e7mi\u015f May\u0131s, Haziran ve Temmuz aylar\u0131na ait 3 ayl\u0131k d\u00f6neme ait bor\u00e7lar\u0131d\u0131r\u201d dedi.\u00a0<\/p>\n","protected":false},"excerpt":{"rendered":"<p>MESK\u0130 Genel M\u00fcd\u00fcrl\u00fc\u011f\u00fc, baz\u0131 sosyal medya hesaplar\u0131nda yer alan \u201c\u00f6n\u00fcm\u00fczdeki aylara ait fatura\u201d iddialar\u0131 ile ilgili olarak kamuoyunun do\u011fru bilgilendirilmesi amac\u0131yla bir a\u00e7\u0131klama yapt\u0131. May\u0131s ay\u0131nda yap\u0131lan MESK\u0130 Ola\u011fan\u00fcst\u00fc Genel &hellip; <a href=\"https:\/\/akdenizolaygazetesi.com\/?p=7868\" class=\"more-link\">Devam\u0131n\u0131 Oku&#8230;<\/a><\/p>\n","protected":false},"author":1,"featured_media":0,"comment_status":"open","ping_status":"open","sticky":false,"template":"","format":"standard","meta":[],"categories":[],"tags":[],"_links":{"self":[{"href":"https:\/\/akdenizolaygazetesi.com\/index.php?rest_route=\/wp\/v2\/posts\/7868"}],"collection":[{"href":"https:\/\/akdenizolaygazetesi.com\/index.php?rest_route=\/wp\/v2\/posts"}],"about":[{"href":"https:\/\/akdenizolaygazetesi.com\/index.php?rest_route=\/wp\/v2\/types\/post"}],"author":[{"embeddable":true,"href":"https:\/\/akdenizolaygazetesi.com\/index.php?rest_route=\/wp\/v2\/users\/1"}],"replies":[{"embeddable":true,"href":"https:\/\/akdenizolaygazetesi.com\/index.php?rest_route=%2Fwp%2Fv2%2Fcomments&post=7868"}],"version-history":[{"count":0,"href":"https:\/\/akdenizolaygazetesi.com\/index.php?rest_route=\/wp\/v2\/posts\/7868\/revisions"}],"wp:attachment":[{"href":"https:\/\/akdenizolaygazetesi.com\/index.php?rest_route=%2Fwp%2Fv2%2Fmedia&parent=7868"}],"wp:term":[{"taxonomy":"category","embeddable":true,"href":"https:\/\/akdenizolaygazetesi.com\/index.php?rest_route=%2Fwp%2Fv2%2Fcategories&post=7868"},{"taxonomy":"post_tag","embeddable":true,"href":"https:\/\/akdenizolaygazetesi.com\/index.php?rest_route=%2Fwp%2Fv2%2Ftags&post=7868"}],"curies":[{"name":"wp","href":"https:\/\/api.w.org\/{rel}","templated":true}]}}