{"id":7884,"date":"2020-11-04T18:28:20","date_gmt":"2020-11-04T15:28:20","guid":{"rendered":"http:\/\/mersinekonomipolitikagazetesi.com\/?p=7884"},"modified":"2020-11-04T18:28:20","modified_gmt":"2020-11-04T15:28:20","slug":"istanbul-sozlesmesi-kirmizi-cizgimizdir","status":"publish","type":"post","link":"https:\/\/akdenizolaygazetesi.com\/?p=7884","title":{"rendered":"\u2018\u0130STANBUL S\u00d6ZLE\u015eMES\u0130\u2019 KIRMIZI \u00c7\u0130ZG\u0130M\u0130ZD\u0130R"},"content":{"rendered":"<p>Cumhuriyet Halk Partisi Kad\u0131n Kollar\u0131 81 ilde ortak a\u00e7\u0131klama yaparak \u201c\u0130stanbul S\u00f6zle\u015fmesi k\u0131rm\u0131z\u0131 \u00e7izgimizdir\u201d dedi. CHP Mersin Kad\u0131n Kollar\u0131 Ba\u015fkan\u0131 G\u00fcl\u015fah Y\u0131ld\u0131r\u0131m Gen\u00e7, \u201cBirilerinin iddia etti\u011fi gibi \u0130stanbul S\u00f6zle\u015fmesi yuva y\u0131km\u0131yor. S\u00f6zle\u015fme, bir ailede \u015fiddet g\u00f6ren kad\u0131n varsa erke\u011fin cezaland\u0131r\u0131lmas\u0131 gerekti\u011fini s\u00f6yl\u00fcyor.\u201d diye konu\u015ftu.<\/p>\n<p>CHP Kad\u0131n Kollar\u0131 Ba\u015fkan\u0131 Aylin Nazl\u0131aka\u2019n\u0131n \u00f6nderli\u011finde yurt genelinde \u0130stanbul S\u00f6zle\u015fmesi\u2019ne y\u00f6nelik a\u00e7\u0131klama ger\u00e7ekle\u015fti. Mersin CHP \u0130l Binas\u0131 \u00f6n\u00fcnde bir araya gelen kad\u0131nlar \u0130stanbul S\u00f6zle\u015fmesi hakk\u0131nda bas\u0131n a\u00e7\u0131klamas\u0131 yapt\u0131. Mersin CHP Kad\u0131n Kollar\u0131 Ba\u015fkan\u0131 G\u00fcl\u015fah Y\u0131ld\u0131r\u0131m Gen\u00e7 yapt\u0131\u011f\u0131 a\u00e7\u0131klamada, \u201cT\u00fcrkiye\u2019de sosyal devlete ve adalete, ekmek gibi, su gibi bir ihtiya\u00e7 duydu\u011fumuz g\u00fcnlerden ge\u00e7iyoruz. Bug\u00fcn \u00fclkemizin her bir k\u00f6\u015fesi i\u015fsizlik, yoksulluk, adaletsizlik ve \u015fiddet ile kaynarken, siyasi iktidar yang\u0131na benzin d\u00f6kecek kadar kontrol\u00fcn\u00fc yitirmi\u015f kararlar al\u0131yor.Bunun en ak\u0131l almaz \u00f6rne\u011fini de, \u0130stanbul S\u00f6zle\u015fmesi \u00fczerinden kad\u0131nlara y\u00f6nelik ba\u015flat\u0131lan sistematik sald\u0131r\u0131larda g\u00f6r\u00fcyoruz. Cumhuriyetimizin ilan edildi\u011fi tarihten bu yana, kad\u0131nlar olarak elde etti\u011fimiz t\u00fcm haklar bir \u00e7\u0131rp\u0131da elimizden al\u0131nmak isteniyor.\u201d dedi.<\/p>\n<p>\u201cBiz kad\u0131nlar elde etti\u011fimiz haklar\u0131m\u0131z\u0131 bug\u00fcn hayat\u0131n her alan\u0131nda ya\u015famak istiyoruz\u201d<\/p>\n<p>T\u00fcrkiye\u2019de kad\u0131n haklar\u0131n\u0131n ka\u011f\u0131t \u00fczerinde var oldu\u011funu belirten Gen\u00e7, \u201cBiz kad\u0131nlar elde etti\u011fimiz haklar\u0131m\u0131z\u0131 bug\u00fcn hayat\u0131n her alan\u0131nda ya\u015famak istiyoruz. Erkek egemen iktidar ise hukuken kazan\u0131lm\u0131\u015f haklar\u0131m\u0131z\u0131 gasp etti\u011fi yetmiyormu\u015f gibi, \u015fimdi de bu haklar\u0131 tamamen ortadan kald\u0131rmak istiyor. 2011 y\u0131l\u0131nda imzalanan ve kad\u0131na y\u00f6nelik \u015fiddete kar\u015f\u0131 devletin atmas\u0131 gereken ad\u0131mlar\u0131 temel alan \u0130stanbul S\u00f6zle\u015fmesi, bug\u00fcn tam olarak uygulan\u0131yor olsa idi bir\u00e7ok k\u0131z karde\u015fimiz ya\u015f\u0131yor olacakt\u0131. Bir\u00e7ok kad\u0131n evde ekonomik \u015fiddet g\u00f6rmeyecekti; psikolojik \u015fiddete u\u011fray\u0131p susmayacakt\u0131 ve hatta bu y\u00fczden hayat\u0131na son vermeyecekti. \u0130stanbul S\u00f6zle\u015fmesi\u2019nin neden biz kad\u0131nlar i\u00e7in \u00e7ok \u00f6nemli oldu\u011funu kavrayabilmek i\u00e7in \u00f6ncelikle bu s\u00f6zle\u015fmenin ne olup ne olmad\u0131\u011f\u0131n\u0131 bizi dinleyen t\u00fcm kad\u0131nlar\u0131n ve erkeklerin \u00e7ok iyi anlamas\u0131 ve \u00e7evresindekilere anlatmas\u0131 gerekiyor. \u0130stanbul S\u00f6zle\u015fmesi, kad\u0131nlara ve k\u0131z \u00e7ocuklar\u0131na y\u00f6nelik \u015fiddete kar\u015f\u0131 devletin yapmas\u0131 gerekenleri i\u00e7eren uluslararas\u0131 hukuki bir belgedir.\u201d ifadelerini kulland\u0131.<\/p>\n<p>\u00a0\u201c\u0130stanbul S\u00f6zle\u015fmesi\u2019nin 4 temel hedefi var\u201d<\/p>\n<p>\u0130stanbul S\u00f6zle\u015fmesi\u2019nin 4 temel hedefi oldu\u011funu belirten Gen\u00e7, \u201cBirincisi; kad\u0131na kar\u015f\u0131 \u015fiddetin \u00f6nlenmesi i\u00e7in devletin tedbirler almas\u0131 gerekti\u011fine i\u015faret etmektedir. \u0130kincisi; e\u011fer kad\u0131na kar\u015f\u0131 \u015fiddet hala devam ediyorsa, kad\u0131n-erkek e\u015fitsizli\u011fi s\u00fcr\u00fcyorsa devletin kad\u0131nlar\u0131n hayat\u0131n\u0131 korumak i\u00e7in etkin ad\u0131mlar atmas\u0131n\u0131 istemektedir. Devlete \u201c6284 say\u0131l\u0131 kanunu uygula, kad\u0131nlar\u0131 aktif ve etkin koru\u201d demektedir. \u00dc\u00e7\u00fcnc\u00fc ad\u0131mda ise \u015fiddet \u00f6nlenemediyse, kad\u0131nlara zarar veren erkeklerin adil yarg\u0131lanmas\u0131 ve cezaland\u0131r\u0131lmas\u0131 gerekti\u011fini vurgulamaktad\u0131r. Devlete \u201cEtkin ceza sistemi uygula, adaleti sa\u011fla\u201d demektedir.D\u00f6rd\u00fcnc\u00fc ve son ad\u0131mda ise S\u00f6zle\u015fme devlete kad\u0131nlar\u0131n daha g\u00fc\u00e7l\u00fc bireyler olabilmesi, hayat\u0131n her alan\u0131nda yer alabilmesi i\u00e7in \u00e7al\u0131\u015fmalar yapmas\u0131 gerekti\u011fini i\u015faret etmektedir. \u00d6zetle; \u0130stanbul S\u00f6zle\u015fmesi, toplumsal cinsiyet e\u015fitli\u011finin sa\u011flanmas\u0131n\u0131 \u00f6ng\u00f6ren ve kad\u0131na kar\u015f\u0131 sokakta ya da evde \u015fiddetin \u00f6nlenmesini ama\u00e7layan hukuki bir belgedir ve T\u00fcrkiye Cumhuriyeti de alt\u0131na imza att\u0131\u011f\u0131 bu s\u00f6zle\u015fmenin gereklerini yapmak zorundad\u0131r.\u201d dedi.<\/p>\n<p>\u201c\u0130stanbul S\u00f6zle\u015fmesi kad\u0131nlar\u0131n erkeklerle ayn\u0131 haklara sahip olabilmesi i\u00e7in var\u201d<\/p>\n<p>\u0130stanbul S\u00f6zle\u015fmesi yuva y\u0131kmad\u0131\u011f\u0131n\u0131 vurgulayan Gen\u00e7, \u201cS\u00f6zle\u015fme, bir ailede \u015fiddet g\u00f6ren kad\u0131n varsa erke\u011fin cezaland\u0131r\u0131lmas\u0131 gerekti\u011fini s\u00f6yl\u00fcyor. Hi\u00e7bir dine ya da k\u00fclt\u00fcre ayk\u0131r\u0131 kurallardan bahsetmiyor; \u00e7\u00fcnk\u00fc t\u00fcm kad\u0131nlar\u0131n \u015fiddetten korunmas\u0131n\u0131 ama\u00e7l\u0131yor. S\u00f6zle\u015fme; kad\u0131nlar\u0131n beyan\u0131 nedeniyle erkekleri delilsiz olarak cezaland\u0131rm\u0131yor. S\u00f6zle\u015fmeye g\u00f6re kad\u0131n\u0131n beyan\u0131yla yaln\u0131zca kad\u0131n i\u00e7in acil koruma tedbirleri al\u0131nmas\u0131 \u00f6ng\u00f6r\u00fcl\u00fcyor.T\u00fcrkiye\u2019de bo\u015fanmalar aile i\u00e7i \u015fiddet ya da anla\u015fmazl\u0131k nedeniyle ger\u00e7ekle\u015fiyor; yine birilerinin iddia etti\u011fi gibi \u0130stanbul S\u00f6zle\u015fmesi\u2019nde bo\u015fanma kavram\u0131n\u0131n ge\u00e7ti\u011fi ya da ima edildi\u011fi tek bir sat\u0131r yok. S\u00f6zle\u015fme toplumu cinsiyetsizle\u015ftirmiyor; aksine hi\u00e7 kimsenin cinsiyetinden \u00f6t\u00fcr\u00fc ikinci s\u0131n\u0131f insan muamelesi g\u00f6rmemesini teminat alt\u0131na al\u0131yor.Erkekler, \u0130stanbul S\u00f6zle\u015fmesi\u2019nden rahats\u0131z de\u011fil; e\u015fine, sevgilisine ya da hi\u00e7 tan\u0131mad\u0131\u011f\u0131 bir kad\u0131na \u015fiddet uygulayan, katleden, tacizci, tecav\u00fczc\u00fc erkekler rahats\u0131z. K\u0131sacas\u0131; \u0130stanbul S\u00f6zle\u015fmesi, rengi, dili, dini, k\u0131l\u0131k k\u0131yafeti, d\u00fcnya g\u00f6r\u00fc\u015f\u00fc ne olursa olsun t\u00fcm kad\u0131nlar\u0131n \u015fiddet g\u00f6rmemesi i\u00e7in var. Kad\u0131nlar\u0131n erkeklerle ayn\u0131 haklara sahip olabilmesi i\u00e7in var.\u201d diye konu\u015ftu.<\/p>\n<p>\u201cKad\u0131n m\u00fccadelesi yaln\u0131zca kad\u0131nlar\u0131n da m\u00fccadelesi de\u011fil\u201d<\/p>\n<p>Avrupa\u2019da kad\u0131n\u0131n sosyal ve siyasal hayatta yeri yokken; T\u00fcrkiye Cumhuriyeti\u2019nin ayd\u0131n kad\u0131nlar\u0131n\u0131n Atat\u00fcrk\u2019\u00fcn \u00f6nderli\u011finde devrim niteli\u011finde at\u0131l\u0131mlara imza atarak erkekler ile e\u015fit \u015fartlara kavu\u015fmu\u015f, hem siyasal hem sosyal hem de ekonomik hayatta haklar\u0131n\u0131 ald\u0131klar\u0131n\u0131 belirten Gen\u00e7, \u201cCumhuriyetimizin kurucusu Gazi Mustafa Kemal Atat\u00fcrk, 1 Aral\u0131k 1923 y\u0131l\u0131nda \u0130zmir\u2019de yapt\u0131\u011f\u0131 bir konu\u015fmada \u201cBir toplum, cinslerden yaln\u0131z birinin y\u00fczy\u0131l\u0131m\u0131z\u0131n gerektirdiklerini elde etmesiyle yetinirse, o toplum yar\u0131 yar\u0131ya zay\u0131flam\u0131\u015f olur. Bizim toplumumuzun u\u011frad\u0131\u011f\u0131 ba\u015far\u0131s\u0131zl\u0131klar\u0131n sebebi kad\u0131nlar\u0131m\u0131za kar\u015f\u0131 ihmal ve kusurdur\u201d diyor. Biz, bu s\u00f6z\u00fcn s\u00f6ylendi\u011fi tarihten 97 y\u0131l sonra \u00fclkemizde kad\u0131n erkek f\u0131rsat e\u015fitsizli\u011fini tart\u0131\u015f\u0131yoruz; \u0130stanbul S\u00f6zle\u015fmesi\u2019ne y\u00f6nelik sald\u0131r\u0131larla m\u00fccadele ediyoruz. Demokrasiyi ortadan kald\u0131rmak isteyen, Cumhuriyet de\u011ferlerine sava\u015f a\u00e7an bu erkek egemen iktidara kar\u015f\u0131 m\u00fccadelemiz artarak devam edecek ve kazanan mutlaka biz olaca\u011f\u0131z. Kad\u0131n m\u00fccadelesi yaln\u0131zca kad\u0131nlar\u0131n da m\u00fccadelesi de\u011fil. \u0130stanbul S\u00f6zle\u015fmesi\u2019ni savunmak ve uygulanmas\u0131n\u0131 talep etmek, kad\u0131nlar kadar erkeklerinde i\u00e7inde yer almas\u0131 gereken bir adalet ve insan hakk\u0131 m\u00fccadelesidir.\u0130stanbul S\u00f6zle\u015fmesi\u2019nin \u00f6ng\u00f6rd\u00fc\u011f\u00fc haklar, en temel insan haklar\u0131d\u0131r ve insan haklar\u0131 asla tart\u0131\u015fmaya a\u00e7\u0131lamaz.\u201d diye s\u00f6yledi.<\/p>\n<p>\u201c\u0130stanbul S\u00f6zle\u015fmesi kalacak siz gideceksiniz!\u201d<\/p>\n<p>Cumhuriyet Halk Partisi Kad\u0131n Kollar\u0131 olarak, \u00fclkede ki t\u00fcm kad\u0131nlar\u0131n haklar\u0131n\u0131 \u00f6\u011frenip savunana kadar sokak sokak gezeceklerini ve anlatacaklar\u0131n\u0131 dile getiren Gen\u00e7, \u201cHaklar\u0131m\u0131zdan asla geri ad\u0131m atmayaca\u011f\u0131z. Kad\u0131nlar\u0131n \u00f6lmeyece\u011fi, \u00f6ld\u00fcr\u00fclmeyece\u011fi; hayat\u0131n her alan\u0131nda daha fazla yer alaca\u011f\u0131 bir gelece\u011fi hep birlikte in\u015fa edece\u011fiz.Bug\u00fcn neredeyse her g\u00fcn bir kad\u0131n\u0131n \u00f6ld\u00fcr\u00fcld\u00fc\u011f\u00fc, tacize, tecav\u00fcze ya da farkl\u0131 \u015fiddet t\u00fcrlerine maruz kald\u0131\u011f\u0131 \u00fclkemizde \u0130stanbul S\u00f6zle\u015fmesi, bizim k\u0131rm\u0131z\u0131 \u00e7izgimizdir. Bu \u00e7izgiyi a\u015fanlara, S\u00f6zle\u015fme\u2019yi uygulamak yerine kald\u0131rmak isteyenlere oturduklar\u0131 koltuklar\u0131 dar edece\u011fiz. \u0130stanbul S\u00f6zle\u015fmesi kalacak siz gideceksiniz!\u201d \u015fekilde konu\u015ftu.<\/p>\n","protected":false},"excerpt":{"rendered":"<p>Cumhuriyet Halk Partisi Kad\u0131n Kollar\u0131 81 ilde ortak a\u00e7\u0131klama yaparak \u201c\u0130stanbul S\u00f6zle\u015fmesi k\u0131rm\u0131z\u0131 \u00e7izgimizdir\u201d dedi. CHP Mersin Kad\u0131n Kollar\u0131 Ba\u015fkan\u0131 G\u00fcl\u015fah Y\u0131ld\u0131r\u0131m Gen\u00e7, \u201cBirilerinin iddia etti\u011fi gibi \u0130stanbul S\u00f6zle\u015fmesi yuva &hellip; <a href=\"https:\/\/akdenizolaygazetesi.com\/?p=7884\" class=\"more-link\">Devam\u0131n\u0131 Oku&#8230;<\/a><\/p>\n","protected":false},"author":1,"featured_media":0,"comment_status":"open","ping_status":"open","sticky":false,"template":"","format":"standard","meta":[],"categories":[],"tags":[],"_links":{"self":[{"href":"https:\/\/akdenizolaygazetesi.com\/index.php?rest_route=\/wp\/v2\/posts\/7884"}],"collection":[{"href":"https:\/\/akdenizolaygazetesi.com\/index.php?rest_route=\/wp\/v2\/posts"}],"about":[{"href":"https:\/\/akdenizolaygazetesi.com\/index.php?rest_route=\/wp\/v2\/types\/post"}],"author":[{"embeddable":true,"href":"https:\/\/akdenizolaygazetesi.com\/index.php?rest_route=\/wp\/v2\/users\/1"}],"replies":[{"embeddable":true,"href":"https:\/\/akdenizolaygazetesi.com\/index.php?rest_route=%2Fwp%2Fv2%2Fcomments&post=7884"}],"version-history":[{"count":0,"href":"https:\/\/akdenizolaygazetesi.com\/index.php?rest_route=\/wp\/v2\/posts\/7884\/revisions"}],"wp:attachment":[{"href":"https:\/\/akdenizolaygazetesi.com\/index.php?rest_route=%2Fwp%2Fv2%2Fmedia&parent=7884"}],"wp:term":[{"taxonomy":"category","embeddable":true,"href":"https:\/\/akdenizolaygazetesi.com\/index.php?rest_route=%2Fwp%2Fv2%2Fcategories&post=7884"},{"taxonomy":"post_tag","embeddable":true,"href":"https:\/\/akdenizolaygazetesi.com\/index.php?rest_route=%2Fwp%2Fv2%2Ftags&post=7884"}],"curies":[{"name":"wp","href":"https:\/\/api.w.org\/{rel}","templated":true}]}}