{"id":7891,"date":"2020-11-04T18:28:21","date_gmt":"2020-11-04T15:28:21","guid":{"rendered":"http:\/\/mersinekonomipolitikagazetesi.com\/?p=7891"},"modified":"2020-11-04T18:28:21","modified_gmt":"2020-11-04T15:28:21","slug":"piknikcilerin-ugrak-yeri-olan-golet-cevresinde-yangin-cikti","status":"publish","type":"post","link":"https:\/\/akdenizolaygazetesi.com\/?p=7891","title":{"rendered":"Piknik\u00e7ilerin u\u011frak yeri olan g\u00f6let  \u00e7evresinde yang\u0131n \u00e7\u0131kt\u0131"},"content":{"rendered":"<p>Mersin&#8217;in Erdemli il\u00e7esinde piknik\u00e7ilerin de u\u011frak yeri olan Esenp\u0131nar G\u00f6leti k\u0131y\u0131s\u0131ndaki makilik alanda yang\u0131n \u00e7\u0131kt\u0131. R\u00fczgar\u0131n da etkili oldu\u011fu b\u00f6lgede itfaiyenin zaman\u0131nda m\u00fcdahalesiyle yang\u0131n s\u00f6nd\u00fcr\u00fcld\u00fc.\u00a0<br \/>\nEdinilen bilgiye g\u00f6re, il\u00e7eye ba\u011fl\u0131 Esenp\u0131nar Mahallesinde piknik\u00e7ilerin de u\u011frak yeri olan Esenp\u0131nar G\u00f6leti \u00e7evresindeki makilik alanda hen\u00fcz bilinmeyen bir nedenle yang\u0131n \u00e7\u0131kt\u0131. Vatanda\u015flar\u0131n haber vermesiyle Mersin B\u00fcy\u00fck\u015fehir Belediyesine ait itfaiye ekipleri k\u0131sa s\u00fcrede yang\u0131n b\u00f6lgesine ula\u015farak alevlere m\u00fcdahalede bulundu. R\u00fczgar\u0131n da etkili oldu\u011fu b\u00f6lgede yang\u0131ndan yakla\u015f\u0131k 2 d\u00f6n\u00fcml\u00fck makilik alan etkilendi. Yang\u0131n zaman\u0131nda m\u00fcdahaleyle b\u00fcy\u00fcmeden s\u00f6nd\u00fcr\u00fcld\u00fc.\u00a0<br \/>\nYang\u0131n\u0131n \u00e7\u0131k\u0131\u015f sebebiyle ilgili inceleme ba\u015flat\u0131ld\u0131. \u00a0<\/p>\n","protected":false},"excerpt":{"rendered":"<p>Mersin&#8217;in Erdemli il\u00e7esinde piknik\u00e7ilerin de u\u011frak yeri olan Esenp\u0131nar G\u00f6leti k\u0131y\u0131s\u0131ndaki makilik alanda yang\u0131n \u00e7\u0131kt\u0131. R\u00fczgar\u0131n da etkili oldu\u011fu b\u00f6lgede itfaiyenin zaman\u0131nda m\u00fcdahalesiyle yang\u0131n s\u00f6nd\u00fcr\u00fcld\u00fc.\u00a0 Edinilen bilgiye g\u00f6re, il\u00e7eye ba\u011fl\u0131 &hellip; <a href=\"https:\/\/akdenizolaygazetesi.com\/?p=7891\" class=\"more-link\">Devam\u0131n\u0131 Oku&#8230;<\/a><\/p>\n","protected":false},"author":1,"featured_media":0,"comment_status":"open","ping_status":"open","sticky":false,"template":"","format":"standard","meta":[],"categories":[],"tags":[],"_links":{"self":[{"href":"https:\/\/akdenizolaygazetesi.com\/index.php?rest_route=\/wp\/v2\/posts\/7891"}],"collection":[{"href":"https:\/\/akdenizolaygazetesi.com\/index.php?rest_route=\/wp\/v2\/posts"}],"about":[{"href":"https:\/\/akdenizolaygazetesi.com\/index.php?rest_route=\/wp\/v2\/types\/post"}],"author":[{"embeddable":true,"href":"https:\/\/akdenizolaygazetesi.com\/index.php?rest_route=\/wp\/v2\/users\/1"}],"replies":[{"embeddable":true,"href":"https:\/\/akdenizolaygazetesi.com\/index.php?rest_route=%2Fwp%2Fv2%2Fcomments&post=7891"}],"version-history":[{"count":0,"href":"https:\/\/akdenizolaygazetesi.com\/index.php?rest_route=\/wp\/v2\/posts\/7891\/revisions"}],"wp:attachment":[{"href":"https:\/\/akdenizolaygazetesi.com\/index.php?rest_route=%2Fwp%2Fv2%2Fmedia&parent=7891"}],"wp:term":[{"taxonomy":"category","embeddable":true,"href":"https:\/\/akdenizolaygazetesi.com\/index.php?rest_route=%2Fwp%2Fv2%2Fcategories&post=7891"},{"taxonomy":"post_tag","embeddable":true,"href":"https:\/\/akdenizolaygazetesi.com\/index.php?rest_route=%2Fwp%2Fv2%2Ftags&post=7891"}],"curies":[{"name":"wp","href":"https:\/\/api.w.org\/{rel}","templated":true}]}}