{"id":7892,"date":"2020-11-04T18:28:21","date_gmt":"2020-11-04T15:28:21","guid":{"rendered":"http:\/\/mersinekonomipolitikagazetesi.com\/?p=7892"},"modified":"2020-11-04T18:28:21","modified_gmt":"2020-11-04T15:28:21","slug":"buyuksehir-belediyesi-genclik-kampi-yasli-vatandaslari-agirladi","status":"publish","type":"post","link":"https:\/\/akdenizolaygazetesi.com\/?p=7892","title":{"rendered":"B\u00fcy\u00fck\u015fehir Belediyesi gen\u00e7lik kamp\u0131, ya\u015fl\u0131  vatanda\u015flar\u0131 a\u011f\u0131rlad\u0131"},"content":{"rendered":"<p>Toplumun t\u00fcm kesimlerinin sosyalle\u015fmesi, \u00f6zellikle pandemi nedeniyle ya\u015fanan psikolojik sorunlar\u0131n asgariye indirilmesi i\u00e7in projeler geli\u015ftiren Mersin B\u00fcy\u00fck\u015fehir Belediyesi, bunlara bir yenisini daha ekledi.\u00a0<br \/>\nB\u00fcy\u00fck\u015fehir Belediyesi Engelliler ve Sa\u011fl\u0131k Hizmetleri Dairesi Ba\u015fkanl\u0131\u011f\u0131 Sa\u011fl\u0131k Hizmetleri \u015eube M\u00fcd\u00fcrl\u00fc\u011f\u00fc b\u00fcnyesinde faaliyet g\u00f6steren Ya\u015fl\u0131 Destek Hizmetleri ve Alzheimer ve Demans Hasta ile Hasta Yak\u0131nlar\u0131 Bulu\u015fma Merkezi\u2019nden hizmet alan ya\u015f alm\u0131\u015f vatanda\u015flar, yaln\u0131zl\u0131klar\u0131n\u0131n payla\u015f\u0131lmas\u0131 ve g\u00fcvenli \u015fekilde sosyalle\u015fmelerinin sa\u011flanmas\u0131 amac\u0131yla Tarsus Gen\u00e7lik Kamp\u0131\u2019nda d\u00fczenlenen etkinliklere kat\u0131ld\u0131, bungalov evlerde misafir edildi. Eyl\u00fcl 2019\u2019da faaliyete ba\u015flayan, kimsesiz olan veya yaln\u0131z ya\u015fayan 65 ya\u015f \u00fcst\u00fc vatanda\u015flara hizmet veren Mersin B\u00fcy\u00fck\u015fehir Belediyesi Ya\u015fl\u0131 Destek Hizmetleri Birimi\u2019ne kay\u0131tl\u0131 230 ya\u015f alm\u0131\u015f vatanda\u015f, g\u00fcnl\u00fck telefonla aranarak, sosyal destek ve dan\u0131\u015fma hizmeti g\u00f6r\u00fcyor. \u00c7al\u0131\u015fma ile ya\u015f alm\u0131\u015f vatanda\u015flara manevi evlat olan B\u00fcy\u00fck\u015fehir personeli, pandemi nedeniyle uzun s\u00fcre evden \u00e7\u0131kamaman\u0131n olu\u015fturdu\u011fu etkileri atlatmalar\u0131 amac\u0131yla sa\u011fl\u0131k durumlar\u0131 elveri\u015fli olan 25 vatanda\u015f\u0131 ve baz\u0131lar\u0131n\u0131n yak\u0131nlar\u0131n\u0131 Tarsus Gen\u00e7lik Kamp\u0131\u2019nda misafir etti. \u00a0<\/p>\n","protected":false},"excerpt":{"rendered":"<p>Toplumun t\u00fcm kesimlerinin sosyalle\u015fmesi, \u00f6zellikle pandemi nedeniyle ya\u015fanan psikolojik sorunlar\u0131n asgariye indirilmesi i\u00e7in projeler geli\u015ftiren Mersin B\u00fcy\u00fck\u015fehir Belediyesi, bunlara bir yenisini daha ekledi.\u00a0 B\u00fcy\u00fck\u015fehir Belediyesi Engelliler ve Sa\u011fl\u0131k Hizmetleri Dairesi &hellip; <a href=\"https:\/\/akdenizolaygazetesi.com\/?p=7892\" class=\"more-link\">Devam\u0131n\u0131 Oku&#8230;<\/a><\/p>\n","protected":false},"author":1,"featured_media":0,"comment_status":"open","ping_status":"open","sticky":false,"template":"","format":"standard","meta":[],"categories":[],"tags":[],"_links":{"self":[{"href":"https:\/\/akdenizolaygazetesi.com\/index.php?rest_route=\/wp\/v2\/posts\/7892"}],"collection":[{"href":"https:\/\/akdenizolaygazetesi.com\/index.php?rest_route=\/wp\/v2\/posts"}],"about":[{"href":"https:\/\/akdenizolaygazetesi.com\/index.php?rest_route=\/wp\/v2\/types\/post"}],"author":[{"embeddable":true,"href":"https:\/\/akdenizolaygazetesi.com\/index.php?rest_route=\/wp\/v2\/users\/1"}],"replies":[{"embeddable":true,"href":"https:\/\/akdenizolaygazetesi.com\/index.php?rest_route=%2Fwp%2Fv2%2Fcomments&post=7892"}],"version-history":[{"count":0,"href":"https:\/\/akdenizolaygazetesi.com\/index.php?rest_route=\/wp\/v2\/posts\/7892\/revisions"}],"wp:attachment":[{"href":"https:\/\/akdenizolaygazetesi.com\/index.php?rest_route=%2Fwp%2Fv2%2Fmedia&parent=7892"}],"wp:term":[{"taxonomy":"category","embeddable":true,"href":"https:\/\/akdenizolaygazetesi.com\/index.php?rest_route=%2Fwp%2Fv2%2Fcategories&post=7892"},{"taxonomy":"post_tag","embeddable":true,"href":"https:\/\/akdenizolaygazetesi.com\/index.php?rest_route=%2Fwp%2Fv2%2Ftags&post=7892"}],"curies":[{"name":"wp","href":"https:\/\/api.w.org\/{rel}","templated":true}]}}