{"id":7896,"date":"2020-11-04T18:28:21","date_gmt":"2020-11-04T15:28:21","guid":{"rendered":"http:\/\/mersinekonomipolitikagazetesi.com\/?p=7896"},"modified":"2020-11-04T18:28:21","modified_gmt":"2020-11-04T15:28:21","slug":"fransaya-degil-mersin-halkina-gidelim","status":"publish","type":"post","link":"https:\/\/akdenizolaygazetesi.com\/?p=7896","title":{"rendered":"\u201cFRANSA\u2019YA DE\u011e\u0130L, MERS\u0130N HALKINA G\u0130DEL\u0130M\u201d"},"content":{"rendered":"<p>SERDAR ERKAN\u2019DAN B\u00dcY\u00dcK\u015eEH\u0130R<br \/>\nMECL\u0130S\u0130NE VE CUMHUR \u0130TT\u0130FAKINA \u00c7A\u011eRI:<\/p>\n<p>Mersin B\u00fcy\u00fck\u015fehir Belediye Meclisinde g\u00fcndeme gelen Akkuyu N\u00fckleer Santraline y\u00f6nelik meclis \u00fcyelerinin yapt\u0131\u011f\u0131 a\u00e7\u0131klamalar, Mersin Gazetesi K\u00f6\u015fe Yazar\u0131m\u0131z ve eski Makina M\u00fchendisleri Odas\u0131 Mersin \u015eube Y\u00f6netim Kurulu Ba\u015fkan\u0131 Serdar Erkan Serdar Erkan taraf\u0131ndan ele\u015ftiri ya\u011fmuruna tutuldu.<\/p>\n<p>\u00a0Erkan, \u201cMersinlilerin kendi kaderini tayin hakk\u0131 neden elinden al\u0131n\u0131yor? Gelin bu konuda karar vermek i\u00e7in Fransa&#8217;ya de\u011fil, Mersinlilere g\u00fcveniyorsan\u0131z, Mersin halk\u0131na gidelim.\u201d dedi.<\/p>\n<p>Mersin Gazetesi K\u00f6\u015fe Yazar\u0131m\u0131z ve eski Makina M\u00fchendisleri Odas\u0131 Mersin \u015eube Y\u00f6netim Kurulu Ba\u015fkan\u0131 Serdar Erkan, Mersin B\u00fcy\u00fck\u015fehir Belediyesi Meclisi\u2019nde meclis \u00fcyelerinin Akkuyu tart\u0131\u015fmalar\u0131 esnas\u0131nda kulland\u0131klar\u0131 s\u00f6zleri ele\u015ftirdi. B\u00fcy\u00fck\u015fehir Belediye Meclisinin 10 A\u011fustos 2020 Pazartesi oturumunda Akkuyu Atom Santrali Enerji Hatlar\u0131na y\u00f6nelik konular tart\u0131\u015f\u0131l\u0131rken Cumhur ittifak\u0131na ba\u011fl\u0131 meclis \u00fcyeleri s\u00f6ylemlerine dikkat \u00e7eken Erkan, \u201cFransa dahil \u00a0t\u00fcm Avrupa Birli\u011fi \u00a0\u00fclkelerinin \u00e7evre dostu yenilenebilir r\u00fczgar ve \u00a0g\u00fcne\u015f santrallerine ve daha az emisyon veren do\u011falgaz kaynaklar\u0131na belirli bir hedef ve plan dahilinde y\u00f6neldiklerini g\u00f6z ard\u0131 edip, 50-60 y\u0131l \u00f6nce petrol krizi s\u0131ras\u0131nda zorunlu olarak girdikleri ve Fransa devletinin kendisinin \u00a0i\u015fletti\u011fi Atom Santrallerini \u00f6rnek g\u00f6stermi\u015fler. \u0130laveten \u00a0\u015ferh koyan \u00a0millet ittifak\u0131 meclis \u00fcyelerine, Paris yak\u0131nlar\u0131ndaki \u00f6rnek g\u00f6stererek \u2018Atom santralleri Fransa\u2019da var, Fransa&#8217;ya gidelim\u2019 demi\u015fler. Madem b\u00f6yle bir mant\u0131k g\u00fcd\u00fcl\u00fcyor \u015f\u00f6yle bir soru sorulabilir. O zaman TOGG taraf\u0131ndan gelecek sene piyasaya \u00e7\u0131kar\u0131lacak, \u00fclkemizin otomobilini 50 y\u0131l \u00f6nceki teknolojiyle \u00fcretilen \u00a0Frans\u0131z otomobilleri gibi \u2018benzin ve motorinle \u00e7al\u0131\u015fan teknolojiyle \u00fcretilmiyor da, neden elektrikle \u00e7al\u0131\u015fan ve \u015farj edilebilen pilli otomobiller \u00fcretiliyor?\u201d diye sordu.<\/p>\n<p>\u201cAKKUYU N\u00dcKLEER G\u00dc\u00c7 A. \u015e.\u2019N\u0130N NE G\u0130B\u0130 MUAF\u0130YET\u0130 VE AYRICALI\u011eI VARA?\u201d<\/p>\n<p>Pandemi sonras\u0131 ya\u015fan\u0131lan yasaklarda t\u00fcm Mersinlilerin evden \u00e7\u0131kmayarak kurallara uydu\u011funu bunlar\u0131n i\u00e7inde sanayici, k\u00fc\u00e7\u00fck i\u015fletmecilerinde bulundu\u011funu belirten Erkan, \u201cZorunlu ve stratejik hi\u00e7bir \u00fcretim yapmad\u0131\u011f\u0131 halde ve bu yasaklara uymadan \u00e7al\u0131\u015fan, Akkuyu N\u00fckleer G\u00fc\u00e7 A.\u015e\u2019nin ne gibi muafiyeti ve ayr\u0131cal\u0131\u011f\u0131 var? \u015eu anda gelen haberlerle bu b\u00f6lgenin Mersin\u2019in pandemi merkezi olmaya aday oldu\u011funu g\u00f6steriyor. B\u00f6lgenin do\u011fas\u0131nda ve denizinde yap\u0131lacak tahribat\u0131n \u00f6tesinde, \u00c7ernobil\u2019den sab\u0131kal\u0131 firman\u0131n teknolojik deneyimine g\u00fcvenerek yap\u0131lan santralde, herhangi \u00a0bir radyasyon ka\u00e7a\u011f\u0131nda Mersin halk\u0131 ayn\u0131 bahardaki pandemi g\u00fcnlerinde oldu\u011fu gibi yasaklarla evlerine hapsolmak zorunda kalacak. \u0130laveten, Akkuyu b\u00f6lgesindeki santrale tahsis edilen ve gelecekte 30 Km \u00e7ap\u0131na \u00e7\u0131kar\u0131larak etraf\u0131ndaki k\u00f6ylerin tamamen bo\u015falt\u0131laca\u011f\u0131 mevcut araziye, 2010 y\u0131l\u0131nda yap\u0131lan anla\u015fma ve 2015 u\u00e7ak krizi sonras\u0131nda verilen \u00fcs stat\u00fcs\u00fc ile tamamen Putin\u2019in iki duda\u011f\u0131 aras\u0131nda olan Rusya\u2019n\u0131n n\u00fckleer vilayeti haline geldi\u011fi herkesin bildi\u011fi bir s\u0131r. Bunu \u00a0anlamak i\u00e7in, anla\u015fma \u00a02010 y\u0131l\u0131nda Rusya Meclisinden(DUMA) ge\u00e7erken konu\u015fan Rus yetkililerin konu\u015fmalar\u0131na bir bakmak ve u\u00e7ak krizi sonras\u0131 yat\u0131r\u0131m anla\u015fmas\u0131n\u0131n nas\u0131l donduruldu\u011funu hat\u0131rlamak yeterli. \u00d6te yandan,1980 \u00f6ncesi K\u0131br\u0131s Ambargosu ve sonras\u0131nda ya\u015fanan \u00a0bir krizde ABD ve \u0130ngiltere\u2019nin kontrol\u00fcndeki ATA\u015e rafinerisinin bir gecede nas\u0131l bak\u0131ma al\u0131nd\u0131\u011f\u0131n\u0131 ve ya\u015fanan enerji krizi ile Mersinliler nas\u0131l karanl\u0131kta kald\u0131klar\u0131n\u0131 ve g\u00fcnlerce petrol istasyonlar\u0131nda kuyrukta beklediklerini unutmad\u0131. Rusya ile ya\u015fanacak herhangi bir diplomatik bir krizde Akkuyu Santrali\u2019nin faaliyeti sorgulanacakt\u0131r. Suriye \u0130dlib\u2019de bir gecede \u00f6ld\u00fcr\u00fclen 103 askerimizin ertesinde ya\u015fanan kriz sonras\u0131, devletin \u00fcst kademesinin apar topar Putin\u2019i aya\u011f\u0131na gidip anla\u015fma imzalad\u0131klar\u0131n\u0131 Mersinliler unutmad\u0131.\u201d dedi.<\/p>\n<p>\u00a0\u201cFRANSAYA DE\u011e\u0130L, MERS\u0130N HALKINA G\u0130DEL\u0130M\u201d<\/p>\n<p>Devletin havai fi\u015fek patlamalar\u0131n\u0131 ve yang\u0131nlar\u0131n\u0131 haftalarca kontrol alt\u0131na alamad\u0131\u011f\u0131n\u0131 patlayan havai fi\u015fek malzemelerinin bile uzakla\u015ft\u0131r\u0131l\u0131rken patlamalara sebep oldu\u011funu ve can kayb\u0131n\u0131n ya\u015fand\u0131\u011f\u0131n\u0131n alt\u0131n\u0131 \u00e7izen K\u00f6\u015fe Yazar\u0131m\u0131z ve eski Makina M\u00fchendisleri Odas\u0131 Mersin \u015eube Y\u00f6netim Kurulu Ba\u015fkan\u0131 Serdar Erkan, \u201cFrans\u0131zlar veya Paris halk\u0131 kendi \u00e7\u0131karlar\u0131 i\u00e7in Atom Santralini uygun 60 y\u0131l \u00f6nce atom santralini o g\u00fcnk\u00fc ko\u015fullarda uygun g\u00f6rm\u00fc\u015f olabilir. Mersinlilerin \u2018kendi kaderini tayin hakk\u0131\u2019 neden elinden al\u0131n\u0131yor? Benim \u00a0B\u00fcy\u00fck\u015fehir Belediye Meclis \u00dcyelerine buradan bir \u00e7a\u011fr\u0131m var. Gelin bu konuda karar vermek i\u00e7in Fransa\u2019ya de\u011fil, Mersinlilere g\u00fcveniyorsan\u0131z, Mersin halk\u0131na gidelim. Bir \u00e7ok ileri demokrasilerde Fransa, Almanya da yap\u0131ld\u0131\u011f\u0131 gibi, bizimde alt\u0131na imza att\u0131\u011f\u0131m\u0131z 1992 Rio S\u00f6zle\u015fmesi ruhuna \u00a0uygun olarak \u00a0yerel referandum yap\u0131ls\u0131n, santralin gelece\u011fine Mersinliler karar versin.\u201d diye konu\u015ftu.<\/p>\n<p>\u201cB\u00dcY\u00dcKECEL\u0130\u2019DE DE CUMHURBA\u015eKANLI\u011eI SARAYI YAPILSIN!\u201d<\/p>\n<p>2016 y\u0131l\u0131n\u0131n Haziran ay\u0131nda Mersin B\u00fcy\u00fck\u015fehir Kent konseyinin resmi olarak yapt\u0131rd\u0131\u011f\u0131 ankette \u00a0Mersinlilerin y\u00fczde 85\u2019inden fazlas\u0131n\u0131n, Akkuyu \u2018da, korktuklar\u0131 \u00a0bir \u00a0 Atom Santralini \u00a0istemediklerinin ortaya \u00e7\u0131kt\u0131\u011f\u0131n\u0131n alt\u0131n\u0131 \u00e7izen Serdar Erkan, \u201cE\u011fer, bu santralle ya\u015faman\u0131n \u00a0 gelecekte Mersin halk\u0131n\u0131 ve gelecekte \u00e7ocuklar\u0131m\u0131z\u0131 mutlu edece\u011fine inan\u0131yorsan\u0131z, bir vatanda\u015f\u0131m\u0131z\u0131n sosyal medyada \u00f6nerdi\u011fi gibi, Atom Santraline kar\u015f\u0131 Mersin halk\u0131n\u0131n korkusunu gidermenin di\u011fer bir \u00a0yolu da, G\u00fclnar il\u00e7emize ba\u011fl\u0131, B\u00fcy\u00fckeceli veya Ayd\u0131nc\u0131k\u2019\u0131n \u00a0kamula\u015ft\u0131r\u0131lacak g\u00fczel \u00a0bir sahilinde T.C. Cumhurba\u015fkanlar\u0131n aileleri ile santralin a\u00e7\u0131l\u0131\u015f\u0131 ile birlikte yaz tatillerini ge\u00e7irebilecekleri, bir cumhurba\u015fkanl\u0131\u011f\u0131 resmi saray\u0131 yap\u0131lmas\u0131d\u0131r. T\u0131pk\u0131 Mu\u011fla- Marmaris Okluk Koyu ve Bitlis- Ahlat da yap\u0131lan Cumhurba\u015fkanl\u0131\u011f\u0131 saraylar\u0131 gibi B\u00fcy\u00fckeceli\u2019de de bir saray yap\u0131lmas\u0131 Mersinliler i\u00e7in bir g\u00fcvence olur. Bu konuda Cumhur \u0130ttifak\u0131 Belediye Ba\u015fkanlar\u0131ndan ve milletvekillerinden Mersinliler ad\u0131na Cumhurba\u015fkanl\u0131\u011f\u0131na \u00f6neri g\u00f6t\u00fcrerek Mersin halk\u0131n\u0131n kayg\u0131lar\u0131n\u0131 ve korkular\u0131n\u0131 gidermek y\u00f6n\u00fcnde aktif \u00e7aba bekliyoruz. Atom Santrali yap\u0131ld\u0131ktan sonra orada y\u00fczebilece\u011fini kendi meclis toplant\u0131s\u0131nda s\u00f6yleyen ve oylamada kabul oyu veren, Cumhur ittifak\u0131n\u0131n Belediye Ba\u015fkan ve Meclis \u00fcyeleri i\u00e7in, santral yak\u0131n\u0131ndaki yazl\u0131k tatil k\u00f6y\u00fc de bu Mersinlilerin kayg\u0131lar\u0131n\u0131 gidermekte \u00e7ok yard\u0131mc\u0131 olur. Paris&#8217;e falan gitmeye de gerek kalmaz, Mersin ve \u00a0Akkuyu civar\u0131 yap\u0131lacak saray ile birlikte, b\u00f6lge turizme a\u00e7\u0131l\u0131r, Paris gibi olur ve k\u0131ymetlenir. Parisliler Akkuyu\u2019ya gelir, buradan toprak ve konut \u00a0alarak, yaz tatillerini ge\u00e7irirler. B\u00f6lgede d\u00fc\u015fmekte olan emlak ve arazi fiyatlar\u0131 katlan\u0131r, \u00fclkemize d\u00f6viz girer b\u00f6lge halk\u0131 \u00a0kazan\u0131r.\u201d ifadelerini kulland\u0131.<br \/>\n\u00a0<br \/>\n\u201cOY KAYBININ TELAF\u0130 ED\u0130LMES\u0130 PEK M\u00dcMK\u00dcN G\u00d6R\u00dcNM\u00dcYOR\u201d<\/p>\n<p>Gelecek meclis toplant\u0131lar\u0131nda Cumhur \u0130ttifak\u0131\u2019n\u0131n Belediye Ba\u015fkanlar\u0131ndan Cumhurba\u015fkanl\u0131\u011f\u0131 saray\u0131 ve tatil k\u00f6y\u00fc yap\u0131lacak yer olarak B\u00fcy\u00fckeceli i\u00e7in evet oyu kullanmalar\u0131n\u0131 beklediklerini belirten K\u00f6\u015fe Yazar\u0131m\u0131z ve eski Makina M\u00fchendisleri Odas\u0131 Mersin \u015eube Y\u00f6netim Kurulu Ba\u015fkan\u0131 Serdar Erkan, \u201cB\u00f6ylelikle Mersin\u2019in ve b\u00f6lgenin de\u011feri artacakt\u0131r. Bu projenin gelecek yerel se\u00e7imlerden \u00f6nce hayata ge\u00e7mesi ile B\u00fcy\u00fckeceli\u2019ye yak\u0131n b\u00f6lgedeki az say\u0131da kalan caretta carettalar\u0131n \u00e7ok daha yak\u0131n resimlerini \u00e7eken \u00e7evreci Akdeniz Belediye Ba\u015fkan\u0131 ve cumhur ittifak\u0131 belediye ba\u015fkanlar\u0131na gelecek yerel se\u00e7imlerde avantaj sa\u011flayaca\u011f\u0131n\u0131 ve b\u00fcy\u00fck\u015fehir se\u00e7imlerini kazand\u0131raca\u011f\u0131n\u0131 inan\u0131yorum. Aksi halde Pandemi yasaklar\u0131n\u0131n ge\u00e7erli olmad\u0131\u011f\u0131 Akkuyu Atom Santrali ve pandemide Dan\u0131\u015ftay \u00a0karar\u0131 beklenmeden kent merkezine Propropilen Tesisleri gibi Mersin halk\u0131n\u0131 korkutan tesislerin yap\u0131lmas\u0131n\u0131n yarataca\u011f\u0131 oy kayb\u0131n\u0131n telafi edilmesi pek m\u00fcmk\u00fcn g\u00f6r\u00fcnm\u00fcyor.\u201d \u015feklinde konu\u015ftu.<\/p>\n","protected":false},"excerpt":{"rendered":"<p>SERDAR ERKAN\u2019DAN B\u00dcY\u00dcK\u015eEH\u0130R MECL\u0130S\u0130NE VE CUMHUR \u0130TT\u0130FAKINA \u00c7A\u011eRI: Mersin B\u00fcy\u00fck\u015fehir Belediye Meclisinde g\u00fcndeme gelen Akkuyu N\u00fckleer Santraline y\u00f6nelik meclis \u00fcyelerinin yapt\u0131\u011f\u0131 a\u00e7\u0131klamalar, Mersin Gazetesi K\u00f6\u015fe Yazar\u0131m\u0131z ve eski Makina M\u00fchendisleri &hellip; <a href=\"https:\/\/akdenizolaygazetesi.com\/?p=7896\" class=\"more-link\">Devam\u0131n\u0131 Oku&#8230;<\/a><\/p>\n","protected":false},"author":1,"featured_media":0,"comment_status":"open","ping_status":"open","sticky":false,"template":"","format":"standard","meta":[],"categories":[],"tags":[],"_links":{"self":[{"href":"https:\/\/akdenizolaygazetesi.com\/index.php?rest_route=\/wp\/v2\/posts\/7896"}],"collection":[{"href":"https:\/\/akdenizolaygazetesi.com\/index.php?rest_route=\/wp\/v2\/posts"}],"about":[{"href":"https:\/\/akdenizolaygazetesi.com\/index.php?rest_route=\/wp\/v2\/types\/post"}],"author":[{"embeddable":true,"href":"https:\/\/akdenizolaygazetesi.com\/index.php?rest_route=\/wp\/v2\/users\/1"}],"replies":[{"embeddable":true,"href":"https:\/\/akdenizolaygazetesi.com\/index.php?rest_route=%2Fwp%2Fv2%2Fcomments&post=7896"}],"version-history":[{"count":0,"href":"https:\/\/akdenizolaygazetesi.com\/index.php?rest_route=\/wp\/v2\/posts\/7896\/revisions"}],"wp:attachment":[{"href":"https:\/\/akdenizolaygazetesi.com\/index.php?rest_route=%2Fwp%2Fv2%2Fmedia&parent=7896"}],"wp:term":[{"taxonomy":"category","embeddable":true,"href":"https:\/\/akdenizolaygazetesi.com\/index.php?rest_route=%2Fwp%2Fv2%2Fcategories&post=7896"},{"taxonomy":"post_tag","embeddable":true,"href":"https:\/\/akdenizolaygazetesi.com\/index.php?rest_route=%2Fwp%2Fv2%2Ftags&post=7896"}],"curies":[{"name":"wp","href":"https:\/\/api.w.org\/{rel}","templated":true}]}}