{"id":7898,"date":"2020-11-04T18:28:21","date_gmt":"2020-11-04T15:28:21","guid":{"rendered":"http:\/\/mersinekonomipolitikagazetesi.com\/?p=7898"},"modified":"2020-11-04T18:28:21","modified_gmt":"2020-11-04T15:28:21","slug":"akkuyu-ngsde-isletme-asamasinda-700den-fazla-turk-muhendis-calisacak","status":"publish","type":"post","link":"https:\/\/akdenizolaygazetesi.com\/?p=7898","title":{"rendered":"Akkuyu NGS&#8217;de i\u015fletme a\u015famas\u0131nda 700&#8217;den fazla T\u00fcrk m\u00fchendis \u00e7al\u0131\u015facak"},"content":{"rendered":"<p>Akkuyu N\u00fckleer A.\u015e Y\u00f6netim Kurulu Ba\u015fkan Yard\u0131mc\u0131s\u0131 Anton Dedusenko, Akkuyu N\u00fckleer G\u00fc\u00e7 Santrali \u015fantiyesinde \u015fu anda yakla\u015f\u0131k 6 bin i\u015f\u00e7inin \u00e7al\u0131\u015ft\u0131\u011f\u0131n\u0131 ve bunlar\u0131n y\u00fczde 80&#8217;inin T\u00fcrk vatanda\u015f\u0131 oldu\u011funu belirterek, &#8220;Operasyon a\u015famas\u0131nda 700\u2019den fazla T\u00fcrk m\u00fchendis projede yer alacak&#8221; dedi.\u00a0<br \/>\nEkonomik Kalk\u0131nma ve \u0130\u015fbirli\u011fi \u00d6rg\u00fct\u00fc (OECD) N\u00fckleer Enerji Ajans\u0131\u2019n\u0131n (NEA) yeni yay\u0131nlanan \u2018politika \u00f6zeti\u2019nde, n\u00fckleer enerji projeleri ile Covid-19 sonras\u0131 iyile\u015fmede y\u00fcksek de\u011ferli i\u015fler olu\u015fturulaca\u011f\u0131na dikkat \u00e7ekildi. NEA\u2019n\u0131n d\u00fczenledi\u011fi dijital webinar&#8217;da g\u00fcndeme al\u0131nan raporda, n\u00fckleer enerji projelerinin ekonomiyi g\u00fc\u00e7lendirmek i\u00e7in pandemi sonras\u0131 kurtarma planlar\u0131na dahil edilmesi vurgusu yap\u0131ld\u0131.\u00a0<br \/>\nD\u00fcnyadaki n\u00fckleer sekt\u00f6r temsilcilerini bir araya getiren webinar&#8217;da konu\u015fan Rosatom\u2019a ba\u011fl\u0131 Rusatom Uluslararas\u0131 Enerji Kurumu REIN\u2019in CEO&#8217;su ve Akkuyu N\u00fckleer A.\u015e Y\u00f6netim Kurulu Ba\u015fkan Yard\u0131mc\u0131s\u0131 Anton Dedusenko, T\u00fcrkiye ve Finlandiya&#8217;daki n\u00fckleer santral in\u015faat projelerinde istihdam olu\u015fturma konusuna de\u011findi. T\u00fcrkiye&#8217;nin ilk n\u00fckleer santrali olan Akkuyu N\u00fckleer G\u00fc\u00e7 Santrali \u015fantiyesinde \u015fu anda yakla\u015f\u0131k 6 bin i\u015f\u00e7inin \u00e7al\u0131\u015ft\u0131\u011f\u0131n\u0131 ve bunlar\u0131n y\u00fczde 80&#8217;inin T\u00fcrk vatanda\u015f\u0131 oldu\u011funu belirten Dedusenko, \u201cOperasyon a\u015famas\u0131nda 700\u2019den fazla T\u00fcrk m\u00fchendis projede yer alacak. Bunu ger\u00e7ekle\u015ftirmek ad\u0131na 2011&#8217;de Rus \u00fcniversitelerinde T\u00fcrk personele y\u00f6nelik e\u011fitim programlar\u0131 ba\u015flatt\u0131k\u201d ifadelerini kulland\u0131.\u00a0<\/p>\n<p>Rusya Devlet Atom Enerji Kurumu Rosatom\u2019un Finlandiya\u2019da in\u015fa etti\u011fi Hanhikivi NGS tesisinde, in\u015faat a\u015famas\u0131nda yakla\u015f\u0131k 20 bin i\u015f\u00e7i ve uzman\u0131n istihdam edilece\u011fini dile getiren Dedusenko, \u015funlar\u0131 s\u00f6yledi:\u00a0<br \/>\n\u201cFinlandiya\u2019da da Fin \u015firketleri sahadaki haz\u0131rl\u0131k \u00e7al\u0131\u015fmalar\u0131n\u0131n yakla\u015f\u0131k y\u00fczde 80&#8217;ini ger\u00e7ekle\u015ftiriyor. N\u00fckleer enerji santralleri b\u00f6lge kalk\u0131nmas\u0131na fayda sa\u011fl\u0131yor. 60 y\u0131ll\u0131k \u00e7al\u0131\u015fma s\u00fcresi boyunca iki adet VVER-1200 reakt\u00f6rden olu\u015fan bir santral ulusal ekonomiyi 40-60 milyar dolar art\u0131r\u0131r.\u201d \u00a0<\/p>\n","protected":false},"excerpt":{"rendered":"<p>Akkuyu N\u00fckleer A.\u015e Y\u00f6netim Kurulu Ba\u015fkan Yard\u0131mc\u0131s\u0131 Anton Dedusenko, Akkuyu N\u00fckleer G\u00fc\u00e7 Santrali \u015fantiyesinde \u015fu anda yakla\u015f\u0131k 6 bin i\u015f\u00e7inin \u00e7al\u0131\u015ft\u0131\u011f\u0131n\u0131 ve bunlar\u0131n y\u00fczde 80&#8217;inin T\u00fcrk vatanda\u015f\u0131 oldu\u011funu belirterek, &#8220;Operasyon &hellip; <a href=\"https:\/\/akdenizolaygazetesi.com\/?p=7898\" class=\"more-link\">Devam\u0131n\u0131 Oku&#8230;<\/a><\/p>\n","protected":false},"author":1,"featured_media":0,"comment_status":"open","ping_status":"open","sticky":false,"template":"","format":"standard","meta":[],"categories":[],"tags":[],"_links":{"self":[{"href":"https:\/\/akdenizolaygazetesi.com\/index.php?rest_route=\/wp\/v2\/posts\/7898"}],"collection":[{"href":"https:\/\/akdenizolaygazetesi.com\/index.php?rest_route=\/wp\/v2\/posts"}],"about":[{"href":"https:\/\/akdenizolaygazetesi.com\/index.php?rest_route=\/wp\/v2\/types\/post"}],"author":[{"embeddable":true,"href":"https:\/\/akdenizolaygazetesi.com\/index.php?rest_route=\/wp\/v2\/users\/1"}],"replies":[{"embeddable":true,"href":"https:\/\/akdenizolaygazetesi.com\/index.php?rest_route=%2Fwp%2Fv2%2Fcomments&post=7898"}],"version-history":[{"count":0,"href":"https:\/\/akdenizolaygazetesi.com\/index.php?rest_route=\/wp\/v2\/posts\/7898\/revisions"}],"wp:attachment":[{"href":"https:\/\/akdenizolaygazetesi.com\/index.php?rest_route=%2Fwp%2Fv2%2Fmedia&parent=7898"}],"wp:term":[{"taxonomy":"category","embeddable":true,"href":"https:\/\/akdenizolaygazetesi.com\/index.php?rest_route=%2Fwp%2Fv2%2Fcategories&post=7898"},{"taxonomy":"post_tag","embeddable":true,"href":"https:\/\/akdenizolaygazetesi.com\/index.php?rest_route=%2Fwp%2Fv2%2Ftags&post=7898"}],"curies":[{"name":"wp","href":"https:\/\/api.w.org\/{rel}","templated":true}]}}