{"id":7899,"date":"2020-11-04T18:28:21","date_gmt":"2020-11-04T15:28:21","guid":{"rendered":"http:\/\/mersinekonomipolitikagazetesi.com\/?p=7899"},"modified":"2020-11-04T18:28:21","modified_gmt":"2020-11-04T15:28:21","slug":"rektor-camsaridan-universite-personeline-sosyal-medyadan-cagri","status":"publish","type":"post","link":"https:\/\/akdenizolaygazetesi.com\/?p=7899","title":{"rendered":"Rekt\u00f6r \u00c7amsar\u0131\u2019dan \u00fcniversite personeline sosyal medyadan \u00e7a\u011fr\u0131"},"content":{"rendered":"<p>Mersin \u00dcniversitesi (ME\u00dc) Rekt\u00f6r\u00fc, Prof. Dr. Ahmet \u00c7amsar\u0131, Covid-19 pozitif \u00e7\u0131kan \u00fcniversite personelinin hemen hepsinin toplu bulu\u015fmalardaki temasla vir\u00fcs\u00fc kapt\u0131\u011f\u0131n\u0131 belirterek, sosyal medya hesab\u0131ndan \u00e7a\u011fr\u0131 yapt\u0131. \u00c7amsar\u0131, personeline daha dikkatli olmalar\u0131 ve sosyal mesafeye uymalar\u0131 uyar\u0131s\u0131nda bulundu.\u00a0<br \/>\nME\u00dc Rekt\u00f6r\u00fc \u00c7amsar\u0131, \u00fcniversite personelini sosyal medya hesab\u0131ndan uyard\u0131. \u00c7amsar\u0131, yapt\u0131\u011f\u0131 \u00e7a\u011fr\u0131da, korona vir\u00fcs (Covid-19) nedeniyle hastalanan \u00fcniversite personelinin \u00e7ok b\u00fcy\u00fck bir b\u00f6l\u00fcm\u00fcn\u00fcn do\u011fum g\u00fcn\u00fc, kahvalt\u0131 gibi toplu etkinliklerdeki temas sonras\u0131 rahats\u0131zland\u0131klar\u0131na dikkat \u00e7ekti. Sosyal medya hesab\u0131ndan sosyal mesafe uyar\u0131s\u0131 yapan \u00c7amsar\u0131, payla\u015f\u0131m\u0131nda \u015fu ifadelere yer verdi:\u00a0<br \/>\n\u201cDe\u011ferli \u00fcniversite personelimiz; pandemi dolay\u0131s\u0131yla l\u00fctfen daha dikkatli olal\u0131m. Rahats\u0131zlanan personellerimizin hemen hepsinin do\u011fum g\u00fcn\u00fc, kahvalt\u0131 vb etkinlikler nedeniyle temas sonras\u0131 rahats\u0131zlanmas\u0131 s\u00f6z konusu. Toplu aktivasyonlar\u0131n yap\u0131lmamas\u0131 ve sosyal mesafeye daha \u00e7ok dikkat edilmesi gerekiyor. Her biriniz bizim i\u00e7in de\u011ferlisiniz.\u201d\u00a0<\/p>\n","protected":false},"excerpt":{"rendered":"<p>Mersin \u00dcniversitesi (ME\u00dc) Rekt\u00f6r\u00fc, Prof. Dr. Ahmet \u00c7amsar\u0131, Covid-19 pozitif \u00e7\u0131kan \u00fcniversite personelinin hemen hepsinin toplu bulu\u015fmalardaki temasla vir\u00fcs\u00fc kapt\u0131\u011f\u0131n\u0131 belirterek, sosyal medya hesab\u0131ndan \u00e7a\u011fr\u0131 yapt\u0131. \u00c7amsar\u0131, personeline daha dikkatli &hellip; <a href=\"https:\/\/akdenizolaygazetesi.com\/?p=7899\" class=\"more-link\">Devam\u0131n\u0131 Oku&#8230;<\/a><\/p>\n","protected":false},"author":1,"featured_media":0,"comment_status":"open","ping_status":"open","sticky":false,"template":"","format":"standard","meta":[],"categories":[],"tags":[],"_links":{"self":[{"href":"https:\/\/akdenizolaygazetesi.com\/index.php?rest_route=\/wp\/v2\/posts\/7899"}],"collection":[{"href":"https:\/\/akdenizolaygazetesi.com\/index.php?rest_route=\/wp\/v2\/posts"}],"about":[{"href":"https:\/\/akdenizolaygazetesi.com\/index.php?rest_route=\/wp\/v2\/types\/post"}],"author":[{"embeddable":true,"href":"https:\/\/akdenizolaygazetesi.com\/index.php?rest_route=\/wp\/v2\/users\/1"}],"replies":[{"embeddable":true,"href":"https:\/\/akdenizolaygazetesi.com\/index.php?rest_route=%2Fwp%2Fv2%2Fcomments&post=7899"}],"version-history":[{"count":0,"href":"https:\/\/akdenizolaygazetesi.com\/index.php?rest_route=\/wp\/v2\/posts\/7899\/revisions"}],"wp:attachment":[{"href":"https:\/\/akdenizolaygazetesi.com\/index.php?rest_route=%2Fwp%2Fv2%2Fmedia&parent=7899"}],"wp:term":[{"taxonomy":"category","embeddable":true,"href":"https:\/\/akdenizolaygazetesi.com\/index.php?rest_route=%2Fwp%2Fv2%2Fcategories&post=7899"},{"taxonomy":"post_tag","embeddable":true,"href":"https:\/\/akdenizolaygazetesi.com\/index.php?rest_route=%2Fwp%2Fv2%2Ftags&post=7899"}],"curies":[{"name":"wp","href":"https:\/\/api.w.org\/{rel}","templated":true}]}}