{"id":7900,"date":"2020-11-04T18:28:21","date_gmt":"2020-11-04T15:28:21","guid":{"rendered":"http:\/\/mersinekonomipolitikagazetesi.com\/?p=7900"},"modified":"2020-11-04T18:28:21","modified_gmt":"2020-11-04T15:28:21","slug":"turk-bayragini-boyamak-istiyoruz","status":"publish","type":"post","link":"https:\/\/akdenizolaygazetesi.com\/?p=7900","title":{"rendered":"T\u00dcRK BAYRA\u011eINI  BOYAMAK \u0130ST\u0130YORUZ"},"content":{"rendered":"<p>Mersin\u2019in Mut il\u00e7esinde yer alan dev T\u00fcrk Bayra\u011f\u0131\u2019n\u0131n solmas\u0131 ve bak\u0131ms\u0131z b\u0131rak\u0131lmas\u0131 nedeniyle \u2018Dokunun Umut Olsun Platformu\u2019, 21 d\u00f6n\u00fcml\u00fck T\u00fcrk Bayra\u011f\u0131n\u0131n eski g\u00f6r\u00fcnt\u00fcs\u00fcne kavu\u015fmas\u0131 i\u00e7in \u00e7al\u0131\u015facaklar\u0131n\u0131 ve bayra\u011f\u0131 boyamak istediklerini a\u00e7\u0131klad\u0131.<\/p>\n<p>G\u00f6n\u00fcll\u00fc platform s\u00f6zc\u00fcs\u00fc Pervin \u00c7elik, \u2018Belediyeye T\u00fcrk Bayra\u011f\u0131n\u0131n boyanmas\u0131 i\u00e7in \u00e7al\u0131\u015fma ba\u015flatmak istedi\u011fimizi belirttik. Biz boyama ve yenileme i\u00e7in harekete ge\u00e7tik. Umutla izin verilmesini ve yard\u0131m etmek isteyen vatanda\u015flar\u0131m\u0131z\u0131n desteklerini bekliyoruz.\u201d dedi.<\/p>\n<p>\u201c\u0130zin konusunda destek bekliyoruz\u2019\u2019<\/p>\n<p>Mut\u2019ta 2012 y\u0131l\u0131nda da\u011fa kaz\u0131nan dev T\u00fcrk Bayra\u011f\u0131\u2019n\u0131n solmas\u0131na dikkat \u00e7eken ve yenileme yap\u0131lmas\u0131 i\u00e7in \u2018\u2019Dokunun Umut Olsun\u2019\u2019 ad\u0131yla harekete ge\u00e7en platform yetkililerden izin konusunda destek beklediklerini belirtti.<\/p>\n<p>Kaymakaml\u0131\u011fa ve Belediyeye dilek\u00e7e yazd\u0131klar\u0131n\u0131 vurgulayan platform s\u00f6zc\u00fcs\u00fc Pervin \u00c7elik, \u201c\u0130limiz genelinde bir grup g\u00f6n\u00fcllerimizle olu\u015fturdu\u011fumuz \u2018Dokunun Umut Olsun\u2019 ad\u0131yla ya\u015fam\u0131m\u0131z\u0131 kolayla\u015ft\u0131racak projelere faaliyette bulunan bizler, Mut il\u00e7emiz hudutlar\u0131 i\u00e7erisinde bulunan ve gurur kayna\u011f\u0131m\u0131z olan 21 d\u00f6n\u00fcml\u00fck arazi \u00fczerindeki T\u00fcrk Bayra\u011f\u0131\u2019m\u0131z\u0131n ge\u00e7en y\u0131llar i\u00e7erisinde g\u00f6r\u00fcnt\u00fcs\u00fcn\u00fcn erozyona u\u011frad\u0131\u011f\u0131n\u0131 g\u00f6rm\u00fc\u015f bulunuyoruz. Bahsi ge\u00e7en alandaki bayra\u011f\u0131m\u0131zla ilgili, alanda \u00e7al\u0131\u015fma yap\u0131p tekrardan yap\u0131l\u0131\u015f amac\u0131na uygun hale getirmek istiyoruz\u2019 diyerek ba\u015fvuruda bulunduk. Mersinlilerden de destek bekliyoruz.&#8221; dedi.<\/p>\n","protected":false},"excerpt":{"rendered":"<p>Mersin\u2019in Mut il\u00e7esinde yer alan dev T\u00fcrk Bayra\u011f\u0131\u2019n\u0131n solmas\u0131 ve bak\u0131ms\u0131z b\u0131rak\u0131lmas\u0131 nedeniyle \u2018Dokunun Umut Olsun Platformu\u2019, 21 d\u00f6n\u00fcml\u00fck T\u00fcrk Bayra\u011f\u0131n\u0131n eski g\u00f6r\u00fcnt\u00fcs\u00fcne kavu\u015fmas\u0131 i\u00e7in \u00e7al\u0131\u015facaklar\u0131n\u0131 ve bayra\u011f\u0131 boyamak istediklerini &hellip; <a href=\"https:\/\/akdenizolaygazetesi.com\/?p=7900\" class=\"more-link\">Devam\u0131n\u0131 Oku&#8230;<\/a><\/p>\n","protected":false},"author":1,"featured_media":0,"comment_status":"open","ping_status":"open","sticky":false,"template":"","format":"standard","meta":[],"categories":[],"tags":[],"_links":{"self":[{"href":"https:\/\/akdenizolaygazetesi.com\/index.php?rest_route=\/wp\/v2\/posts\/7900"}],"collection":[{"href":"https:\/\/akdenizolaygazetesi.com\/index.php?rest_route=\/wp\/v2\/posts"}],"about":[{"href":"https:\/\/akdenizolaygazetesi.com\/index.php?rest_route=\/wp\/v2\/types\/post"}],"author":[{"embeddable":true,"href":"https:\/\/akdenizolaygazetesi.com\/index.php?rest_route=\/wp\/v2\/users\/1"}],"replies":[{"embeddable":true,"href":"https:\/\/akdenizolaygazetesi.com\/index.php?rest_route=%2Fwp%2Fv2%2Fcomments&post=7900"}],"version-history":[{"count":0,"href":"https:\/\/akdenizolaygazetesi.com\/index.php?rest_route=\/wp\/v2\/posts\/7900\/revisions"}],"wp:attachment":[{"href":"https:\/\/akdenizolaygazetesi.com\/index.php?rest_route=%2Fwp%2Fv2%2Fmedia&parent=7900"}],"wp:term":[{"taxonomy":"category","embeddable":true,"href":"https:\/\/akdenizolaygazetesi.com\/index.php?rest_route=%2Fwp%2Fv2%2Fcategories&post=7900"},{"taxonomy":"post_tag","embeddable":true,"href":"https:\/\/akdenizolaygazetesi.com\/index.php?rest_route=%2Fwp%2Fv2%2Ftags&post=7900"}],"curies":[{"name":"wp","href":"https:\/\/api.w.org\/{rel}","templated":true}]}}