{"id":7902,"date":"2020-11-04T18:28:21","date_gmt":"2020-11-04T15:28:21","guid":{"rendered":"http:\/\/mersinekonomipolitikagazetesi.com\/?p=7902"},"modified":"2020-11-04T18:28:21","modified_gmt":"2020-11-04T15:28:21","slug":"tarsus-idman-yurdunda-dovenci-donemi","status":"publish","type":"post","link":"https:\/\/akdenizolaygazetesi.com\/?p=7902","title":{"rendered":"Tarsus \u0130dman  Yurdu&#8217;nda  D\u00f6venci d\u00f6nemi"},"content":{"rendered":"<p>TFF 2. Lig ekiplerinden Tarsus \u0130dman Yurdu Kul\u00fcb\u00fc&#8217;n\u00fcn Ola\u011fan Genel Kurul Toplant\u0131s\u0131n\u0131n ikinci oturumu, Belediye Nikah Salonu\u2019nda yap\u0131ld\u0131. Kul\u00fcp ba\u015fkanl\u0131\u011f\u0131na, B\u00fcy\u00fck\u015fehir Belediye Meclis \u00fcyesi Serhat Servet D\u00f6venci se\u00e7ildi.\u00a0<br \/>\nDivan ba\u015fkanl\u0131\u011f\u0131n\u0131 Cumali Ya\u011fc\u0131, katiplikleri Salih Erdo\u011fan ve Zafer Y\u0131ld\u0131r\u0131m\u2019\u0131n yapt\u0131\u011f\u0131 ola\u011fan kongre sayg\u0131 duru\u015fu ve \u0130stiklal Mar\u015f\u0131\u2019n\u0131n okunmas\u0131yla ba\u015flad\u0131.\u00a0<br \/>\nG\u00fcndem maddelerinin okunup, ibraz edilmesinin ard\u0131ndan tek listeyle se\u00e7imlere gidildi. 58 \u00fcyenin oy kulland\u0131\u011f\u0131 se\u00e7imlerde, Serhat Servet D\u00f6venci kul\u00fcp ba\u015fkanl\u0131\u011f\u0131na se\u00e7ildi. Bir \u00f6nceki d\u00f6nem kul\u00fcp ba\u015fkan\u0131 Musa Atay yeniden listede yer ald\u0131.\u00a0<br \/>\nBir \u00f6nceki d\u00f6nem y\u00f6netim listesinin a\u011f\u0131rl\u0131kl\u0131 oldu\u011fu yeni y\u00f6netim kurulu \u015fu \u015fekilde belirlendi:\u00a0<br \/>\nSerhat Servet D\u00f6venci, Musa Atay, Duran \u00c7al\u0131\u015f\u0131r, Nurullah K\u00f6r\u00fck\u00e7\u00fc, Nil \u00d6zveren A\u015fk\u0131n, Merve H\u0131d\u0131ro\u011flu, Hakan Canan Can, Fevzi Malazgirtli, Abrurrahman Alt\u0131nsucu, Ali Y\u0131ld\u0131r\u0131m, Veyis Avc\u0131, \u00d6nder Erdo\u011fan, Ark\u0131n Dirgen, Ender \u00d6zin\u00e7, Bilal Soyda.\u00a0<br \/>\nDenetim Asil: N\u00fckhet Ko\u00e7 \u00c7elik, Fatih Kaya ve Ayd\u0131n Polat.\u00a0<br \/>\nDilek ve temenniler b\u00f6l\u00fcm\u00fcnde konu\u015fan Tarsus \u0130dman Yurdu Kul\u00fcb\u00fc yeni Ba\u015fkan\u0131 Serhat Servet D\u00f6venci, Mersin\u2019i \u00fcst liglerde temsil eden tek tak\u0131m olan Tarsus \u0130dman Yurdu\u2019nu daha iyi noktalara ta\u015f\u0131mak i\u00e7in \u00e7al\u0131\u015facaklar\u0131n\u0131 s\u00f6yleyerek, \u201cBunun el birli\u011fi ile hareket etmemiz gerekiyor. \u0130nan\u0131yorum ki bunu ba\u015faraca\u011f\u0131z\u201d dedi. \u00a0<\/p>\n","protected":false},"excerpt":{"rendered":"<p>TFF 2. Lig ekiplerinden Tarsus \u0130dman Yurdu Kul\u00fcb\u00fc&#8217;n\u00fcn Ola\u011fan Genel Kurul Toplant\u0131s\u0131n\u0131n ikinci oturumu, Belediye Nikah Salonu\u2019nda yap\u0131ld\u0131. Kul\u00fcp ba\u015fkanl\u0131\u011f\u0131na, B\u00fcy\u00fck\u015fehir Belediye Meclis \u00fcyesi Serhat Servet D\u00f6venci se\u00e7ildi.\u00a0 Divan ba\u015fkanl\u0131\u011f\u0131n\u0131 &hellip; <a href=\"https:\/\/akdenizolaygazetesi.com\/?p=7902\" class=\"more-link\">Devam\u0131n\u0131 Oku&#8230;<\/a><\/p>\n","protected":false},"author":1,"featured_media":0,"comment_status":"open","ping_status":"open","sticky":false,"template":"","format":"standard","meta":[],"categories":[],"tags":[],"_links":{"self":[{"href":"https:\/\/akdenizolaygazetesi.com\/index.php?rest_route=\/wp\/v2\/posts\/7902"}],"collection":[{"href":"https:\/\/akdenizolaygazetesi.com\/index.php?rest_route=\/wp\/v2\/posts"}],"about":[{"href":"https:\/\/akdenizolaygazetesi.com\/index.php?rest_route=\/wp\/v2\/types\/post"}],"author":[{"embeddable":true,"href":"https:\/\/akdenizolaygazetesi.com\/index.php?rest_route=\/wp\/v2\/users\/1"}],"replies":[{"embeddable":true,"href":"https:\/\/akdenizolaygazetesi.com\/index.php?rest_route=%2Fwp%2Fv2%2Fcomments&post=7902"}],"version-history":[{"count":0,"href":"https:\/\/akdenizolaygazetesi.com\/index.php?rest_route=\/wp\/v2\/posts\/7902\/revisions"}],"wp:attachment":[{"href":"https:\/\/akdenizolaygazetesi.com\/index.php?rest_route=%2Fwp%2Fv2%2Fmedia&parent=7902"}],"wp:term":[{"taxonomy":"category","embeddable":true,"href":"https:\/\/akdenizolaygazetesi.com\/index.php?rest_route=%2Fwp%2Fv2%2Fcategories&post=7902"},{"taxonomy":"post_tag","embeddable":true,"href":"https:\/\/akdenizolaygazetesi.com\/index.php?rest_route=%2Fwp%2Fv2%2Ftags&post=7902"}],"curies":[{"name":"wp","href":"https:\/\/api.w.org\/{rel}","templated":true}]}}