{"id":7903,"date":"2020-11-04T18:28:21","date_gmt":"2020-11-04T15:28:21","guid":{"rendered":"http:\/\/mersinekonomipolitikagazetesi.com\/?p=7903"},"modified":"2020-11-04T18:28:21","modified_gmt":"2020-11-04T15:28:21","slug":"secer-kadinlar-karar-alma-mekanizmalarinda-daha-fazla-yer-almali","status":"publish","type":"post","link":"https:\/\/akdenizolaygazetesi.com\/?p=7903","title":{"rendered":"Se\u00e7er: \u201cKad\u0131nlar karar alma mekanizmalar\u0131nda daha fazla yer almal\u0131\u201d"},"content":{"rendered":"<p>Mersin B\u00fcy\u00fck\u015fehir Belediye Ba\u015fkan\u0131 Vahap Se\u00e7er, kad\u0131nlar\u0131n siyasal alanda ve ya\u015fam\u0131n her alan\u0131nda karar alma mekanizmalar\u0131nda daha fazla yer almas\u0131 gerekti\u011fini belirterek, \u201cBu, toplumlar\u0131n modernle\u015fmesi, kalk\u0131nmas\u0131 ve demokrasi a\u00e7\u0131s\u0131ndan \u00e7ok olumlu katk\u0131lar yapar\u201d dedi.<br \/>\n\u00a0<br \/>\nB\u00fcy\u00fck\u015fehir Belediye Ba\u015fkan\u0131 Se\u00e7er, Cumhuriyet Halk Partisi (CHP) Mersin \u0130l Kad\u0131n Kollar\u0131 Ba\u015fkan\u0131 G\u00fcl\u015fah Y\u0131ld\u0131r\u0131m Gen\u00e7 ile y\u00f6netim kurulu \u00fcyelerini a\u011f\u0131rlad\u0131. Kad\u0131nlar\u0131n, siyasette temsileyet sorunu ya\u015fad\u0131klar\u0131n\u0131 dile getiren Se\u00e7er, her alanda oldu\u011fu gibi siyasette de kad\u0131nlar\u0131n \u00f6nemine dikkat \u00e7ekti. Se\u00e7er, \u201cKad\u0131nlar\u0131m\u0131z\u0131n temsiliyet sorunu var. \u0130yi g\u00fczel, cinsiyet kotas\u0131 var ama temsiliyete geldi\u011fi zaman ger\u00e7ekte rakam \u00e7ok az. Ben ge\u00e7en y\u0131l istiyordum bir kad\u0131n belediye ba\u015fkan\u0131m\u0131z olsun. Ama s\u0131k\u0131nt\u0131 \u015furadan oluyor; her insan de\u011ferlidir ama her insan da belli makamlara uygun de\u011fildir. Ra\u011fbet kad\u0131nlarda rakamsal olarak az olunca tercihleriniz de s\u0131n\u0131rl\u0131 kal\u0131yor. Bu da sizi zorluyor. Erkek say\u0131sal olarak daha fazla siyasetin i\u00e7inde. Bakt\u0131\u011f\u0131n\u0131z zaman n\u00fcfusa y\u00fczde 50 y\u00fczde 50. \u00d6yle bir denge var ki, ya\u015famsal denge. Her do\u011fan 100 insan\u0131n 50\u2019si kad\u0131n, 50\u2019si erkek. Daha fazla kad\u0131n\u0131m\u0131z\u0131n siyasette olmas\u0131nda yarar var. Yeni jenerasyonlar\u0131n girmesinde yarar var\u201d dedi.\u00a0<\/p>\n<p>\u201cKad\u0131n istihdam\u0131n\u0131 art\u0131raca\u011f\u0131z\u201d<br \/>\n\u00a0<br \/>\nG\u00f6reve ba\u015flad\u0131klar\u0131 g\u00fcnden bu yana \u00e7ok say\u0131da kad\u0131n\u0131 istihdam ettiklerini vurgulayan Se\u00e7er, \u00e7al\u0131\u015fma hayat\u0131nda da belediyecilik anlay\u0131\u015f\u0131nda da kad\u0131nlar\u0131 ayr\u0131 bir yere koydu\u011funu ifade etti. Se\u00e7er, \u201c\u00c7ok fazla say\u0131da kad\u0131n istihdam\u0131 sa\u011flad\u0131k. Bunu \u00f6zellikle bir anlay\u0131\u015f olarak, bir politika olarak yapt\u0131k, yapmaya da devam edece\u011fiz. Her alanda, \u2018kad\u0131n bu i\u015fi yapamaz\u2019 denilen alanlarda bile biz kad\u0131nlar\u0131 istihdam etmeye gayret ediyoruz. \u00dcmit ediyorum, \u00f6n\u00fcm\u00fczdeki s\u00fcre\u00e7te hem siyasal alanda hem \u00e7al\u0131\u015fma ya\u015fam\u0131nda, ya\u015fam\u0131n her alan\u0131nda kad\u0131nlar karar alma mekanizmalar\u0131nda daha yo\u011fun olurlar. Bu da toplumlar\u0131n modernle\u015fmesi, kalk\u0131nmas\u0131, demokrasi a\u00e7\u0131s\u0131ndan \u00e7ok olumlu katk\u0131lar yapar\u201d diye konu\u015ftu.\u00a0<\/p>\n","protected":false},"excerpt":{"rendered":"<p>Mersin B\u00fcy\u00fck\u015fehir Belediye Ba\u015fkan\u0131 Vahap Se\u00e7er, kad\u0131nlar\u0131n siyasal alanda ve ya\u015fam\u0131n her alan\u0131nda karar alma mekanizmalar\u0131nda daha fazla yer almas\u0131 gerekti\u011fini belirterek, \u201cBu, toplumlar\u0131n modernle\u015fmesi, kalk\u0131nmas\u0131 ve demokrasi a\u00e7\u0131s\u0131ndan \u00e7ok &hellip; <a href=\"https:\/\/akdenizolaygazetesi.com\/?p=7903\" class=\"more-link\">Devam\u0131n\u0131 Oku&#8230;<\/a><\/p>\n","protected":false},"author":1,"featured_media":0,"comment_status":"open","ping_status":"open","sticky":false,"template":"","format":"standard","meta":[],"categories":[],"tags":[],"_links":{"self":[{"href":"https:\/\/akdenizolaygazetesi.com\/index.php?rest_route=\/wp\/v2\/posts\/7903"}],"collection":[{"href":"https:\/\/akdenizolaygazetesi.com\/index.php?rest_route=\/wp\/v2\/posts"}],"about":[{"href":"https:\/\/akdenizolaygazetesi.com\/index.php?rest_route=\/wp\/v2\/types\/post"}],"author":[{"embeddable":true,"href":"https:\/\/akdenizolaygazetesi.com\/index.php?rest_route=\/wp\/v2\/users\/1"}],"replies":[{"embeddable":true,"href":"https:\/\/akdenizolaygazetesi.com\/index.php?rest_route=%2Fwp%2Fv2%2Fcomments&post=7903"}],"version-history":[{"count":0,"href":"https:\/\/akdenizolaygazetesi.com\/index.php?rest_route=\/wp\/v2\/posts\/7903\/revisions"}],"wp:attachment":[{"href":"https:\/\/akdenizolaygazetesi.com\/index.php?rest_route=%2Fwp%2Fv2%2Fmedia&parent=7903"}],"wp:term":[{"taxonomy":"category","embeddable":true,"href":"https:\/\/akdenizolaygazetesi.com\/index.php?rest_route=%2Fwp%2Fv2%2Fcategories&post=7903"},{"taxonomy":"post_tag","embeddable":true,"href":"https:\/\/akdenizolaygazetesi.com\/index.php?rest_route=%2Fwp%2Fv2%2Ftags&post=7903"}],"curies":[{"name":"wp","href":"https:\/\/api.w.org\/{rel}","templated":true}]}}