{"id":7905,"date":"2020-11-04T18:28:22","date_gmt":"2020-11-04T15:28:22","guid":{"rendered":"http:\/\/mersinekonomipolitikagazetesi.com\/?p=7905"},"modified":"2020-11-04T18:28:22","modified_gmt":"2020-11-04T15:28:22","slug":"meskinin-alt-yapi-calismalari-suruyor","status":"publish","type":"post","link":"https:\/\/akdenizolaygazetesi.com\/?p=7905","title":{"rendered":"MESK\u0130\u2019nin alt yap\u0131 \u00e7al\u0131\u015fmalar\u0131 s\u00fcr\u00fcyor"},"content":{"rendered":"<p>Mersin Su ve Kanalizasyon \u0130daresi (MESK\u0130) Genel M\u00fcd\u00fcrl\u00fc\u011f\u00fcnce, Mezitli il\u00e7esi Merkez Mahallesi Vatan Caddesinde ba\u015flat\u0131lan ya\u011fmursuyu projesi ile b\u00f6lgede yo\u011fun ya\u011f\u0131\u015flardan sonra ya\u015fanan su ta\u015fk\u0131nlar\u0131n\u0131n son bulaca\u011f\u0131 bildirildi.\u00a0<br \/>\nMESK\u0130&#8217;den yap\u0131lan a\u00e7\u0131klamaya g\u00f6re, Mezitli il\u00e7esine ba\u011fl\u0131 Merkez Mahallesi Vatan Caddesinde ya\u011fmursuyu hatt\u0131 imalatlar\u0131na devam ediliyor. Yap\u0131m\u0131na ba\u015flanan ve s\u00f6zle\u015fme bedeli 3 milyon 765 bin TL olan \u00e7al\u0131\u015fmalar ile toplanan ya\u011fmur sular\u0131, betonarme borular vas\u0131tas\u0131yla de\u015farj edilecek. \u00c7al\u0131\u015fmalar\u0131n tamamlanmas\u0131yla Okan Merzeci Bulvar\u0131, Vatan Caddesi ve GMK Bulvar\u0131nda meydana gelen su bask\u0131nlar\u0131 tarihe kar\u0131\u015facak.\u00a0<\/p>\n<p>MESK\u0130 Genel M\u00fcd\u00fcr Vekili \u0130rfan Korkmaz, 2020 y\u0131l\u0131 sonunda tamamlanarak i\u015fletmeye al\u0131nmas\u0131 planlanan imalatlar\u0131n tamamlanmas\u0131yla Vatan Caddesinin ya\u011fmursuyu sorununun ortadan kalkaca\u011f\u0131n\u0131 belirterek, &#8220;Haz\u0131rlad\u0131\u011f\u0131m\u0131z ve yap\u0131m\u0131na ba\u015flad\u0131\u011f\u0131m\u0131z projelerle, vatanda\u015flar\u0131m\u0131z\u0131n yo\u011fun ya\u011f\u0131\u015fl\u0131 havalarda ya\u015fad\u0131\u011f\u0131 su ta\u015fmas\u0131 problemlerini ortadan kald\u0131rmaya devam ediyoruz. Vatan Caddesine uzun y\u0131llar hizmet sunacak nitelikli bir ya\u011fmursuyu altyap\u0131s\u0131 in\u015fa ediyoruz. Ya\u011fmursuyu imalatlar\u0131n\u0131n tamamlanmas\u0131yla birlikte b\u00f6lgenin ya\u011fmursuyu sorunu kal\u0131c\u0131 olarak son bulacak. \u00c7al\u0131\u015fmalar\u0131m\u0131zla, kentimizin belirli noktalar\u0131nda, \u00f6zellikle k\u0131\u015f aylar\u0131nda a\u015f\u0131r\u0131 ya\u011f\u0131\u015flarda cadde ve sokaklarda meydana gelen su ta\u015fk\u0131n\u0131 manzaralar\u0131na son verece\u011fiz\u201d dedi. \u00a0<\/p>\n","protected":false},"excerpt":{"rendered":"<p>Mersin Su ve Kanalizasyon \u0130daresi (MESK\u0130) Genel M\u00fcd\u00fcrl\u00fc\u011f\u00fcnce, Mezitli il\u00e7esi Merkez Mahallesi Vatan Caddesinde ba\u015flat\u0131lan ya\u011fmursuyu projesi ile b\u00f6lgede yo\u011fun ya\u011f\u0131\u015flardan sonra ya\u015fanan su ta\u015fk\u0131nlar\u0131n\u0131n son bulaca\u011f\u0131 bildirildi.\u00a0 MESK\u0130&#8217;den yap\u0131lan &hellip; <a href=\"https:\/\/akdenizolaygazetesi.com\/?p=7905\" class=\"more-link\">Devam\u0131n\u0131 Oku&#8230;<\/a><\/p>\n","protected":false},"author":1,"featured_media":0,"comment_status":"open","ping_status":"open","sticky":false,"template":"","format":"standard","meta":[],"categories":[],"tags":[],"_links":{"self":[{"href":"https:\/\/akdenizolaygazetesi.com\/index.php?rest_route=\/wp\/v2\/posts\/7905"}],"collection":[{"href":"https:\/\/akdenizolaygazetesi.com\/index.php?rest_route=\/wp\/v2\/posts"}],"about":[{"href":"https:\/\/akdenizolaygazetesi.com\/index.php?rest_route=\/wp\/v2\/types\/post"}],"author":[{"embeddable":true,"href":"https:\/\/akdenizolaygazetesi.com\/index.php?rest_route=\/wp\/v2\/users\/1"}],"replies":[{"embeddable":true,"href":"https:\/\/akdenizolaygazetesi.com\/index.php?rest_route=%2Fwp%2Fv2%2Fcomments&post=7905"}],"version-history":[{"count":0,"href":"https:\/\/akdenizolaygazetesi.com\/index.php?rest_route=\/wp\/v2\/posts\/7905\/revisions"}],"wp:attachment":[{"href":"https:\/\/akdenizolaygazetesi.com\/index.php?rest_route=%2Fwp%2Fv2%2Fmedia&parent=7905"}],"wp:term":[{"taxonomy":"category","embeddable":true,"href":"https:\/\/akdenizolaygazetesi.com\/index.php?rest_route=%2Fwp%2Fv2%2Fcategories&post=7905"},{"taxonomy":"post_tag","embeddable":true,"href":"https:\/\/akdenizolaygazetesi.com\/index.php?rest_route=%2Fwp%2Fv2%2Ftags&post=7905"}],"curies":[{"name":"wp","href":"https:\/\/api.w.org\/{rel}","templated":true}]}}