{"id":7909,"date":"2020-11-04T18:28:22","date_gmt":"2020-11-04T15:28:22","guid":{"rendered":"http:\/\/mersinekonomipolitikagazetesi.com\/?p=7909"},"modified":"2020-11-04T18:28:22","modified_gmt":"2020-11-04T15:28:22","slug":"mtosb-tarihi-rekorlara-imza-atiyor","status":"publish","type":"post","link":"https:\/\/akdenizolaygazetesi.com\/?p=7909","title":{"rendered":"MTOSB tarihi rekorlara imza at\u0131yor"},"content":{"rendered":"<p>1993 Y\u0131l\u0131nda faaliyete ge\u00e7en Mersin Tarsus Organize Sanayi B\u00f6lgesi aradan ge\u00e7en 27 y\u0131l\u0131n ard\u0131ndan 2020 temmuz ay\u0131nda tarihi bir rekor k\u0131rarak bug\u00fcne kadarki en y\u00fcksek elektrik t\u00fcketimini ger\u00e7ekle\u015ftirdi. Temmuz ay\u0131nda 44.421.000 kwh elektrik t\u00fcketiminin ger\u00e7ekle\u015fti\u011fi MTOSB\u2019de Y\u00f6netim Kurulu Ba\u015fkan\u0131 Sabri Tekli, \u2018Sanayicimizle ne kadar gurur duysak azd\u0131r. T\u00fcm d\u00fcnyay\u0131 etkisi alt\u0131na alan pandemi d\u00f6neminde \u00fcretimden vazge\u00e7meyen sanayicilerimiz enerji t\u00fcketim rakamlar\u0131nda, istihdamda ve ihracatta tarihi rekorlara imza at\u0131yorlar\u2019 dedi.<\/p>\n<p>Mersin Tarsus Organize Sanayi B\u00f6lgesi Y\u00f6netim Kurulu Ba\u015fkan\u0131 Sabri Tekli, ilk 7 ayl\u0131k enerji t\u00fcketim performanslar\u0131n\u0131 de\u011ferlendirdi. Ba\u015fkan Tekli, 2019 y\u0131l\u0131n\u0131n ilk 7 ay\u0131nda MTOSB s\u0131n\u0131rlar\u0131 i\u00e7erisinde 251.426.536 kwh elektrik t\u00fcketimi ger\u00e7ekle\u015ftirildi\u011finin alt\u0131n\u0131 \u00e7izerek, bu rakam\u0131n 2020 y\u0131l\u0131n\u0131n ilk 7 ay\u0131nda 283.318.265 kwh olarak ger\u00e7ekle\u015fti\u011fini kaydetti.<\/p>\n<p>\u2018TEMMUZ AYINDA TAR\u0130H\u0130 REKOR\u2019<\/p>\n<p>Kuruldu\u011fu 1993 y\u0131l\u0131ndan bu yana kadar 2020 y\u0131l\u0131 temmuz ay\u0131nda ilk kez bu kadar y\u00fcksek bir elektrik t\u00fcketimi g\u00f6zlemlendi\u011fini kaydeden Ba\u015fkan Tekli, \u2018Y\u0131ll\u0131k bazda enerji t\u00fcketim rakamlar\u0131m\u0131z art\u0131\u015f g\u00f6steriyor, fakat temmuz ay\u0131nda tarihimizin en y\u00fcksek elektrik t\u00fcketimini ger\u00e7ekle\u015ftirdik. Temmuz ay\u0131nda 44.421.000 kwh elektrik t\u00fcketiminin ger\u00e7ekle\u015fti\u011fi b\u00f6lgemizdeki sanayicilerimiz ile ne kadar gurur duysak azd\u0131r\u2019 dedi.<\/p>\n<p>\u2018YEN\u0130 PAZARLAR KE\u015eFETT\u0130K\u2019<\/p>\n<p>\u0130hracat\u0131n T\u00fcrkiye a\u00e7\u0131s\u0131ndan \u00f6neminin bilincinde olduklar\u0131n\u0131 da kaydeden Ba\u015fkan Tekli, \u2018Pandemi nedeniyle Avrupa kap\u0131lar\u0131n\u0131 kapat\u0131nca sanayicilerimiz yeni pazar aray\u0131\u015flar\u0131na girdiler. B\u00f6ylece Ortado\u011fu ve Afrika\u2019da yeni pazarlar ke\u015ffettik. Daha \u00f6nce Avrupa \u00fclkelerine y\u00f6nelik sat\u0131\u015flar\u0131 bulunan sanayicilerimiz pandemi ile birlikte ihracatta kendilerine yeni sahalar a\u00e7t\u0131lar ve \u015fu anda bu pazarlarda da olduk\u00e7a etkililer. Mersin Tarsus Organize Sanayi B\u00f6lgesi i\u00e7erisinde faaliyet g\u00f6steren firmalar\u0131m\u0131z\u0131n y\u00fczde 80\u2019\u0131na yak\u0131n bir b\u00f6l\u00fcm\u00fcnde ihracat i\u00e7in \u00f6zel birimler kurulmu\u015f durumda. D\u00fcnyan\u0131n d\u00f6rt bir yan\u0131ndaki \u00fclkelere ihracat yapan bir yap\u0131m\u0131z var. Mersin\u2019den \u00e7\u0131kan \u00fcr\u00fcnlerimizin girmedi\u011fi \u00fclke yok diyebilirim. Bu da sanayicimizin ihracata ne kadar b\u00fcy\u00fck \u00f6nem verdi\u011fini g\u00f6steriyor\u2019 dedi.<\/p>\n<p>\u2018\u0130ST\u0130HDAM ORANLARIMIZ ARTTI\u2019<\/p>\n<p>Pandemi d\u00f6neminde t\u00fcm d\u00fcnyan\u0131n en b\u00fcy\u00fck sorunu haline gelen istihdam sorununa da de\u011finen Ba\u015fkan Tekli, \u2018\u00dcretim rakamlar\u0131 artt\u0131k\u00e7a, yeni pazarlar ke\u015ffedildik\u00e7e istihdam rakamlar\u0131m\u0131z da artt\u0131. Devletimizin verdi\u011fi te\u015fvik ve destekleri iyi de\u011ferlendiren sanayicilerimiz bu zorlu s\u00fcre\u00e7te istihdam rakamlar\u0131n\u0131 a\u015fa\u011f\u0131ya \u00e7ekmektense, artan \u00fcretim ile birlikte istihdam rakamlar\u0131n\u0131 da \u00fcst seviyeye ta\u015f\u0131may\u0131 ba\u015fard\u0131lar. Bu s\u00fcre\u00e7te b\u00fcy\u00fck \u00f6zveri ile \u00e7al\u0131\u015fan sanayicimizi yaln\u0131z b\u0131rakmayan Sanayi ve Teknoloji Bakan\u0131m\u0131z Say\u0131n Mustafa Varank ba\u015fta olmak \u00fczere, t\u00fcm yetkililere de \u015f\u00fckran bor\u00e7luyuz\u2019 dedi.<\/p>\n<p>\u2018SANAY\u0130C\u0130LER\u0130M\u0130Z PANDEM\u0130 D\u00d6NEM\u0130NDE DE \u00dcRET\u0130M\u0130 DURDURMUYOR\u2019<\/p>\n<p>T\u00fcm d\u00fcnyay\u0131 etkisi alt\u0131na alan pandeminin Mersinli sanayicinin \u00fcretimine engel olamad\u0131\u011f\u0131n\u0131 belirten Ba\u015fkan Tekli, \u2018Ortaya \u00e7\u0131kan enerji t\u00fcketim rakamlar\u0131 b\u00f6lgemizde yat\u0131r\u0131m yapan sanayicilerimizin \u00fcretimden vazge\u00e7medi\u011finin a\u00e7\u0131k g\u00f6stergesidir. Pandeminin t\u00fcm olumsuz \u015fartlar\u0131na ra\u011fmen, \u00fcst d\u00fczey \u00f6nlemlerini alan sanayicilerimiz \u00fcretimlerine ara vermediler. Covid-19 salg\u0131n\u0131 halen d\u00fcnyada etkilerini s\u00fcrd\u00fcr\u00fcrken sanayicilerimiz y\u0131lmadan \u00e7al\u0131\u015fmalar\u0131n\u0131 s\u00fcrd\u00fcr\u00fcyorlar. Bizler de MTOSB olarak onlar\u0131n daha rahat bir ortamda \u00fcretimlerini s\u00fcrd\u00fcrebilmeleri ad\u0131na t\u00fcm \u00e7al\u0131\u015fmalar\u0131m\u0131z\u0131 y\u00fcr\u00fct\u00fcyor, ayn\u0131 zamanda da pandemiye kar\u015f\u0131 \u00f6nlemlerimizi \u00fcst d\u00fczeyde tutuyoruz\u2019 dedi.\u00a0<\/p>\n","protected":false},"excerpt":{"rendered":"<p>1993 Y\u0131l\u0131nda faaliyete ge\u00e7en Mersin Tarsus Organize Sanayi B\u00f6lgesi aradan ge\u00e7en 27 y\u0131l\u0131n ard\u0131ndan 2020 temmuz ay\u0131nda tarihi bir rekor k\u0131rarak bug\u00fcne kadarki en y\u00fcksek elektrik t\u00fcketimini ger\u00e7ekle\u015ftirdi. Temmuz ay\u0131nda &hellip; <a href=\"https:\/\/akdenizolaygazetesi.com\/?p=7909\" class=\"more-link\">Devam\u0131n\u0131 Oku&#8230;<\/a><\/p>\n","protected":false},"author":1,"featured_media":0,"comment_status":"open","ping_status":"open","sticky":false,"template":"","format":"standard","meta":[],"categories":[],"tags":[],"_links":{"self":[{"href":"https:\/\/akdenizolaygazetesi.com\/index.php?rest_route=\/wp\/v2\/posts\/7909"}],"collection":[{"href":"https:\/\/akdenizolaygazetesi.com\/index.php?rest_route=\/wp\/v2\/posts"}],"about":[{"href":"https:\/\/akdenizolaygazetesi.com\/index.php?rest_route=\/wp\/v2\/types\/post"}],"author":[{"embeddable":true,"href":"https:\/\/akdenizolaygazetesi.com\/index.php?rest_route=\/wp\/v2\/users\/1"}],"replies":[{"embeddable":true,"href":"https:\/\/akdenizolaygazetesi.com\/index.php?rest_route=%2Fwp%2Fv2%2Fcomments&post=7909"}],"version-history":[{"count":0,"href":"https:\/\/akdenizolaygazetesi.com\/index.php?rest_route=\/wp\/v2\/posts\/7909\/revisions"}],"wp:attachment":[{"href":"https:\/\/akdenizolaygazetesi.com\/index.php?rest_route=%2Fwp%2Fv2%2Fmedia&parent=7909"}],"wp:term":[{"taxonomy":"category","embeddable":true,"href":"https:\/\/akdenizolaygazetesi.com\/index.php?rest_route=%2Fwp%2Fv2%2Fcategories&post=7909"},{"taxonomy":"post_tag","embeddable":true,"href":"https:\/\/akdenizolaygazetesi.com\/index.php?rest_route=%2Fwp%2Fv2%2Ftags&post=7909"}],"curies":[{"name":"wp","href":"https:\/\/api.w.org\/{rel}","templated":true}]}}