{"id":7913,"date":"2020-11-04T18:28:22","date_gmt":"2020-11-04T15:28:22","guid":{"rendered":"http:\/\/mersinekonomipolitikagazetesi.com\/?p=7913"},"modified":"2020-11-04T18:28:22","modified_gmt":"2020-11-04T15:28:22","slug":"polipropilen-tesisi-yapilirsa-karaduvar-biter","status":"publish","type":"post","link":"https:\/\/akdenizolaygazetesi.com\/?p=7913","title":{"rendered":"POL\u0130PROP\u0130LEN TES\u0130S\u0130 YAPILIRSA KARADUVAR B\u0130TER!"},"content":{"rendered":"<p>Se\u00e7er: \u201cKe\u015fke orada bir d\u00fczenleme yap\u0131l\u0131rken Karaduvar halk\u0131na sorulsayd\u0131. Vatanda\u015fa ra\u011fmen bir \u015fey yapmak do\u011fru de\u011fil.\u201d<\/p>\n<p>Mersin B\u00fcy\u00fck\u015fehir Belediyesi A\u011fustos ay\u0131 Ola\u011fan Meclis Toplant\u0131s\u0131 2\u2019inci Birle\u015fimi ger\u00e7ekle\u015fti. Karaduvar\u2019da yap\u0131lacak olan polipropilen tesisi mecliste yeniden g\u00fcndeme geldi. Se\u00e7er, \u201cYat\u0131r\u0131ma kar\u015f\u0131 olmam m\u00fcmk\u00fcn de\u011fil. Ancak kentimde yat\u0131r\u0131mlar\u0131 yaparken birinci derecede \u00e7evre duyarl\u0131l\u0131\u011f\u0131n\u0131 d\u00fc\u015f\u00fcn\u00fcr\u00fcm. Ke\u015fke orada bir d\u00fczenleme yap\u0131l\u0131rken Karaduvar halk\u0131na sorulsayd\u0131. Vatanda\u015fa ra\u011fmen bir \u015fey yapman\u0131n do\u011fru oldu\u011funu d\u00fc\u015f\u00fcnm\u00fcyorum\u2019\u2019 dedi.<br \/>\nMecliste konu\u015fan meclis \u00fcyesi Zafer \u015eahin \u00d6zturan, \u201cBu konu \u00e7ok \u00f6nemli bir giri\u015fim ve \u00f6zellikle Akdeniz Belediye Ba\u015fkan\u0131 Mustafa G\u00fcltak ile MBB Ba\u015fkan\u0131 Se\u00e7er\u2019in ciddi \u015fekilde Karaduvar\u2019a bu \u00f6nemi vermesi T\u00fcrkiye\u2019de gelecekte Karaduvar\u2019\u0131 bal\u0131k\u00e7\u0131 kasabas\u0131 seviyesine getirece\u011fine inan\u0131yorum. Fakat bu anlat\u0131lan projeler y\u0131llar \u00f6nce yap\u0131lsayd\u0131. Bu t\u00fcr \u00e7al\u0131\u015fmalar yap\u0131l\u0131rken burada \u00e7al\u0131\u015fan arkada\u015flar\u0131m\u0131z orada ya\u015fayan vatanda\u015flar\u0131n g\u00f6r\u00fc\u015flerini de almal\u0131lar. \u0130nan\u0131yoruz ki Karaduvar \u00e7ok g\u00fczel bir noktaya gelecek\u2019\u2019 ifadelerini kulland\u0131.<\/p>\n<p>\u2018\u2019KARADUVAR YILLARCA \u0130HMAL ED\u0130LD\u0130\u2019\u2019<br \/>\n\u00a0<br \/>\nKaraduvar\u2019\u0131n y\u0131llarca ihmal edildi\u011fini belirten Se\u00e7er, \u201cY\u0131llar \u00f6nce yat\u0131r\u0131mlar yap\u0131lsayd\u0131 \u015f\u0131k bir kasaba olarak ekonomik getirisi olurdu. Orada MESK\u0130\u2019nin at\u0131k su ar\u0131tma tesisi bulunuyor. Yine \u00e7ok say\u0131da sanayi tesiside yer almakta. Bir taraftanda turizm bal\u0131k\u00e7\u0131 kasabas\u0131, bir taraftan tar\u0131m kasabas\u0131, di\u011fer taraftan \u00e7evreye duyarl\u0131 olanlar tepki g\u00f6stermekte hakl\u0131. \u00c7evre olarak risk te\u015fkil eden sanayi tesisleri ve kimyasal tesisleri ile donanm\u0131\u015f bir alan. Belediye Ba\u015fkan\u0131 olarak amac\u0131m mevcut yap\u0131y\u0131 daha fazla k\u00f6t\u00fcye g\u00f6t\u00fcrmeden iyile\u015ftirmek.\u201d dedi.<\/p>\n<p>Akdeniz\u2019in Karaduvar Mahallesi \u00fczerinde Dumlup\u0131nar Caddesi ile bal\u0131k sat\u0131\u015f i\u015fletmelerinin bulundu\u011fu \u0130sa \u00d6ner Bulvar\u0131 ve sahil hatt\u0131n\u0131 kapsayan b\u00f6lgede yap\u0131lacak kamusal alan ve \u00f6zel m\u00fclkiyetlerde yap\u0131lacak sokak iyile\u015ftirme, bina cephelerinde de\u011fi\u015fiklik ve yenileme g\u00fcndeme geldi. \u00d6zel ayd\u0131nlatma ve \u00e7evre tanzimi \u00e7al\u0131\u015fmalar\u0131 proje \u00e7al\u0131\u015fmalar\u0131n\u0131n i\u015fin yap\u0131m\u0131nda harcama yap\u0131lmas\u0131 ve kurum ve kurulu\u015flar ile protokol yap\u0131lmas\u0131 yetkisi tart\u0131\u015f\u0131ld\u0131. Yetkinin Belediye Ba\u015fkan\u0131 Vahap Se\u00e7er\u2019e verilmesi ile ilgili Plan ve B\u00fct\u00e7e Komisyonu\u2019na havale edilen konunun g\u00f6r\u00fc\u015f\u00fclmesi konusu \u00fczerine g\u00f6r\u00fc\u015fler bildirildi.<br \/>\n\u00a0<br \/>\n\u201cPOL\u0130PROP\u0130LEN TES\u0130S\u0130 YAPILIRKEN VATANDA\u015eTAN G\u00d6R\u00dc\u015e ALINSAYDI\u2019\u2019<br \/>\n\u00a0<br \/>\nYat\u0131r\u0131ma kar\u015f\u0131 olmas\u0131n\u0131n m\u00fcmk\u00fcn olmad\u0131\u011f\u0131n\u0131 belirten Se\u00e7er, \u201cBir yat\u0131r\u0131mc\u0131, i\u015f adam\u0131, d\u00fcnya g\u00f6r\u00fc\u015f\u00fc olarak yat\u0131r\u0131ma kar\u015f\u0131 olmam m\u00fcmk\u00fcn de\u011fil. Ben kentimde yat\u0131r\u0131m yaparken birinci derecede \u00e7evre duyarl\u0131l\u0131\u011f\u0131n\u0131 d\u00fc\u015f\u00fcn\u00fcr\u00fcm. \u00d6zturan\u2019\u0131n dedi\u011fi gibi vatanda\u015f\u0131n g\u00f6r\u00fc\u015flerinin al\u0131nmas\u0131 hassasiyeti polipropilen tesisi de yap\u0131l\u0131rken g\u00f6sterilseydi. \u00d6zturan, \u2018Orada bir d\u00fczenleme yap\u0131l\u0131rken Karaduvar Halk\u0131na sorun\u2019 dedi ve hakl\u0131. Onun i\u00e7in vatanda\u015fla konu\u015fup onay al\u0131p vatanda\u015fa ra\u011fmen bir \u015fey yapman\u0131n do\u011fru olmad\u0131\u011f\u0131n\u0131 d\u00fc\u015f\u00fcn\u00fcyorum. Biz orada MESK\u0130 tesisleri rahats\u0131zl\u0131k veriyor ve koku yay\u0131yordu. \u015euanda oradaki havuzlar\u0131n \u00fczerinin kapat\u0131lmas\u0131 i\u015flemi devam ediyor. Kokuyu \u00f6nemli bir oranda yok ediyoruz.\u201d diye konu\u015ftu.<br \/>\n\u00a0<br \/>\n\u201cYARI\u015e HAL\u0130NE GEL\u0130RSE K\u0130MSE KARLI \u00c7IKMAZ!\u201d<br \/>\n\u00a0<br \/>\nLokantalar\u0131n oldu\u011fu alanda \u00e7al\u0131\u015fmalar yapt\u0131klar\u0131n\u0131 belirten Se\u00e7er, \u201cBir dokunu\u015f ve \u00e7al\u0131\u015fmalar ger\u00e7ekle\u015ftirdik. Biz her t\u00fcrl\u00fc i\u015fbirli\u011fine haz\u0131r\u0131z fakat bunu yar\u0131\u015f haline getirmemek laz\u0131m. \u00d6zellikle B\u00fcy\u00fck\u015fehir belediyesi ile il\u00e7e belediyelerin yapt\u0131\u011f\u0131 \u00e7al\u0131\u015fmalar\u0131 yar\u0131\u015f haline getirirse bu i\u015fin sonu olmaz ve kimse karl\u0131 \u00e7\u0131kmaz.\u2019\u2019 ifadesini kulland\u0131.<br \/>\n\u00a0\u00a0<br \/>\n\u2018\u2019POL\u0130PROP\u0130LEN TES\u0130S\u0130 SONRASI NE YATIRIM YAPILIRSA YAPILSIN BO\u015eA G\u0130DER\u2019\u2019<br \/>\n\u00a0<br \/>\nAli Tanr\u0131verdi ise Karaduvar ile ilgili yap\u0131lan \u00e7al\u0131\u015fmalara y\u00f6nelik, \u201cKaraduvar g\u00fczide bir yer ve ileriye y\u00f6nelik ortakla\u015fa \u00e7al\u0131\u015fmalar yap\u0131lmas\u0131 de\u011ferlidir. Yine \u2018Oradaki halk\u0131n talepleri do\u011frultusunda \u00e7al\u0131\u015fmalar yap\u0131lmas\u0131 da \u00f6nemli bir husus. Fakat Karaduvar\u2019\u0131 karanl\u0131\u011fa g\u00f6mecek ve yok edecek polipropilen tesisi yap\u0131l\u0131yor. Siz bu fabrika yap\u0131ld\u0131ktan sonra ne hizmet veya yat\u0131r\u0131m yaparsan\u0131z yap\u0131n hepsi bo\u015fa gider. Ben umuyorum ki belediyeler ve y\u00f6neticiler bu fabrikan\u0131n buraya yap\u0131lmamas\u0131 Karaduvar halk\u0131n\u0131n tar\u0131m\u0131n, bal\u0131k\u00e7\u0131l\u0131\u011f\u0131n ve hayvanc\u0131l\u0131\u011f\u0131n \u00f6n\u00fcn\u00fcn a\u00e7\u0131lmas\u0131 i\u00e7in bask\u0131larla merkezi h\u00fck\u00fcmet bu \u00e7al\u0131\u015fmalardan vazge\u00e7er.\u2019\u2019 \u015fekilde konu\u015ftu.<br \/>\n\u00a0<br \/>\n\u00a0\u00d6ZY\u0130\u011e\u0130T: \u201cA\u011eA\u00c7LAR TA\u015eINSAYDI DAHA \u0130SABETL\u0130 OLURDU\u201d<\/p>\n<p>Mersin M\u00fcft\u00fc Deresi etraf\u0131ndaki as\u0131rl\u0131k a\u011fa\u00e7lar\u0131n kesilmesi konusunun HDP\u2019li Meclis \u00dcyesi Bedriye Ku\u015f taraf\u0131ndan mecliste sorulmas\u0131na y\u00f6nelik ise Yeni\u015fehir Belediye Ba\u015fkan\u0131 Abdullah \u00d6zyi\u011fit, \u201cBilindi\u011fi \u00fczere uygulamalarda Devlet Su \u0130\u015flerine ait alanlar, Orman B\u00f6lge M\u00fcd\u00fcrl\u00fc\u011f\u00fc\u2019ne, B\u00fcy\u00fck\u015fehir Belediyesi\u2019ne ve il\u00e7e belediyelerinin sorumlulu\u011funa ait alanlar var. A\u011fa\u00e7 kesim olay\u0131nda ilgili alan Devlet Su \u0130\u015fleri&#8217;ne ait bir aland\u0131r. Bizi Park Bah\u00e7eler M\u00fcd\u00fcrl\u00fc\u011f\u00fc\u2019nden arkada\u015flar\u0131m\u0131z bu i\u015flemi duyduklar\u0131nda s\u00f6k\u00fcm i\u015fleminin yap\u0131lmas\u0131 ile alakal\u0131 gerekli y\u00f6nlendirmeyi yapt\u0131lar. Bizim B\u00fcy\u00fck\u015fehir Belediyemizin de deste\u011fi ile yol a\u00e7ma \u00e7al\u0131\u015fmalar\u0131n da s\u00fcrekli a\u011fac\u0131 s\u00f6k\u00fcp ba\u015fka bir alana ta\u015f\u0131d\u0131\u011f\u0131m\u0131z s\u00f6z konusudur. Uygulamalar\u0131m\u0131zda onu zor bir i\u015flem olmas\u0131na ra\u011fmen zaman alan bir i\u015flem olmas\u0131na ra\u011fmen hi\u00e7 bundan gocunmadan \u00e7ekinmeden bu i\u015flemleri ger\u00e7ekle\u015ftiriyoruz. Fakat DS\u0130\u2019ye ait bir alan oldu\u011fu i\u00e7in oras\u0131, DS\u0130 bu kesim i\u015flemini \u2018kesmeye uygun g\u00f6rd\u00fck\u2018 demi\u015fler ve Orman M\u00fcd\u00fcrl\u00fc\u011f\u00fc&#8217;nden bu i\u015flem yapmas\u0131n\u0131 istemi\u015fler ve ger\u00e7ekle\u015fmi\u015f. A\u011fa\u00e7lar\u0131n kesilmesini hi\u00e7birimiz arzu etmiyoruz. Dolay\u0131s\u0131yla kesilmeseydi ve a\u011fa\u00e7lar ta\u015f\u0131nm\u0131\u015f olsayd\u0131 \u00e7ok daha isabetli do\u011fru bir yakla\u015f\u0131m olurdu diye d\u00fc\u015f\u00fcn\u00fcyorum.\u2019\u2019 dedi.<br \/>\n\u00a0<br \/>\n\u00a0\u201cBURADAN EKMEK \u00c7IKMAZ\u201d<br \/>\n\u00a0<br \/>\nAKP\u2019li meclis \u00fcyesi \u0130smail Yerlikaya ise konu ile ilgili, \u201c\u00dc\u00e7 g\u00fcnd\u00fcr sosyal medyada s\u00fcrekli a\u011fa\u00e7lar\u0131n kesimiyle ilgili haberler yorumlar yap\u0131l\u0131yor. Ger\u00e7ekten bence buradan ekmek \u00e7\u0131kmaz bir defa. Bu acemice yap\u0131lan bir i\u015flem. 21 tane a\u011fa\u00e7 var orada ve \u00a0bu a\u011fa\u00e7lar okalipt\u00fcs. \u00d6ncelikle \u015funa bakmak laz\u0131m. Yap\u0131lan i\u015flem ne millet bah\u00e7esi zaten biz bah\u00e7e yap\u0131yoruz oraya. Stadyum taraf\u0131na 900 tane denizdeki aqua park taraf\u0131na bin 200 tane toplamda 2 bin 100 tane a\u011fa\u00e7 dikiliyor b\u00f6lgeye. 21 tane a\u011fa\u00e7 i\u00e7in bas\u0131n gidiyor ve deme\u00e7 veriliyor s\u00fcrekli, ger\u00e7ekten \u015fa\u015f\u0131r\u0131yorum! Ge\u00e7en hafta cumartesi g\u00fcn\u00fc bu millet bah\u00e7esinde \u00e7ok eme\u011fi olan L\u00fctfi Elvan ile birlikte Mersin&#8217;e Mimarlar Odas\u0131, Ticaret Odas\u0131, STK ba\u015fkanlar\u0131 ile o b\u00f6lgeyi de gezdik. Millet bah\u00e7esine bak\u0131ld\u0131 DS\u0130\u2019nin yapt\u0131\u011f\u0131 \u00e7al\u0131\u015fmaya bak\u0131ld\u0131. DS\u0130 yetkilileri orada bizleri bilgilendirdiler.\u2019\u2019 dedi.<br \/>\n\u00a0<br \/>\n\u201cOKAL\u00dcPT\u00dcS A\u011eA\u00c7LARININ K\u00d6KLER\u0130 \u0130SNAT DUVARLARINI \u00c7\u00d6KERT\u0130YOR\u201d\u00a0<br \/>\n\u00a0<br \/>\nYerlikaya, \u201cMillet bah\u00e7esi ile ilgili yap\u0131lanlar\u0131 ve di\u011fer taraf\u0131 de\u011ferlendirildikten sonra burada DS\u0130 bir \u0131slah \u00e7al\u0131\u015fmas\u0131 yap\u0131yor. \u00c7\u00fcnk\u00fc \u00a0iki yakada da millet bah\u00e7esi var ortada \u00f6yle k\u00f6t\u00fc bir \u015fekilde dere yata\u011f\u0131 b\u0131rak\u0131lamazd\u0131. Okalipt\u00fcs normal s\u0131radan bir a\u011fa\u00e7 de\u011fil k\u00f6kleri 40 metre derinli\u011fe giden, yakla\u015f\u0131k olarak g\u00fcnde 400 litre su i\u00e7en a\u011fa\u00e7lard\u0131r. Bu a\u011fa\u00e7lar normalde erozyonu \u00f6nlemek i\u00e7in kullan\u0131lan geli\u015fig\u00fczel her yere ekilmesi de do\u011fru de\u011fil. Okalipt\u00fcs a\u011fa\u00e7lar\u0131n\u0131n k\u00f6kleri istinat duvarlar\u0131n\u0131 \u00e7\u00f6kertiyor. DS\u0130\u2019ye \u2018Biraz daha daraltamaz m\u0131s\u0131n\u0131z alan\u0131?\u2019 dedi\u011fimizde, \u2018Zaten denize yak\u0131n yer deniz kabard\u0131\u011f\u0131 zaman k\u0131\u015f\u0131n oraya komple su bas\u0131yor. Birka\u00e7 tane a\u011fa\u00e7 i\u00e7in oray\u0131 projeyi daraltmak veya yata\u011f\u0131n\u0131 daraltmak do\u011fru de\u011fildi.\u2019\u2019 ifadelerini kulland\u0131.<br \/>\n\u00a0<br \/>\nDS\u0130\u2019nin konuyla ilgili \u00a0\u00e7al\u0131\u015fmas\u0131n\u0131 yapt\u0131\u011f\u0131n\u0131 belirten Yerlikaya, \u201cOrada 2 bin 100 a\u011fac\u0131n oldu\u011fu 41 milyonluk bir yat\u0131r\u0131m yap\u0131l\u0131yor. Mersin&#8217;e \u015fehre burada insanlar\u0131n rahat nefes alaca\u011f\u0131 bilece\u011fi \u015fehrin i\u00e7inde g\u00fczel bir yat\u0131r\u0131m yap\u0131l\u0131yor. Bunu takdir etmek laz\u0131m iken bunu ele\u015ftirmek \u00e7ok do\u011fru bir \u015fey de\u011fil. Bir sanayi alan\u0131n \u00f6n\u00fcne gidersin a\u011fa\u00e7 katliam\u0131 yap\u0131l\u0131yor diyebilirsin, burada bir katliam yok. Kesilen a\u011fa\u00e7lar istinat duvar\u0131na denk geliyor yani daraltmak do\u011fru de\u011fil. Ta\u015fk\u0131n alan\u0131 i\u00e7erisinde hi\u00e7bir belediyenin sorumlulu\u011funda de\u011fil. Bunlar yar\u0131n \u00e7\u00f6kme yapt\u0131\u011f\u0131nda y\u0131k\u0131lma yapt\u0131\u011f\u0131nda da ilerideki k\u00f6pr\u00fc \u00fczerinden yolu t\u0131kayabilir. Su bask\u0131nlar\u0131 sak\u0131ncalar\u0131ndan dolay\u0131 \u00e7ok b\u00fcy\u00fck bir olay de\u011fil. B\u00f6lgeye ye\u015fil alan ve a\u011fa\u00e7 fazlas\u0131yla da yap\u0131l\u0131yor.\u2019\u2019 dedi.\u00a0<br \/>\n\u00a0<br \/>\n\u201cKAN KUSUYORUM KIZILCIK \u015eERBET\u0130 \u0130\u00c7T\u0130M D\u0130YORUM\u201d<br \/>\n\u00a0<br \/>\nBu t\u00fcr uygulamalar\u0131n vatanda\u015fa yal\u0131n bir dille anlat\u0131lmas\u0131 gerekti\u011fini vurgulayan Se\u00e7er ise konunun d\u0131\u015f\u0131nda b\u0131rak\u0131ld\u0131\u011f\u0131n\u0131 belirterek, \u201cSiyasi polemik olmas\u0131n diye bir tart\u0131\u015fma olmas\u0131n diye kan kusuyorum k\u0131z\u0131lc\u0131k \u015ferbeti i\u00e7tim diyorum. Orada o kadar \u00f6nemli bir d\u00fczenleme yap\u0131l\u0131yor yetkililer geliyor orada yap\u0131lan \u00e7al\u0131\u015fmalar\u0131 anlat\u0131yor. M\u00fcft\u00fc deresi ile ilgili bizim de tasarrufumuz oldu. Daha \u00f6nceki y\u00f6netim DS\u0130 ile protokol yapm\u0131\u015f ve biz bu i\u015flemi yapal\u0131m dedi\u011fimizde \u00f6nce onay \u00e7\u0131kt\u0131 DS\u0130\u2019den. Daha sonra millet bah\u00e7esine Ekim ay\u0131nda a\u00e7\u0131laca\u011f\u0131 d\u00fc\u015f\u00fcncesiyle \u2018Biz zaten bunun i\u015flemlerini ba\u015flatm\u0131\u015ft\u0131 biz bunu yapaca\u011f\u0131z\u2019 dediler amin dedik. DS\u0130 yap\u0131yor, belediye yap\u0131yor bir ba\u015fka kurum yap\u0131yor neticede Mersin&#8217;e bir hizmet yap\u0131l\u0131yor. Ke\u015fke bu tip \u00e7al\u0131\u015fmalarda o brifingleri verirken o b\u00fcrokratlar, bu kentin bir b\u00fcy\u00fck\u015fehir belediye ba\u015fkan\u0131 var deyip de o brifinglere bizlerin de \u00e7a\u011fr\u0131lmas\u0131, hem kentin birlik b\u00fct\u00fcnl\u00fck a\u00e7\u0131s\u0131ndan g\u00f6r\u00fcnt\u00fcs\u00fcne iyi bir resim verir. Bu s\u00f6zde dilde kalmaz. Hem de olas\u0131 bir durumda ben de oradaki kuruma bir \u015fey s\u00f6yleyebilirim. \u015eimdi bir \u015fey demeyece\u011fim \u00e7\u00fcnk\u00fc ben i\u015fin d\u0131\u015f\u0131nday\u0131m.\u2019\u2019 ifadelerini kulland\u0131.<br \/>\n\u00a0<br \/>\n\u00a0\u201cDUYARLILI\u011eINIZI \u015eEH\u0130RLER YIKILIRKEN HENDEK OLAYLARI YAPILIRKEN G\u00d6STERSEYD\u0130N\u0130Z!\u201d<br \/>\n\u00a0<br \/>\nAKP\u2019li Meclis \u00fcyesi Zafer \u015eahin \u00d6zturhan ise \u201cBurada Akdeniz Belediyesi olarak bu i\u015fin i\u00e7inde olan biz de\u011filiz. Ke\u015fke bu duyarl\u0131l\u0131\u011f\u0131n\u0131z\u0131 \u015fehirler y\u0131k\u0131l\u0131rken hendek olaylar\u0131 yap\u0131l\u0131rken g\u00f6sterseydiniz. Bu i\u015fi siyasi malzeme yapan biz de\u011filiz. Sanki oraya \u00f6yle bir siyasi r\u00fczgarla girildi ki, \u015fuan biz T\u00fcrkiye\u2019nin say\u0131l\u0131 meydanlar\u0131ndan birini yap\u0131yoruz. Bir alg\u0131 vard\u0131 Tevfik S\u0131rr\u0131 G\u00fcr Stad\u0131 y\u0131k\u0131lacak oraya otel yap\u0131lacak dendi ama \u00f6yle olmad\u0131. Siz siyaseti iyi yap\u0131yorsunuz biz a\u011fa\u00e7la ilgili 15-16 tane DS\u0130 ormandan izin alm\u0131\u015f. Teknik olarak a\u011fa\u00e7lar 70-80 ya\u015f\u0131nda oldu\u011fu i\u00e7in ta\u015f\u0131nmas\u0131n\u0131n m\u00fcmk\u00fcn olmad\u0131\u011f\u0131 belirtilmi\u015f. Siyaset yapmayal\u0131m, birbirimizi sa\u011fa sola savurmam\u0131z do\u011fru olmaz. Birbirimizi siyasi polemiklere \u00e7ekmeden \u015fehrin sorunlar\u0131n\u0131 konu\u015fal\u0131m\u201d dedi. \u00d6zturhan kendisine y\u00f6nelik tepkilere ise, \u201cSiyaseti sabahtan beri siz yap\u0131yorsunuz\u201d yan\u0131t\u0131 verdi.<\/p>\n","protected":false},"excerpt":{"rendered":"<p>Se\u00e7er: \u201cKe\u015fke orada bir d\u00fczenleme yap\u0131l\u0131rken Karaduvar halk\u0131na sorulsayd\u0131. Vatanda\u015fa ra\u011fmen bir \u015fey yapmak do\u011fru de\u011fil.\u201d Mersin B\u00fcy\u00fck\u015fehir Belediyesi A\u011fustos ay\u0131 Ola\u011fan Meclis Toplant\u0131s\u0131 2\u2019inci Birle\u015fimi ger\u00e7ekle\u015fti. Karaduvar\u2019da yap\u0131lacak olan &hellip; <a href=\"https:\/\/akdenizolaygazetesi.com\/?p=7913\" class=\"more-link\">Devam\u0131n\u0131 Oku&#8230;<\/a><\/p>\n","protected":false},"author":1,"featured_media":0,"comment_status":"open","ping_status":"open","sticky":false,"template":"","format":"standard","meta":[],"categories":[],"tags":[],"_links":{"self":[{"href":"https:\/\/akdenizolaygazetesi.com\/index.php?rest_route=\/wp\/v2\/posts\/7913"}],"collection":[{"href":"https:\/\/akdenizolaygazetesi.com\/index.php?rest_route=\/wp\/v2\/posts"}],"about":[{"href":"https:\/\/akdenizolaygazetesi.com\/index.php?rest_route=\/wp\/v2\/types\/post"}],"author":[{"embeddable":true,"href":"https:\/\/akdenizolaygazetesi.com\/index.php?rest_route=\/wp\/v2\/users\/1"}],"replies":[{"embeddable":true,"href":"https:\/\/akdenizolaygazetesi.com\/index.php?rest_route=%2Fwp%2Fv2%2Fcomments&post=7913"}],"version-history":[{"count":0,"href":"https:\/\/akdenizolaygazetesi.com\/index.php?rest_route=\/wp\/v2\/posts\/7913\/revisions"}],"wp:attachment":[{"href":"https:\/\/akdenizolaygazetesi.com\/index.php?rest_route=%2Fwp%2Fv2%2Fmedia&parent=7913"}],"wp:term":[{"taxonomy":"category","embeddable":true,"href":"https:\/\/akdenizolaygazetesi.com\/index.php?rest_route=%2Fwp%2Fv2%2Fcategories&post=7913"},{"taxonomy":"post_tag","embeddable":true,"href":"https:\/\/akdenizolaygazetesi.com\/index.php?rest_route=%2Fwp%2Fv2%2Ftags&post=7913"}],"curies":[{"name":"wp","href":"https:\/\/api.w.org\/{rel}","templated":true}]}}