{"id":7917,"date":"2020-11-04T18:28:22","date_gmt":"2020-11-04T15:28:22","guid":{"rendered":"http:\/\/mersinekonomipolitikagazetesi.com\/?p=7917"},"modified":"2020-11-04T18:28:22","modified_gmt":"2020-11-04T15:28:22","slug":"koyluler-ihracat-kapisini-turfanda-bodur-elma-ile-araladi","status":"publish","type":"post","link":"https:\/\/akdenizolaygazetesi.com\/?p=7917","title":{"rendered":"K\u00f6yl\u00fcler, ihracat kap\u0131s\u0131n\u0131 turfanda bodur elma ile aralad\u0131"},"content":{"rendered":"<p>\u00dcretilen elma i\u00e7 piyasan\u0131n yan\u0131 s\u0131ra Rusya, KKTC ve Arap \u00fclkelerine ihra\u00e7 ediliyor<\/p>\n<p><span style=\"line-height: 1.6em;\">\u00a0Mersin&#8217;in Erdemli il\u00e7esinde sebzeye alternatif olarak meyvecili\u011fe y\u00f6nelen k\u00f6yl\u00fcler, yeti\u015ftirdikleri turfanda bodur elma ile ihracat kap\u0131s\u0131n\u0131 aralad\u0131. Esenp\u0131nar Mahallesi&#8217;nde yeti\u015ftirilen turfanda elmalar i\u00e7 piyasan\u0131n yan\u0131 s\u0131ra Rusya, KKTC ve Arap \u00fclkelerine ihra\u00e7 ediliyor.\u00a0<\/span><\/p>\n<p>K\u00f6y iken belde olan B\u00fcy\u00fck\u015fehir Yasas\u0131yla mahalleye d\u00f6n\u00fc\u015fen Esenp\u0131nar&#8217;da turfanda elma yeti\u015ftirilen alan her ge\u00e7en g\u00fcn art\u0131yor. Elma k\u00f6yl\u00fcler i\u00e7in ge\u00e7im kayna\u011f\u0131 oluyor. Dal\u0131nda fiyat\u0131 2,5 lira ile 3 lira aras\u0131nda de\u011fi\u015fen turfanda elma k\u00f6yl\u00fclerin y\u00fcz\u00fcn\u00fc g\u00fcld\u00fcr\u00fcyor.\u00a0<br \/>\nEsenp\u0131nar&#8217;dan ald\u0131\u011f\u0131 elmalar\u0131 i\u00e7 ve d\u0131\u015f piyasaya pazarlayan t\u00fcccar Tuncer \u00d6zg\u00fcr, sebzeye alternatif olarak yeti\u015ftirilen elman\u0131n y\u00f6renin ekonomisine b\u00fcy\u00fck katk\u0131 sa\u011flad\u0131\u011f\u0131n\u0131, bug\u00fcn dal\u0131nda fiyat\u0131n 2.5 lira ile 3 lira, toptanc\u0131 halinde ise 4 lira ile 5 lira aral\u0131\u011f\u0131nda oldu\u011funu belirtti.\u00a0<\/p>\n<p>&#8220;Turfanda elmalar\u0131 ihra\u00e7 ediyoruz&#8221;\u00a0<br \/>\nTurfanda bodur elmalar\u0131n i\u00e7 piyasan\u0131n yan\u0131 s\u0131ra yurt d\u0131\u015f\u0131na da g\u00f6nderildi\u011fini ifade eden \u00d6zg\u00fcr, &#8220;Bu elmalar \u015fu an Kuzey K\u0131br\u0131s, Kuzey Irak, Suriye, Rusya ve di\u011fer Arap \u00fclkelerine gidiyor. Bu g\u00fcnlerde Irak&#8217;\u0131n kendi elmas\u0131 da \u00e7\u0131kt\u0131, al\u0131ma s\u0131n\u0131r koydu ama zaten yeterli gelmiyor. T\u00fcrkiye&#8217;deki gala cinsi dedi\u011fimiz yazl\u0131k elma, i\u00e7 talebe ancak yetiyor&#8221; dedi.\u00a0<\/p>\n<p>&#8220;Y\u00f6renin \u00f6zel konumu elmalar\u0131n kalitesini artt\u0131r\u0131yor&#8221;\u00a0<br \/>\nEsenp\u0131nar&#8217;\u0131n konumunun elmay\u0131 kaliteli ve albenili hale getirdi\u011fini dile getiren \u00d6zg\u00fcr, &#8220;Esenp\u0131nar&#8217;\u0131n rak\u0131m\u0131n\u0131n 800 olmas\u0131, birazda yerinin \u00e7ukur olmas\u0131, gece \u00e7i\u011f d\u00fc\u015fmesi, yeti\u015fen elmalara g\u00fczel bir renk kat\u0131yor. Elmalar ayr\u0131ca burada \u00e7okta erken \u00e7\u0131kar. T\u00fcrkiye&#8217;de en erken \u00e7\u0131kan elmalardan bir tanesidir. Esenp\u0131nar&#8217;\u0131n bu \u00f6zelli\u011fi vard\u0131r. \u00c7ift\u00e7ilerimizde bilin\u00e7lendi bu konuda. Yeni t\u00fcrlerde yeti\u015ftiriliyor, elmalar\u0131n rengi \u00e7ok g\u00fczel, kalitede y\u00fcksek&#8221; diye konu\u015ftu.\u00a0<\/p>\n<p>&#8220;Sebzeye g\u00f6re daha kazan\u00e7l\u0131&#8221;\u00a0<br \/>\n\u00dcreticilerden Aziz Demirta\u015f ise &#8220;Bodur elmam\u0131z\u0131n hasad\u0131, Temmuz ay\u0131n\u0131n ba\u015flar\u0131nda ba\u015fl\u0131yor. T\u00fcrkiye&#8217;de ilk turfanda olarak bizim burada \u00e7\u0131k\u0131yor. A\u011fustos&#8217;un sonuna kalm\u0131yor, bitiyor. \u0130nsanlar\u0131m\u0131z sebzeye g\u00f6re bundan g\u00fczel gelir elde ediyor. \u00dcr\u00fcn kalitemiz de hayli y\u00fcksek&#8221; dedi.\u00a0<br \/>\nElma tezgah\u0131nda \u00e7al\u0131\u015fan Fikriye Erdo\u011fan ise &#8220;Y\u00f6remizde g\u00fczel kaliteli elma yeti\u015ftiriyoruz. Yurt d\u0131\u015f\u0131na ve yurt i\u00e7ine satarak kazan\u00e7 sa\u011fl\u0131yoruz. Ayr\u0131ca \u00e7al\u0131\u015farak kendimize ekonomik gelir sa\u011fl\u0131yoruz&#8221; \u015feklinde konu\u015ftu.\u00a0<br \/>\nErdemli&#8217;de son y\u0131llarda elma \u00fcretimi yap\u0131lan alan h\u0131zla artt\u0131. \u0130l\u00e7ede 7 bin dekar alanda yakla\u015f\u0131k 55 bin ton elma \u00fcretimi ger\u00e7ekle\u015ftirildi. Esenp\u0131nar b\u00f6lgesinde ise turfanda bodur elma \u00fcretimi 10 bin tonu ge\u00e7ti.\u00a0<\/p>\n","protected":false},"excerpt":{"rendered":"<p>\u00dcretilen elma i\u00e7 piyasan\u0131n yan\u0131 s\u0131ra Rusya, KKTC ve Arap \u00fclkelerine ihra\u00e7 ediliyor \u00a0Mersin&#8217;in Erdemli il\u00e7esinde sebzeye alternatif olarak meyvecili\u011fe y\u00f6nelen k\u00f6yl\u00fcler, yeti\u015ftirdikleri turfanda bodur elma ile ihracat kap\u0131s\u0131n\u0131 aralad\u0131. &hellip; <a href=\"https:\/\/akdenizolaygazetesi.com\/?p=7917\" class=\"more-link\">Devam\u0131n\u0131 Oku&#8230;<\/a><\/p>\n","protected":false},"author":1,"featured_media":0,"comment_status":"open","ping_status":"open","sticky":false,"template":"","format":"standard","meta":[],"categories":[],"tags":[],"_links":{"self":[{"href":"https:\/\/akdenizolaygazetesi.com\/index.php?rest_route=\/wp\/v2\/posts\/7917"}],"collection":[{"href":"https:\/\/akdenizolaygazetesi.com\/index.php?rest_route=\/wp\/v2\/posts"}],"about":[{"href":"https:\/\/akdenizolaygazetesi.com\/index.php?rest_route=\/wp\/v2\/types\/post"}],"author":[{"embeddable":true,"href":"https:\/\/akdenizolaygazetesi.com\/index.php?rest_route=\/wp\/v2\/users\/1"}],"replies":[{"embeddable":true,"href":"https:\/\/akdenizolaygazetesi.com\/index.php?rest_route=%2Fwp%2Fv2%2Fcomments&post=7917"}],"version-history":[{"count":0,"href":"https:\/\/akdenizolaygazetesi.com\/index.php?rest_route=\/wp\/v2\/posts\/7917\/revisions"}],"wp:attachment":[{"href":"https:\/\/akdenizolaygazetesi.com\/index.php?rest_route=%2Fwp%2Fv2%2Fmedia&parent=7917"}],"wp:term":[{"taxonomy":"category","embeddable":true,"href":"https:\/\/akdenizolaygazetesi.com\/index.php?rest_route=%2Fwp%2Fv2%2Fcategories&post=7917"},{"taxonomy":"post_tag","embeddable":true,"href":"https:\/\/akdenizolaygazetesi.com\/index.php?rest_route=%2Fwp%2Fv2%2Ftags&post=7917"}],"curies":[{"name":"wp","href":"https:\/\/api.w.org\/{rel}","templated":true}]}}