{"id":7920,"date":"2020-11-04T18:28:22","date_gmt":"2020-11-04T15:28:22","guid":{"rendered":"http:\/\/mersinekonomipolitikagazetesi.com\/?p=7920"},"modified":"2020-11-04T18:28:22","modified_gmt":"2020-11-04T15:28:22","slug":"djital-liderler-mersinde-projesi-suruyor","status":"publish","type":"post","link":"https:\/\/akdenizolaygazetesi.com\/?p=7920","title":{"rendered":"Djital Liderler Mersin&#8217;de Projesi s\u00fcr\u00fcyor"},"content":{"rendered":"<p><span style=\"line-height: 1.6em;\">\u00a0Mersin B\u00fcy\u00fck\u015fehir Belediyesi Kariyer Merkezi taraf\u0131ndan pandemi s\u00fcrecinde hayata ge\u00e7irilen \u201cDijital Liderler Mersin\u2019de Projesi&#8217;nin A\u011fustos ay\u0131 konu\u011fu, i\u015f ve sosyal g\u00fcvenlik uzman\u0131 Serdar Aday oldu.\u00a0<\/span><\/p>\n<p>\u00c7evrimi\u00e7i olarak ger\u00e7ekle\u015ftirilen ve bir\u00e7ok \u00f6nemli ismi bir araya getiren projenin A\u011fustos ay\u0131 konu\u011fu, Serdar Aday oldu. Kariyer Merkezi\u2019nin kurdu\u011fu \u0130\u015fg\u00fcc\u00fc Piyasas\u0131 Koordinasyon Kurulu i\u015fbirli\u011fi ile yap\u0131lan proje kapsam\u0131nda i\u015f d\u00fcnyas\u0131ndan \u00f6nemli isimler bir araya geldi. \u00c7evrimi\u00e7i g\u00f6r\u00fc\u015fmede, \u00f6zellikle pandemi s\u00fcrecinin i\u015f ve sosyal g\u00fcvenlik alan\u0131na getirdi\u011fi geli\u015fmeler de\u011ferlendirildi. A\u00e7\u0131l\u0131\u015f konu\u015fmas\u0131n\u0131 yapan Mersin Serbest Muhasebeci Mali M\u00fc\u015favirler Odas\u0131 Ba\u015fkan\u0131 Ersin G\u00f6kg\u00fcn, Kariyer Merkezi\u2019nin \u00e7al\u0131\u015fmalar\u0131n\u0131 oda olarak yak\u0131ndan takip ettiklerini, merkezin Mersin i\u00e7in b\u00fcy\u00fck kazan\u00e7 oldu\u011funu s\u00f6yledi. \u0130\u015f ve sosyal g\u00fcvenlik alan\u0131nda yap\u0131lan \u00e7al\u0131\u015fmalar\u0131n \u00f6nlem niteli\u011finde oldu\u011funu, mevzuat\u0131n da yeni d\u00fcnya d\u00fczenine g\u00f6re evrilmesi gerekti\u011fini ifade eden G\u00f6kg\u00fcn, bu d\u00fczenin de\u011fi\u015fime a\u00e7\u0131kl\u0131k, teknoloji odakl\u0131l\u0131k, yetenek y\u00f6netimi, dan\u0131\u015fmanl\u0131k-\u00e7\u00f6z\u00fcm ortakl\u0131\u011f\u0131 gibi temeller \u00fczerine kurulaca\u011f\u0131n\u0131 kaydetti.\u00a0<br \/>\nPandemi s\u00fcrecinde yap\u0131lan yeni d\u00fczenlemelerden bahseden Serdar Aday ise k\u0131sa \u00e7al\u0131\u015fma \u00f6dene\u011finin hayata ge\u00e7irildi\u011fini s\u00f6yledi. Aday, \u201c1 Temmuz 2020 tarihinden \u00f6nce k\u0131sa \u00e7al\u0131\u015fma ba\u015fvurusunda bulunmu\u015f olan \u00f6zel sekt\u00f6r i\u015fyerlerinde k\u0131sa \u00e7al\u0131\u015fma \u00f6dene\u011finden yararlanan i\u015f\u00e7ilerle ilgili olarak i\u015fyerindeki k\u0131sa \u00e7al\u0131\u015fman\u0131n sona erdirilmesi ve ayn\u0131 i\u015fyerinde haftal\u0131k normal \u00e7al\u0131\u015fma s\u00fcrelerine d\u00f6n\u00fclmesi halinde, k\u0131sa \u00e7al\u0131\u015fman\u0131n sona erdi\u011fi tarihi takip eden aydan itibaren \u00fc\u00e7 ay s\u00fcreyle 31 Aral\u0131k 2020 tarihini ge\u00e7memek \u00fczere bu i\u015f\u00e7ilerin sigorta primine esas kazan\u00e7 alt s\u0131n\u0131r\u0131 \u00fczerinden hesaplanacak sigortal\u0131 ve i\u015fveren hisselerine ait sigorta primlerinin tamam\u0131 i\u015fsizlik sigortas\u0131 fonundan kar\u015f\u0131lanacak. Ayn\u0131 \u015fekilde \u00fccretsiz izne g\u00f6nderdi\u011fi veya k\u0131sa \u00e7al\u0131\u015fma \u00f6dene\u011finden yararlanamad\u0131\u011f\u0131 i\u00e7in, 1 Temmuz 2020 tarihinden \u00f6nce ba\u015fvuruda bulunarak nakdi \u00fccret deste\u011finden yararland\u0131rd\u0131\u011f\u0131 i\u015f\u00e7ilerini haftal\u0131k normal \u00e7al\u0131\u015fma s\u00fcresine d\u00f6nd\u00fcren i\u015fveren yine ayn\u0131 te\u015fvikten yararland\u0131r\u0131lacak&#8221; diye konu\u015ftu.\u00a0<br \/>\nKariyer Merkezi M\u00fcd\u00fcr\u00fc Serkan \u00d6zada da 5 ay s\u00fcrecek projenin kurumlar aras\u0131 i\u015fbirli\u011fine dayanan projelere g\u00fczel bir \u00f6rnek oldu\u011funu ifade ederek, \u201cMersin B\u00fcy\u00fck\u015fehir Belediye Ba\u015fkan\u0131 Vahap Se\u00e7er\u2019in Mersin\u2019e kazand\u0131rd\u0131\u011f\u0131 kariyer merkezi, i\u015f hayat\u0131n\u0131n b\u00fct\u00fcn taraflar\u0131na hizmet vermek i\u00e7in kurguland\u0131. Pandemi s\u00fcreci i\u015f d\u00fcnyas\u0131n\u0131 olumsuz bir \u015fekilde etkilese de kariyer merkezi olarak de\u011fi\u015fimin \u00f6nc\u00fcs\u00fc olmak istiyoruz ve ilimizde bulunan firmalar\u0131n da bu de\u011fi\u015fime ayak uydurmas\u0131 i\u00e7in \u00e7al\u0131\u015fmalar yap\u0131yoruz\u201d dedi.\u00a0<\/p>\n","protected":false},"excerpt":{"rendered":"<p>\u00a0Mersin B\u00fcy\u00fck\u015fehir Belediyesi Kariyer Merkezi taraf\u0131ndan pandemi s\u00fcrecinde hayata ge\u00e7irilen \u201cDijital Liderler Mersin\u2019de Projesi&#8217;nin A\u011fustos ay\u0131 konu\u011fu, i\u015f ve sosyal g\u00fcvenlik uzman\u0131 Serdar Aday oldu.\u00a0 \u00c7evrimi\u00e7i olarak ger\u00e7ekle\u015ftirilen ve bir\u00e7ok &hellip; <a href=\"https:\/\/akdenizolaygazetesi.com\/?p=7920\" class=\"more-link\">Devam\u0131n\u0131 Oku&#8230;<\/a><\/p>\n","protected":false},"author":1,"featured_media":0,"comment_status":"open","ping_status":"open","sticky":false,"template":"","format":"standard","meta":[],"categories":[],"tags":[],"_links":{"self":[{"href":"https:\/\/akdenizolaygazetesi.com\/index.php?rest_route=\/wp\/v2\/posts\/7920"}],"collection":[{"href":"https:\/\/akdenizolaygazetesi.com\/index.php?rest_route=\/wp\/v2\/posts"}],"about":[{"href":"https:\/\/akdenizolaygazetesi.com\/index.php?rest_route=\/wp\/v2\/types\/post"}],"author":[{"embeddable":true,"href":"https:\/\/akdenizolaygazetesi.com\/index.php?rest_route=\/wp\/v2\/users\/1"}],"replies":[{"embeddable":true,"href":"https:\/\/akdenizolaygazetesi.com\/index.php?rest_route=%2Fwp%2Fv2%2Fcomments&post=7920"}],"version-history":[{"count":0,"href":"https:\/\/akdenizolaygazetesi.com\/index.php?rest_route=\/wp\/v2\/posts\/7920\/revisions"}],"wp:attachment":[{"href":"https:\/\/akdenizolaygazetesi.com\/index.php?rest_route=%2Fwp%2Fv2%2Fmedia&parent=7920"}],"wp:term":[{"taxonomy":"category","embeddable":true,"href":"https:\/\/akdenizolaygazetesi.com\/index.php?rest_route=%2Fwp%2Fv2%2Fcategories&post=7920"},{"taxonomy":"post_tag","embeddable":true,"href":"https:\/\/akdenizolaygazetesi.com\/index.php?rest_route=%2Fwp%2Fv2%2Ftags&post=7920"}],"curies":[{"name":"wp","href":"https:\/\/api.w.org\/{rel}","templated":true}]}}