{"id":7921,"date":"2020-11-04T18:28:22","date_gmt":"2020-11-04T15:28:22","guid":{"rendered":"http:\/\/mersinekonomipolitikagazetesi.com\/?p=7921"},"modified":"2020-11-04T18:28:22","modified_gmt":"2020-11-04T15:28:22","slug":"yoruklerimiz-zor-sartlar-altinda-cok-guzel-seyler-basariyor","status":"publish","type":"post","link":"https:\/\/akdenizolaygazetesi.com\/?p=7921","title":{"rendered":"&#8220;Y\u00f6r\u00fcklerimiz, zor \u015fartlar alt\u0131nda \u00e7ok g\u00fczel \u015feyler ba\u015far\u0131yor\u201d"},"content":{"rendered":"<p><span style=\"line-height: 1.6em;\">Akdeniz Belediye Ba\u015fkan\u0131 Mustafa G\u00fcltak, k\u0131\u015f aylar\u0131nda Akdeniz\u2019in farkl\u0131 b\u00f6lgelerinde ya\u015fayan, yaz mevsiminde de hayvanlar\u0131yla birlikte Toroslar\u0131n yakla\u015f\u0131k 3 bin metrelik zirvesine g\u00f6\u00e7 edip burada konaklayan Y\u00f6r\u00fckleri ziyaret etti.\u00a0<\/span><\/p>\n<p>May\u0131s ay\u0131 i\u00e7inde Toroslar mevkine g\u00f6\u00e7 edip eyl\u00fcl ay\u0131 sonuna dek buralarda ya\u015fayan, Huzurkent, Burhan, Esenli, Civanyayla\u011f\u0131, Nacarl\u0131 ve \u00e7evre mahallelerden Y\u00f6r\u00fck vatanda\u015flarla obalar\u0131nda bir araya gelen G\u00fcltak&#8217;a, ba\u015fkan yard\u0131mc\u0131lar\u0131 da e\u015flik etti. Y\u00f6r\u00fck vatanda\u015flar\u0131n yo\u011fun ilgisi ve sevgi g\u00f6sterisi ile kar\u015f\u0131lanan G\u00fcltak, ziyaretinde kepenek giyip koyun a\u011f\u0131l\u0131na girdi, bir s\u00fcre e\u015fek s\u0131rt\u0131nda yolculuk yapt\u0131. Kuyudan su \u00e7eken, kuca\u011f\u0131na ald\u0131\u011f\u0131 bir o\u011fla\u011f\u0131 seven Ba\u015fkan G\u00fcltak, girdi\u011fi bir a\u011f\u0131lda, Y\u00f6r\u00fck bir anne ile birlikte ke\u00e7iden s\u00fct sa\u011farak bu i\u015fteki maharetini de g\u00f6sterdi.\u00a0<br \/>\nY\u00f6r\u00fck sofras\u0131na konuk olan ve etraf\u0131n\u0131 saran Y\u00f6r\u00fcklerle sohbet eden G\u00fcltak, i\u00e7me ve hayvansal sulama sorunu, liselerde okuyan \u00e7ocuklar\u0131n\u0131n ula\u015f\u0131m\u0131 ve yurt sorunu, cami olarak kulland\u0131klar\u0131 yap\u0131n\u0131n tadilat\u0131 ile cep telefonlar\u0131n\u0131n \u00e7ekmemesi gibi konularda Y\u00f6r\u00fcklerin anlatt\u0131\u011f\u0131 talepleri not ettirdi, sorunlar\u0131n h\u00fck\u00fcmet ve bakanl\u0131klar nezdinde \u00e7\u00f6z\u00fcm\u00fc i\u00e7in elinden geleni yapaca\u011f\u0131n\u0131 ifade etti.\u00a0<br \/>\n\u201cY\u00f6r\u00fcklerimiz, zor \u015fartlar alt\u0131nda \u00e7ok g\u00fczel \u015feyler ba\u015far\u0131yor\u201d\u00a0<br \/>\nS\u0131cak ve samimi kar\u015f\u0131lamalar\u0131 nedeniyle Y\u00f6r\u00fcklere te\u015fekk\u00fcr ederek, T\u00fcrkiye\u2019nin bir tar\u0131m ve hayvanc\u0131l\u0131k \u00fclkesi oldu\u011funun alt\u0131n\u0131 \u00e7izen G\u00fcltak, \u201cE\u011fer bizler tar\u0131m ve hayvanc\u0131l\u0131\u011fa \u00f6nem vermez isek s\u0131k\u0131nt\u0131lar ya\u015far\u0131z. O nedenle biz bug\u00fcn buraday\u0131z. Zor \u015fartlarda ger\u00e7ekten b\u00fcy\u00fck i\u015fler ba\u015far\u0131yorlar. \u00dcreticilerimizin her zaman yan\u0131nday\u0131z. Dile getirilen sorunlar i\u00e7in Toroslar Tar\u0131m \u0130l\u00e7e M\u00fcd\u00fcr\u00fcm\u00fczle g\u00f6r\u00fc\u015fece\u011fim\u201d dedi.\u00a0<br \/>\n\u201cY\u00f6r\u00fcklerimizin sorunlar\u0131n\u0131 bakan\u0131m\u0131za iletece\u011fim\u201d\u00a0<br \/>\nBa\u015fkan G\u00fcltak, Tar\u0131m ve Orman Bakanl\u0131\u011f\u0131\u2019n\u0131n da Y\u00f6r\u00fcklerle ilgili projeleri oldu\u011funu kaydederek, \u201c\u0130n\u015fallah bu projeleri sal\u0131 g\u00fcn\u00fc Tar\u0131m Bakan\u0131m\u0131z ile g\u00f6r\u00fc\u015fece\u011fim. Mersin\u2019in abisi L\u00fctfi Elvan Bakan\u0131m\u0131z ve Valimiz ile birlikte ikinci etap imar planlar\u0131n\u0131 da g\u00f6r\u00fc\u015fece\u011fiz Ankara\u2019da. Tabi oraya gitmi\u015fken, burada g\u00f6\u00e7 eden Y\u00f6r\u00fck vatanda\u015flar\u0131m\u0131z\u0131n sorunlar\u0131n\u0131 da bizzat Bakan\u0131m\u0131za iletece\u011fim ve ricac\u0131 olaca\u011f\u0131m. Bu ayr\u0131ca bizim bir k\u00fclt\u00fcr\u00fcm\u00fcz, bu k\u00fclt\u00fcr\u00fcm\u00fcz\u00fc ya\u015fatmam\u0131z ve gelece\u011fe ta\u015f\u0131mam\u0131z gerekiyor\u201d diye konu\u015ftu.\u00a0<br \/>\n\u201cBa\u015fkan\u0131m\u0131z\u0131 burada a\u011f\u0131rlamak bizleri mutlu etti\u201d\u00a0<br \/>\nArslank\u00f6y Mera Birli\u011fi Ba\u015fkan\u0131 Hasan Dudakl\u0131 da yapt\u0131\u011f\u0131 a\u00e7\u0131klamada, ziyareti nedeniyle Ba\u015fkan Mustafa G\u00fcltak\u2019a te\u015fekk\u00fcr etti. Dudakl\u0131, \u201cBa\u015fkan\u0131m\u0131z buralara kadar gelerek bizim misafirimiz oldu. Tabi bizim \u00e7\u00f6zebildi\u011fimiz sorunlar\u0131m\u0131z vard\u0131 ama \u00e7\u00f6zemedi\u011fimiz sorunlar\u0131m\u0131z\u0131 da Ba\u015fkan\u0131m\u0131za bizzat ilettik. Ba\u015fkan\u0131m\u0131z\u0131 burada a\u011f\u0131rlamak bizleri \u00e7ok mutlu etti. Y\u00f6r\u00fcklerimiz ad\u0131na, bizlere g\u00f6sterdi\u011fi duyarl\u0131l\u0131\u011f\u0131 i\u00e7in \u00e7ok te\u015fekk\u00fcr ediyorum\u201d ifadelerini kulland\u0131.\u00a0<br \/>\nToroslar\u0131n y\u00fcksek eteklerinde ger\u00e7ekle\u015fen bulu\u015fmada Y\u00f6r\u00fck vatanda\u015flara ayr\u0131ca, korona vir\u00fcs tedbirleri kapsam\u0131nda maske ve dezenfektan\u0131n yan\u0131 s\u0131ra, g\u00fcne\u015ften korunmalar\u0131 i\u00e7in de \u015fapkalar da\u011f\u0131t\u0131ld\u0131.\u00a0<\/p>\n","protected":false},"excerpt":{"rendered":"<p>Akdeniz Belediye Ba\u015fkan\u0131 Mustafa G\u00fcltak, k\u0131\u015f aylar\u0131nda Akdeniz\u2019in farkl\u0131 b\u00f6lgelerinde ya\u015fayan, yaz mevsiminde de hayvanlar\u0131yla birlikte Toroslar\u0131n yakla\u015f\u0131k 3 bin metrelik zirvesine g\u00f6\u00e7 edip burada konaklayan Y\u00f6r\u00fckleri ziyaret etti.\u00a0 May\u0131s &hellip; <a href=\"https:\/\/akdenizolaygazetesi.com\/?p=7921\" class=\"more-link\">Devam\u0131n\u0131 Oku&#8230;<\/a><\/p>\n","protected":false},"author":1,"featured_media":0,"comment_status":"open","ping_status":"open","sticky":false,"template":"","format":"standard","meta":[],"categories":[],"tags":[],"_links":{"self":[{"href":"https:\/\/akdenizolaygazetesi.com\/index.php?rest_route=\/wp\/v2\/posts\/7921"}],"collection":[{"href":"https:\/\/akdenizolaygazetesi.com\/index.php?rest_route=\/wp\/v2\/posts"}],"about":[{"href":"https:\/\/akdenizolaygazetesi.com\/index.php?rest_route=\/wp\/v2\/types\/post"}],"author":[{"embeddable":true,"href":"https:\/\/akdenizolaygazetesi.com\/index.php?rest_route=\/wp\/v2\/users\/1"}],"replies":[{"embeddable":true,"href":"https:\/\/akdenizolaygazetesi.com\/index.php?rest_route=%2Fwp%2Fv2%2Fcomments&post=7921"}],"version-history":[{"count":0,"href":"https:\/\/akdenizolaygazetesi.com\/index.php?rest_route=\/wp\/v2\/posts\/7921\/revisions"}],"wp:attachment":[{"href":"https:\/\/akdenizolaygazetesi.com\/index.php?rest_route=%2Fwp%2Fv2%2Fmedia&parent=7921"}],"wp:term":[{"taxonomy":"category","embeddable":true,"href":"https:\/\/akdenizolaygazetesi.com\/index.php?rest_route=%2Fwp%2Fv2%2Fcategories&post=7921"},{"taxonomy":"post_tag","embeddable":true,"href":"https:\/\/akdenizolaygazetesi.com\/index.php?rest_route=%2Fwp%2Fv2%2Ftags&post=7921"}],"curies":[{"name":"wp","href":"https:\/\/api.w.org\/{rel}","templated":true}]}}