{"id":7927,"date":"2020-11-04T18:28:23","date_gmt":"2020-11-04T15:28:23","guid":{"rendered":"http:\/\/mersinekonomipolitikagazetesi.com\/?p=7927"},"modified":"2020-11-04T18:28:23","modified_gmt":"2020-11-04T15:28:23","slug":"curuk-binalar-yikilsin-digerleri-guclendirilsin","status":"publish","type":"post","link":"https:\/\/akdenizolaygazetesi.com\/?p=7927","title":{"rendered":"\u00c7\u00dcR\u00dcK B\u0130NALAR YIKILSIN D\u0130\u011eERLER\u0130 G\u00dc\u00c7LEND\u0130R\u0130LS\u0130N"},"content":{"rendered":"<p>Mersin\u2019in deprem ku\u015fa\u011f\u0131nda yer ald\u0131\u011f\u0131 ger\u00e7e\u011fi g\u00f6z ard\u0131 edilmesin<\/p>\n<p>MES\u0130AD Y\u00f6netim Kurulu Ba\u015fkan\u0131 Hasan Engin 17 A\u011fustos 1999 tarihinde meydana gelen ve 17 bin insan\u0131n ya\u015fam\u0131n\u0131 yitirdi\u011fi Marmara depremini and\u0131. Engin, \u2018\u2019Mersin gen\u00e7 bir kent olmas\u0131na ra\u011fmen yap\u0131la\u015fma kalitesinin d\u00fc\u015f\u00fckl\u00fc\u011f\u00fc ve \u00e7arp\u0131k kentle\u015fme nedeniyle risk bar\u0131nd\u0131r\u0131yor. Mersin\u2019in deprem ku\u015fa\u011f\u0131nda yer ald\u0131\u011f\u0131 ger\u00e7e\u011fi g\u00f6z ard\u0131 edilmemelidir. Yap\u0131la\u015fmaya uygun olmayan zemin ve mevcut riskli yap\u0131lar, yap\u0131 denetimleri ile belirlenmeli, analizler ile kullan\u0131ma uygun olmayan \u00e7\u00fcr\u00fck binalar y\u0131k\u0131lmal\u0131, kullan\u0131labilir d\u00fczeyde olan binalarda da g\u00fc\u00e7lendirme yap\u0131lmal\u0131d\u0131r.\u2019\u2019 dedi.<\/p>\n<p>Marmara depreminin y\u0131l d\u00f6n\u00fcm\u00fcnde a\u00e7\u0131klamalarda bulunan Mersin Sanayicileri ve \u0130\u015f \u0130nsanlar\u0131 Derne\u011fi Y\u00f6netim Kurulu Ba\u015fkan\u0131 Hasan Engin, \u2018\u201917 A\u011fustos 1999 tarihinde meydana gelen ve 17 bin insan\u0131n ya\u015fam\u0131n\u0131 yitirdi\u011fi Marmara depreminin \u00fczerinden 21 y\u0131l ge\u00e7ti.T\u00fcrkiye tarihinin en b\u00fcy\u00fck ikinci depremi olarak tarihe ge\u00e7en depremde 364 binin \u00fczerinde konut ve i\u015f yeri y\u0131k\u0131ld\u0131 ya da \u00e7e\u015fitli d\u00fczeylerde hasar g\u00f6rd\u00fc. Can kayb\u0131yla beraber ekonomi \u00fczerinde de \u00e7ok ciddi olumsuz etkiler yaratan bu olay yeniden yap\u0131lanma \u00e7al\u0131\u015fmalar\u0131yla beraber sanayi b\u00f6lgesinde de bir s\u00fcre \u00fcretim faaliyetlerinin aksamas\u0131na neden oldu. 2001 ekonomik krizinin \u00e7\u0131kmas\u0131nda etkili olan nedenler aras\u0131nda da yerini ald\u0131\u2019\u2019 diye konu\u015ftu.<\/p>\n<p>\u2018\u2019T\u00fcm yasal d\u00fczenlemeler yap\u0131lmal\u0131d\u0131r\u2019\u2019<\/p>\n<p>D\u00fcnyan\u0131n aktif deprem ku\u015faklar\u0131ndan biri \u00fczerinde yer alan T\u00fcrkiye\u2019nin \u00a0y\u00fcz\u00f6l\u00e7\u00fcm\u00fcn\u00fcn y\u00fczde 42\u2019sinin \u00a0birinci derece deprem ku\u015fa\u011f\u0131 \u00fczerinde yer ald\u0131\u011f\u0131n\u0131n alt\u0131n\u0131 \u00e7izen Engin, \u2018\u2019\u0130statistiki \u00e7al\u0131\u015fmalar T\u00fcrkiye\u2019de yakla\u015f\u0131k olarak her iki y\u0131lda bir y\u0131k\u0131c\u0131 deprem, her \u00fc\u00e7 y\u0131lda bir de pek \u00e7ok y\u0131k\u0131c\u0131 deprem oldu\u011funu g\u00f6steriyor. Bu T\u00fcrkiye\u2019de ka\u00e7\u0131n\u0131lmaz bir do\u011fal afet oldu\u011funu ortaya koyuyor. T\u00fcrkiye\u2019nin en \u00f6nemli g\u00fcndem maddeleri aras\u0131nda yer almas\u0131 gereken depremler i\u00e7in gerekli tedbirler al\u0131nmal\u0131, d\u00fczenlemeler yap\u0131lmal\u0131d\u0131r. 1999 y\u0131l\u0131nda ya\u015fanan deprem sonras\u0131 yap\u0131lar\u0131n iyile\u015ftirilmesi konusunda b\u00fcy\u00fck bir geli\u015fme ya\u015fansa da bu yeterli de\u011fildir.<br \/>\nDepremin yarataca\u011f\u0131 hasar\u0131 en aza indirmek ve ekonomik zarar\u0131n etkilerini gidermek i\u00e7in gerekli t\u00fcm yasal d\u00fczenlemeler yap\u0131lmal\u0131, daha \u00f6nce yap\u0131lan d\u00fczenlemeler esnetilmeden hayata ge\u00e7irilmelidir.\u2019\u2019 dedi.\u00a0<\/p>\n<p>\u2018\u2019\u00c7\u00fcr\u00fck binalar y\u0131k\u0131lmal\u0131, kullan\u0131labilir binalarda da g\u00fc\u00e7lendirme yap\u0131lmal\u0131\u201d<\/p>\n<p>Mersin gen\u00e7 bir kent olmas\u0131na ra\u011fmen yap\u0131la\u015fma kalitesinin d\u00fc\u015f\u00fckl\u00fc\u011f\u00fcnden ve \u00e7arp\u0131k kentle\u015fme nedeniyle risk bar\u0131nd\u0131rd\u0131\u011f\u0131ndan bahseden Engin, \u2018\u2019Mersin\u2019in deprem ku\u015fa\u011f\u0131nda yer ald\u0131\u011f\u0131 ger\u00e7e\u011fi g\u00f6z ard\u0131 edilmemelidir. Yap\u0131la\u015fmaya uygun olmayan zemin ve mevcut riskli yap\u0131lar, yap\u0131 denetimleri ile belirlenmeli, analizler ile kullan\u0131ma uygun olmayan \u00e7\u00fcr\u00fck binalar y\u0131k\u0131lmal\u0131, kullan\u0131labilir d\u00fczeyde olan binalarda da g\u00fc\u00e7lendirme yap\u0131lmal\u0131d\u0131r.\u2019\u2019 ifadelerini kulland\u0131.\u00a0<\/p>\n<p>\u2018\u2019Mersin d\u00fczensiz g\u00f6r\u00fcnt\u00fcden kurtar\u0131lmal\u0131d\u0131r\u2019\u2019<\/p>\n<p>Mersin\u2019de Akdeniz\u2019e d\u00f6k\u00fclen onlarca dere bundurdu\u011funu s\u00f6yleyen Engin, \u2018\u2019Toroslardan gelen suyu denize ula\u015ft\u0131ran derelerin yataklar\u0131 zamanla yap\u0131la\u015fma nedeniyle kent merkezinde kapat\u0131lm\u0131\u015ft\u0131r. Kapanan yataklar sebebi ile da\u011flardan gelen sel ve ta\u015fk\u0131n sular\u0131 2001 ve 2016 y\u0131llar\u0131nda ya\u015fad\u0131\u011f\u0131m\u0131z sel felaketlerinde oldu\u011fu gibi can kayb\u0131 ve maddi hasara neden olmaktad\u0131r. Ayr\u0131ca dolgu sistemi ile dere yata\u011f\u0131 \u00fczerinde olu\u015fturulan arsalardaki yap\u0131lar deprem riski bulunan kentimizde can g\u00fcvenli\u011fini tehdit etmektedir. \u00d6zellikle belde belediyeleri zaman\u0131nda bina alanlar\u0131n\u0131 yeterince incelemeden ve zemin et\u00fctleri yap\u0131lmadan kent esteti\u011fine uygun olmayan yap\u0131lara izin verilmi\u015ftir. Metruk durumda olan binalar y\u0131k\u0131larak yerine yenileri yap\u0131lmal\u0131 ya da at\u0131l durumdan kurtar\u0131lmal\u0131d\u0131r. Ruhsat problemi nedeniyle at\u0131l durumda bekleyen yar\u0131m in\u015faatlar y\u0131k\u0131lmal\u0131 ya da tamamlanarak Mersin d\u00fczensiz g\u00f6r\u00fcnt\u00fcden kurtar\u0131lmal\u0131d\u0131r.\u2019\u2019 diye konu\u015ftu.\u00a0<br \/>\n\u00a0<\/p>\n","protected":false},"excerpt":{"rendered":"<p>Mersin\u2019in deprem ku\u015fa\u011f\u0131nda yer ald\u0131\u011f\u0131 ger\u00e7e\u011fi g\u00f6z ard\u0131 edilmesin MES\u0130AD Y\u00f6netim Kurulu Ba\u015fkan\u0131 Hasan Engin 17 A\u011fustos 1999 tarihinde meydana gelen ve 17 bin insan\u0131n ya\u015fam\u0131n\u0131 yitirdi\u011fi Marmara depremini and\u0131. &hellip; <a href=\"https:\/\/akdenizolaygazetesi.com\/?p=7927\" class=\"more-link\">Devam\u0131n\u0131 Oku&#8230;<\/a><\/p>\n","protected":false},"author":1,"featured_media":0,"comment_status":"open","ping_status":"open","sticky":false,"template":"","format":"standard","meta":[],"categories":[],"tags":[],"_links":{"self":[{"href":"https:\/\/akdenizolaygazetesi.com\/index.php?rest_route=\/wp\/v2\/posts\/7927"}],"collection":[{"href":"https:\/\/akdenizolaygazetesi.com\/index.php?rest_route=\/wp\/v2\/posts"}],"about":[{"href":"https:\/\/akdenizolaygazetesi.com\/index.php?rest_route=\/wp\/v2\/types\/post"}],"author":[{"embeddable":true,"href":"https:\/\/akdenizolaygazetesi.com\/index.php?rest_route=\/wp\/v2\/users\/1"}],"replies":[{"embeddable":true,"href":"https:\/\/akdenizolaygazetesi.com\/index.php?rest_route=%2Fwp%2Fv2%2Fcomments&post=7927"}],"version-history":[{"count":0,"href":"https:\/\/akdenizolaygazetesi.com\/index.php?rest_route=\/wp\/v2\/posts\/7927\/revisions"}],"wp:attachment":[{"href":"https:\/\/akdenizolaygazetesi.com\/index.php?rest_route=%2Fwp%2Fv2%2Fmedia&parent=7927"}],"wp:term":[{"taxonomy":"category","embeddable":true,"href":"https:\/\/akdenizolaygazetesi.com\/index.php?rest_route=%2Fwp%2Fv2%2Fcategories&post=7927"},{"taxonomy":"post_tag","embeddable":true,"href":"https:\/\/akdenizolaygazetesi.com\/index.php?rest_route=%2Fwp%2Fv2%2Ftags&post=7927"}],"curies":[{"name":"wp","href":"https:\/\/api.w.org\/{rel}","templated":true}]}}