{"id":7929,"date":"2020-11-04T18:28:23","date_gmt":"2020-11-04T15:28:23","guid":{"rendered":"http:\/\/mersinekonomipolitikagazetesi.com\/?p=7929"},"modified":"2020-11-04T18:28:23","modified_gmt":"2020-11-04T15:28:23","slug":"kucuk-dusunen-insanlar-oy-vermisti","status":"publish","type":"post","link":"https:\/\/akdenizolaygazetesi.com\/?p=7929","title":{"rendered":"K\u00dc\u00c7\u00dcK D\u00dc\u015e\u00dcNEN \u0130NSANLAR OY VERM\u0130\u015eT\u0130..!"},"content":{"rendered":"<p>Mersinli Mimar Abdullah Y\u0131lmaz, \u201c1\/5000\u2019lik revizyon ve ilave naz\u0131m imar plan\u0131 i\u00e7in \u2018Marina yap\u0131la\u015fmas\u0131 yasa ve y\u00f6netmeliklere uygundur\u2019 diyecek kadar bilin\u00e7siz, k\u00fc\u00e7\u00fck hesaplar pe\u015finde ko\u015fan, k\u00fc\u00e7\u00fck d\u00fc\u015f\u00fcnen insanlar\u0131n oylar\u0131 ile kabul g\u00f6rm\u00fc\u015f bir pland\u0131r.\u2019\u2019 diyerek ele\u015ftirdi.<\/p>\n<p>1\/5000\u2019lik revizyon ve ilave naz\u0131m imar plan\u0131na y\u00f6nelik de ele\u015ftirilerini dile getiren Y\u0131lmaz, \u201c1\/5000 \u00f6l\u00e7ekli revizyon ve ilave naz\u0131m imar plan\u0131 s\u00fcrd\u00fcr\u00fclebilirlik kavram\u0131 ta\u015f\u0131mayan, \u00f6l\u00fc do\u011fmu\u015f bir pland\u0131r. Mersinlileri aptal yerine koyan meclisin eseridir.\u201d dedi.<br \/>\n\u00a0<br \/>\n\u201c\u00d6l\u00fc do\u011fmu\u015f bir pland\u0131r\u2019\u2019<br \/>\n\u00a0<br \/>\nMimar Abdullah Y\u0131lmaz Mersin i\u00e7in s\u00fcrd\u00fcr\u00fclebilirlik kavram\u0131ndan uzak oldu\u011funu belirtti\u011fi 1\/5000\u2019lik revizyon ve ilave naz\u0131m imar plan\u0131na y\u00f6nelik a\u00e7\u0131klama ger\u00e7ekle\u015ftirdi. Y\u0131lmaz, \u201c2035 y\u0131l\u0131na g\u00f6re haz\u0131rlanan bilin\u00e7sizce, halk\u0131n kat\u0131l\u0131mc\u0131l\u0131\u011f\u0131 olmadan, ki\u015fisel rant temal\u0131, insan odakl\u0131 olmayan 1\/5000 \u00f6l\u00e7ekli revizyon ve ilave naz\u0131m imar plan\u0131 s\u00fcrd\u00fcr\u00fclebilirlik kavram\u0131 ta\u015f\u0131mayan, \u00f6l\u00fc do\u011fmu\u015f bir pland\u0131r.\u2019\u2019 diyerek ele\u015ftirdi.<\/p>\n<p>\u201cBu plan Mersin halk\u0131n\u0131 aptal yerine koyduklar\u0131 meclisin eseridir\u2019\u2019<br \/>\n\u00a0<br \/>\nNaz\u0131m imar plan\u0131na itirazlar\u0131n oldu\u011funu ve a\u00e7\u0131lan davalar\u0131n kazan\u0131larak plan\u0131n yine halla\u00e7 pamu\u011funa d\u00f6nd\u00fc\u011f\u00fcn\u00fc belirten Y\u0131lmaz, \u201cBu naz\u0131m imar plan\u0131 y\u00fcr\u00fcrl\u00fckte oldu\u011fu s\u00fcrece s\u00fcrd\u00fcr\u00fclebilirlikten, s\u00fcrd\u00fcr\u00fclebilir kentten s\u00f6z edilemez. Ge\u00e7en d\u00f6nemin meclis \u00fcyelerinin \u00e7o\u011funun kameralar kar\u015f\u0131s\u0131nda, 1\/5000 \u00f6l\u00e7ekli naz\u0131m imar planlar\u0131na \u2018g\u00f6rmeden evet diyorum\u2019 diyerek daha \u00f6nce masa ba\u015f\u0131nda halledip, ald\u0131\u011f\u0131 ki\u015fisel ranta kar\u015f\u0131 g\u00f6rmeden \u2018evet\u2019 deyip onaylad\u0131klar\u0131 bu plan Mersin halk\u0131n\u0131 aptal yerine koyduklar\u0131 meclisin eseridir. Ge\u00e7ti\u011fimiz d\u00f6nem meclis \u00fcyesi olup, bug\u00fcn de rant i\u00e7in k\u00f6r oldu\u011funu ispatlarcas\u0131na, ka\u00e7ak Marina yap\u0131la\u015fmas\u0131na sahip \u00e7\u0131k\u0131p, yine Mersin halk\u0131n\u0131 aptal yerine koyup, \u2018Marina yap\u0131la\u015fmas\u0131 yasa ve y\u00f6netmeliklere uygundur\u2019 diyecek kadar bilin\u00e7siz, k\u00fc\u00e7\u00fck hesaplar pe\u015finde ko\u015fan, k\u00fc\u00e7\u00fck d\u00fc\u015f\u00fcnen insanlar\u0131n oylar\u0131 ile kabul g\u00f6rm\u00fc\u015f bir pland\u0131r.\u2019\u2019 dedi<br \/>\n\u00a0<br \/>\n\u201cMersin kentinin soyk\u0131r\u0131m plan\u0131d\u0131r\u2019\u2019<\/p>\n<p>Naz\u0131m imar plan\u0131n\u0131n ayr\u0131ca ki\u015fiye \u00f6zg\u00fc plan notu dahi i\u00e7erdi\u011fini belirten Y\u0131lmaz, \u201c1\/5000 \u00f6l\u00e7ekli revizyon ve ilave naz\u0131m imar plan\u0131 Mersin&#8217;in gelece\u011fine, do\u011fal ya\u015fam alanlar\u0131na, tabiat varl\u0131klar\u0131na, do\u011faya, Mersin kamuoyunun cebindeki paraya bile, ki\u015fisel rant i\u00e7in ipotek koyan, d\u00fcnya kentlerinin kent planlar\u0131nda \u00e7\u00f6z\u00fcm aranmas\u0131 \u00f6n \u015fart\u0131 k\u00fcresel iklim de\u011fi\u015fikli\u011finin hi\u00e7 bir dikkate al\u0131nmad\u0131\u011f\u0131, s\u00fcrd\u00fcr\u00fclebilirlik katsay\u0131s\u0131n\u0131n negatiflerde oldu\u011fu bir pland\u0131r Mersin kentinin soyk\u0131r\u0131m plan\u0131d\u0131r.\u2019\u2019 diye konu\u015ftu.<br \/>\n\u00a0<br \/>\n\u201cSiyasi showmenler gibi davranmay\u0131n\u2019\u2019<\/p>\n<p>T\u00fcm Sivil Toplum Kurulu\u015flar\u0131n\u0131, TMMOB\u2019ye ba\u011fl\u0131 meslek odalar\u0131 ba\u015fkanlar\u0131n\u0131n da konu \u00fczerinde durmas\u0131 gerekti\u011fini belirten Y\u0131lmaz, \u201cSiyasi showmenler gibi davranmay\u0131n. Mesle\u011finize, meslek politikalar\u0131n\u0131za, meslek etti\u011finize uygun davran\u0131n. S\u00fcrd\u00fcr\u00fclebilirlik kavram\u0131n\u0131 i\u00e7eri\u011fini bildi\u011finize emin olduktan sonra kullan\u0131n. Mersin\u2019de liyakat sahibi yerel y\u00f6neticiler, i\u015fin uzman\u0131 b\u00fcrokratlar g\u00f6reve gelmedik\u00e7e Atat\u00fcrk\u2019\u00fcn Mersin\u2019de kald\u0131\u011f\u0131, Kuvay\u0131 M\u00fccadele\u2019nin temellerinin at\u0131ld\u0131\u011f\u0131 Karamanc\u0131lar Kona\u011f\u0131 birilerine pe\u015fke\u015f \u00e7ekilir, gastronomi m\u00fczesi kamuflaj\u0131nda lokanta olur, kasaplar \u00e7ar\u015f\u0131s\u0131 da Kuvay\u0131 M\u00fccadele M\u00fczesi olur. Sahibine daha da yaranmak isteyenlere alk\u0131\u015flar\u2019\u2019 dedi.<\/p>\n","protected":false},"excerpt":{"rendered":"<p>Mersinli Mimar Abdullah Y\u0131lmaz, \u201c1\/5000\u2019lik revizyon ve ilave naz\u0131m imar plan\u0131 i\u00e7in \u2018Marina yap\u0131la\u015fmas\u0131 yasa ve y\u00f6netmeliklere uygundur\u2019 diyecek kadar bilin\u00e7siz, k\u00fc\u00e7\u00fck hesaplar pe\u015finde ko\u015fan, k\u00fc\u00e7\u00fck d\u00fc\u015f\u00fcnen insanlar\u0131n oylar\u0131 ile &hellip; <a href=\"https:\/\/akdenizolaygazetesi.com\/?p=7929\" class=\"more-link\">Devam\u0131n\u0131 Oku&#8230;<\/a><\/p>\n","protected":false},"author":1,"featured_media":0,"comment_status":"open","ping_status":"open","sticky":false,"template":"","format":"standard","meta":[],"categories":[],"tags":[],"_links":{"self":[{"href":"https:\/\/akdenizolaygazetesi.com\/index.php?rest_route=\/wp\/v2\/posts\/7929"}],"collection":[{"href":"https:\/\/akdenizolaygazetesi.com\/index.php?rest_route=\/wp\/v2\/posts"}],"about":[{"href":"https:\/\/akdenizolaygazetesi.com\/index.php?rest_route=\/wp\/v2\/types\/post"}],"author":[{"embeddable":true,"href":"https:\/\/akdenizolaygazetesi.com\/index.php?rest_route=\/wp\/v2\/users\/1"}],"replies":[{"embeddable":true,"href":"https:\/\/akdenizolaygazetesi.com\/index.php?rest_route=%2Fwp%2Fv2%2Fcomments&post=7929"}],"version-history":[{"count":0,"href":"https:\/\/akdenizolaygazetesi.com\/index.php?rest_route=\/wp\/v2\/posts\/7929\/revisions"}],"wp:attachment":[{"href":"https:\/\/akdenizolaygazetesi.com\/index.php?rest_route=%2Fwp%2Fv2%2Fmedia&parent=7929"}],"wp:term":[{"taxonomy":"category","embeddable":true,"href":"https:\/\/akdenizolaygazetesi.com\/index.php?rest_route=%2Fwp%2Fv2%2Fcategories&post=7929"},{"taxonomy":"post_tag","embeddable":true,"href":"https:\/\/akdenizolaygazetesi.com\/index.php?rest_route=%2Fwp%2Fv2%2Ftags&post=7929"}],"curies":[{"name":"wp","href":"https:\/\/api.w.org\/{rel}","templated":true}]}}