{"id":7931,"date":"2020-11-04T18:28:23","date_gmt":"2020-11-04T15:28:23","guid":{"rendered":"http:\/\/mersinekonomipolitikagazetesi.com\/?p=7931"},"modified":"2020-11-04T18:28:23","modified_gmt":"2020-11-04T15:28:23","slug":"soz-konusu-alanda-hicbir-faaliyetimiz-yok-o-bolge-yenisehir-sinirlari-icerisinde","status":"publish","type":"post","link":"https:\/\/akdenizolaygazetesi.com\/?p=7931","title":{"rendered":"&#8220;S\u00f6z konusu alanda hi\u00e7bir faaliyetimiz yok, o b\u00f6lge Yeni\u015fehir s\u0131n\u0131rlar\u0131 i\u00e7erisinde"},"content":{"rendered":"<p><span style=\"line-height: 1.6em;\">Akdeniz Belediye Ba\u015fkan\u0131 Mustafa G\u00fcltak, a\u011fa\u00e7 kesiminin ya\u015fand\u0131\u011f\u0131 M\u00fcft\u00fc Deresi kenar\u0131nda hi\u00e7bir faaliyetlerinin olmad\u0131\u011f\u0131n\u0131 belirterek, s\u00f6z konusu alan\u0131n Akdeniz Belediyesi s\u0131n\u0131rlar\u0131 i\u00e7in de\u011fil, Yeni\u015fehir il\u00e7esi s\u0131n\u0131rlar\u0131 i\u00e7erisinde oldu\u011fu s\u00f6yledi.\u00a0<\/span><\/p>\n<p>Millet Bah\u00e7esi yap\u0131m \u00e7al\u0131\u015fmalar\u0131 esnas\u0131nda M\u00fcft\u00fc Deresi ve \u00e7evresinde kesilen a\u011fa\u00e7lara y\u00f6nelik \u00f6zellikle sosyal medyada ve baz\u0131 yay\u0131n organlar\u0131nda kendilerine y\u00f6nelik yap\u0131lan ele\u015ftirilere yan\u0131t veren G\u00fcltak, s\u00f6z konusu alan\u0131n Yeni\u015fehir Belediyesi s\u0131n\u0131rlar\u0131 i\u00e7erisinde yer ald\u0131\u011f\u0131na dikkat \u00e7ekti.\u00a0<br \/>\n&#8220;Ad\u0131m\u0131 kar\u0131\u015ft\u0131r\u0131yorlar&#8221;\u00a0<br \/>\nKat\u0131ld\u0131\u011f\u0131 bir televizyon program\u0131nda, kendisiyle ilgili yap\u0131lan karalama kampanyas\u0131na anlam veremedi\u011fini ifade eden G\u00fcltak, \u201cAd\u0131m\u0131 kar\u0131\u015ft\u0131r\u0131yorlar. Akdeniz Belediyesi\u2019nin s\u00f6z konusu alanda hi\u00e7bir faaliyeti yok. Bilgi kirlili\u011fi olu\u015fturan ve alg\u0131 operasyonu yapmak isteyenler, \u00f6ncelikle Akdeniz Belediyesi&#8217;nin s\u0131n\u0131rlar\u0131n\u0131 bir iyi \u00f6\u011frensinler. Mersin\u2019de ya\u015famalar\u0131na ra\u011fmen, Akdeniz Belediyesi&#8217;nin s\u0131n\u0131rlar\u0131n\u0131 bilmiyorlar. Tamamen kesilen a\u011fa\u00e7lar Yeni\u015fehir s\u0131n\u0131rlar\u0131 i\u00e7erisinde. Peki ben Akdeniz Belediyesi olarak nas\u0131l Yeni\u015fehir Belediyesi s\u0131n\u0131rlar\u0131 i\u00e7erisinde bir i\u015f yap\u0131yorum. Bu mant\u0131kl\u0131 m\u0131 sizce?\u201d dedi.\u00a0<br \/>\n&#8220;50 metre \u00f6tede binlerce a\u011fa\u00e7 dikildi&#8221;\u00a0<br \/>\nAkdeniz Belediyesi olarak Mersin\u2019e Millet Bah\u00e7esini kazand\u0131rd\u0131klar\u0131n\u0131 s\u00f6yleyen Ba\u015fkan G\u00fcltak, \u201cBu ki\u015filerden ricam, kesilen a\u011fa\u00e7lardan 50 metre \u00f6teye giderlerse binlerce a\u011fac\u0131n dikildi\u011fini g\u00f6zleri ile g\u00f6recekler. Yani orada belki zorluklardan ve s\u0131k\u0131nt\u0131dan dolay\u0131 6 a\u011fa\u00e7 kesilmi\u015f olabilir ama bununla ilgili karalama propagandas\u0131 yapan ki\u015filer, 50 metre \u00f6tede binlerce a\u011fa\u00e7 ve 140 d\u00f6n\u00fcm a\u00e7\u0131k alan, milli park gibi bir alan kazand\u0131rd\u0131\u011f\u0131m\u0131z\u0131 ve \u00e7ok \u00f6nemli bir ye\u015fil yap\u0131y\u0131 Mersinlilere arma\u011fan etti\u011fimizi g\u00f6receklerdir\u201d diye konu\u015ftu.\u00a0<br \/>\n&#8220;Orada \u0131slah \u00e7al\u0131\u015fmas\u0131 yap\u0131l\u0131yor&#8221;\u00a0<br \/>\nA\u011fa\u00e7 kesiminin yap\u0131ld\u0131\u011f\u0131 alanda Devlet Su \u0130\u015fleri\u2019nin Efrenk ve M\u00fcft\u00fc Deresi ile ilgili bir \u00e7al\u0131\u015fma yapt\u0131\u011f\u0131na da dikkat \u00e7eken G\u00fcltak, \u201c\u015euan orada bir \u00e7al\u0131\u015fma yap\u0131l\u0131yor. Bu \u00e7al\u0131\u015fma ise sahilden M\u00fcft\u00fc Camiine kadar y\u00fcr\u00fcyecek bir \u00e7al\u0131\u015fma. Buras\u0131 Efrenk Deresi. Devlet Su \u0130\u015fleri buray\u0131 \u0131slah edecek. Derenin bulundu\u011fu alanda sa\u011fl\u0131 sollu b\u00fcy\u00fck kayalardan ve i\u00e7lerinin betonland\u0131\u011f\u0131 bir \u0131slah \u00e7al\u0131\u015fmas\u0131ndan s\u00f6z ediyoruz. Burada zaman zaman \u00e7ok b\u00fcy\u00fck bir sel ta\u015fk\u0131nl\u0131klar\u0131 oluyor. 1968 y\u0131l\u0131n\u0131 hat\u0131rlayanlar bilir, M\u00fcft\u00fc Deresinde \u00e7ok b\u00fcy\u00fck bir sel ma\u011fduriyeti ya\u015fanm\u0131\u015ft\u0131. O g\u00fcnden bu yana Efrenk Deresi ve M\u00fcft\u00fc Deresi ya\u015fanan sellerden dolay\u0131 ta\u015far. Dolay\u0131s\u0131yla \u015fuan burada yap\u0131lan \u00e7al\u0131\u015fmalar\u0131n bo\u015fa gitmemesi i\u00e7in b\u00fcy\u00fck kayalardan olu\u015fan ve i\u00e7inde beton ve di\u011fer malzemelerden olu\u015fan g\u00fczel bir s\u00fcliet olu\u015fturulacak\u201d ifadelerini kulland\u0131.\u00a0<br \/>\n&#8220;Kesilen a\u011fa\u00e7lar \u00e7al\u0131\u015fman\u0131n i\u00e7inde yer al\u0131yor&#8221;\u00a0<br \/>\nKesilen a\u011fa\u00e7lar\u0131n yap\u0131lan \u0131slah \u00e7al\u0131\u015fmas\u0131n\u0131n tam i\u00e7inde yer ald\u0131\u011f\u0131n\u0131 da s\u00f6yleyen Ba\u015fkan G\u00fcltak, \u201c\u015eimdi burada ya\u015fanan a\u011fa\u00e7 kesimi ile ilgili benim ald\u0131\u011f\u0131m bilgiye g\u00f6re, bu b\u00f6lgedeki kesilen okalipt\u00fcs a\u011fa\u00e7lar\u0131 \u0131slah \u00e7al\u0131\u015fmalar\u0131n\u0131n s\u0131n\u0131r\u0131nda de\u011fil, \u00e7al\u0131\u015fman\u0131n yap\u0131ld\u0131\u011f\u0131 alanda yer al\u0131yor. Yapaca\u011f\u0131n\u0131z o kayal\u0131k ve betonarme \u00e7al\u0131\u015fmalar\u0131n\u0131n i\u00e7inde kal\u0131yor. Okalipt\u00fcs a\u011fa\u00e7lar\u0131 da \u00e7ok b\u00fcy\u00fck ve geni\u015f bir alana yay\u0131lan k\u00f6klere sahip. Bu k\u00f6kler b\u00fcy\u00fcme esnas\u0131nda orada yap\u0131lan yap\u0131ya zarar verir. Yar\u0131n bir g\u00fcn bir sel oldu\u011funda ve suyun fazla akt\u0131\u011f\u0131nda oradan gelecek sular komple yap\u0131lan i\u015flere zarar verecek ve yap\u0131lan onca masraf bo\u015fa gidecek ve o s\u00fcliet \u00e7irkinle\u015fmi\u015f olacak\u201d \u015feklinde konu\u015ftu.\u00a0<\/p>\n","protected":false},"excerpt":{"rendered":"<p>Akdeniz Belediye Ba\u015fkan\u0131 Mustafa G\u00fcltak, a\u011fa\u00e7 kesiminin ya\u015fand\u0131\u011f\u0131 M\u00fcft\u00fc Deresi kenar\u0131nda hi\u00e7bir faaliyetlerinin olmad\u0131\u011f\u0131n\u0131 belirterek, s\u00f6z konusu alan\u0131n Akdeniz Belediyesi s\u0131n\u0131rlar\u0131 i\u00e7in de\u011fil, Yeni\u015fehir il\u00e7esi s\u0131n\u0131rlar\u0131 i\u00e7erisinde oldu\u011fu s\u00f6yledi.\u00a0 Millet &hellip; <a href=\"https:\/\/akdenizolaygazetesi.com\/?p=7931\" class=\"more-link\">Devam\u0131n\u0131 Oku&#8230;<\/a><\/p>\n","protected":false},"author":1,"featured_media":0,"comment_status":"open","ping_status":"open","sticky":false,"template":"","format":"standard","meta":[],"categories":[],"tags":[],"_links":{"self":[{"href":"https:\/\/akdenizolaygazetesi.com\/index.php?rest_route=\/wp\/v2\/posts\/7931"}],"collection":[{"href":"https:\/\/akdenizolaygazetesi.com\/index.php?rest_route=\/wp\/v2\/posts"}],"about":[{"href":"https:\/\/akdenizolaygazetesi.com\/index.php?rest_route=\/wp\/v2\/types\/post"}],"author":[{"embeddable":true,"href":"https:\/\/akdenizolaygazetesi.com\/index.php?rest_route=\/wp\/v2\/users\/1"}],"replies":[{"embeddable":true,"href":"https:\/\/akdenizolaygazetesi.com\/index.php?rest_route=%2Fwp%2Fv2%2Fcomments&post=7931"}],"version-history":[{"count":0,"href":"https:\/\/akdenizolaygazetesi.com\/index.php?rest_route=\/wp\/v2\/posts\/7931\/revisions"}],"wp:attachment":[{"href":"https:\/\/akdenizolaygazetesi.com\/index.php?rest_route=%2Fwp%2Fv2%2Fmedia&parent=7931"}],"wp:term":[{"taxonomy":"category","embeddable":true,"href":"https:\/\/akdenizolaygazetesi.com\/index.php?rest_route=%2Fwp%2Fv2%2Fcategories&post=7931"},{"taxonomy":"post_tag","embeddable":true,"href":"https:\/\/akdenizolaygazetesi.com\/index.php?rest_route=%2Fwp%2Fv2%2Ftags&post=7931"}],"curies":[{"name":"wp","href":"https:\/\/api.w.org\/{rel}","templated":true}]}}