{"id":7933,"date":"2020-11-04T18:28:23","date_gmt":"2020-11-04T15:28:23","guid":{"rendered":"http:\/\/mersinekonomipolitikagazetesi.com\/?p=7933"},"modified":"2020-11-04T18:28:23","modified_gmt":"2020-11-04T15:28:23","slug":"mersinde-kir-cicekleri-projesiyle-kadin-sporcular-yetistirilecek","status":"publish","type":"post","link":"https:\/\/akdenizolaygazetesi.com\/?p=7933","title":{"rendered":"Mersin&#8217;de &#8216;K\u0131r \u00e7i\u00e7ekleri&#8217; projesiyle kad\u0131n sporcular yeti\u015ftirilecek"},"content":{"rendered":"<p><span style=\"line-height: 1.6em;\">Mersin B\u00fcy\u00fck\u015fehir Belediyesince, &#8216;K\u0131r \u00e7i\u00e7ekleri&#8217; projesiyle kad\u0131n sporcular yeti\u015ftirilece\u011fi bildirildi.\u00a0<\/span><\/p>\n<p>B\u00fcy\u00fck\u015fehir Belediyesinden yap\u0131lan a\u00e7\u0131klamaya g\u00f6re, proje kapsam\u0131nda Macit \u00d6zcan Spor Kompleksinde projeye aday k\u0131z \u00f6\u011frenciler ve aileleri a\u011f\u0131rland\u0131. Erdemli, Mut, Tarsus, Akdeniz, Ayd\u0131nc\u0131k, Anamur ve Bozyaz\u0131 il\u00e7elerinden 48 ailenin kat\u0131ld\u0131\u011f\u0131 tan\u0131t\u0131m toplant\u0131s\u0131nda, proje ile ilgili yap\u0131lan bilgilendirmelerin ve \u00f6\u011fle yeme\u011finin ard\u0131ndan aday \u00f6\u011frencilere ve ailelerine tesis gezdirildi. \u00d6\u011frenciler ve aileler, tesisin t\u00fcm olanaklar\u0131n\u0131 be\u011feniyle kar\u015f\u0131lad\u0131. \u0130lerleyen s\u00fcre\u00e7te aday \u00f6\u011frenciler gerekli m\u00fclakatlardan ge\u00e7ecek ve toplam 60 k\u0131z \u00f6\u011frenci proje kapsam\u0131na al\u0131nacak.\u00a0<br \/>\n&#8216;K\u0131r \u00e7i\u00e7ekleri&#8217; projesi ile gelece\u011fin kad\u0131n sporcular\u0131 yeti\u015fecek\u00a0<br \/>\nProje kapsam\u0131na dahil olacak k\u0131z \u00f6\u011frencilerin e\u011fitim masraflar\u0131 B\u00fcy\u00fck\u015fehir Belediyesi taraf\u0131ndan kar\u015f\u0131lanacak ve her \u00f6\u011frenci kendi spor bran\u015f\u0131nda belediye b\u00fcnyesinde g\u00f6rev yapan hocalardan e\u011fitim alacak. Proje kapsam\u0131na girmeye hak kazanan \u00f6\u011frenciler Macit \u00d6zcan Spor Tesislerinde kalacak ve okullar\u0131na servisle gidip gelecek. 5\u2019inci s\u0131n\u0131ftan \u00fcniversite giri\u015f s\u0131nav\u0131na kadar belediye g\u00fcvencesinde olacak olan \u2018K\u0131r \u00e7i\u00e7ekleri\u2019, gelece\u011fin g\u00fc\u00e7l\u00fc kad\u0131n sporcular\u0131 olma yolunda yeti\u015ftirilecek.\u00a0<br \/>\n\u201c&#8217;K\u0131r \u00e7i\u00e7ekleri&#8217; projesi yetenekli sporcular\u0131n ufkunu a\u00e7an bir proje\u201d\u00a0<br \/>\nB\u00fcy\u00fck\u015fehir Belediyesi Genel Sekreter Yard\u0131mc\u0131s\u0131 Hasan G\u00f6kbel, proje tan\u0131t\u0131m toplant\u0131s\u0131nda ailelerle proje hakk\u0131nda bire bir g\u00f6r\u00fc\u015ft\u00fc. Ba\u015fkan Se\u00e7er\u2019in &#8216;K\u0131r \u00e7i\u00e7ekleri&#8217; projesini \u00f6zel proje olarak nitelendirdi\u011fini belirten G\u00f6kbel, proje ile k\u0131z \u00f6\u011frencilerin hem spor alan\u0131nda hem de e\u011fitim alan\u0131nda ba\u015far\u0131 sa\u011flamalar\u0131n\u0131n ama\u00e7land\u0131\u011f\u0131n\u0131 dile getirdi.\u00a0<br \/>\nG\u00f6kbel, \u015funlar\u0131 s\u00f6yledi; &#8220;&#8216;K\u0131r \u00e7i\u00e7ekleri&#8217; projesi asl\u0131nda yetenekli sporcular\u0131n \u00f6n\u00fcn\u00fc ve ufkunu a\u00e7an bir proje. Ayn\u0131 zamanda e\u011fitim hayatlar\u0131nda, mesleki anlamda da ufuklar\u0131n\u0131 a\u00e7an bir proje. Ba\u015fkan\u0131m\u0131z burada bir pozitif ayr\u0131mc\u0131l\u0131k yapt\u0131 ve bu projenin ilk ba\u015flang\u0131\u00e7 noktas\u0131n\u0131 k\u0131zlar\u0131m\u0131zdan ba\u015flatt\u0131. \u00c7ocuklar\u0131m\u0131z\u0131n g\u00f6zleri \u0131\u015f\u0131l \u0131\u015f\u0131l. Bu proje \u00e7ok \u00f6nemli bir proje, Mersin\u2019de belki uygulamas\u0131 olmam\u0131\u015f bir proje ama 60 gen\u00e7 k\u0131z\u0131m\u0131z\u0131 bu proje kapsam\u0131nda hem spor anlam\u0131nda hem de e\u011fitim \u00f6\u011fretim anlam\u0131nda \u00f6nemli bir noktaya ta\u015f\u0131yaca\u011f\u0131m\u0131z\u0131 umut ediyorum\u201d dedi.\u00a0<\/p>\n","protected":false},"excerpt":{"rendered":"<p>Mersin B\u00fcy\u00fck\u015fehir Belediyesince, &#8216;K\u0131r \u00e7i\u00e7ekleri&#8217; projesiyle kad\u0131n sporcular yeti\u015ftirilece\u011fi bildirildi.\u00a0 B\u00fcy\u00fck\u015fehir Belediyesinden yap\u0131lan a\u00e7\u0131klamaya g\u00f6re, proje kapsam\u0131nda Macit \u00d6zcan Spor Kompleksinde projeye aday k\u0131z \u00f6\u011frenciler ve aileleri a\u011f\u0131rland\u0131. Erdemli, Mut, &hellip; <a href=\"https:\/\/akdenizolaygazetesi.com\/?p=7933\" class=\"more-link\">Devam\u0131n\u0131 Oku&#8230;<\/a><\/p>\n","protected":false},"author":1,"featured_media":0,"comment_status":"open","ping_status":"open","sticky":false,"template":"","format":"standard","meta":[],"categories":[],"tags":[],"_links":{"self":[{"href":"https:\/\/akdenizolaygazetesi.com\/index.php?rest_route=\/wp\/v2\/posts\/7933"}],"collection":[{"href":"https:\/\/akdenizolaygazetesi.com\/index.php?rest_route=\/wp\/v2\/posts"}],"about":[{"href":"https:\/\/akdenizolaygazetesi.com\/index.php?rest_route=\/wp\/v2\/types\/post"}],"author":[{"embeddable":true,"href":"https:\/\/akdenizolaygazetesi.com\/index.php?rest_route=\/wp\/v2\/users\/1"}],"replies":[{"embeddable":true,"href":"https:\/\/akdenizolaygazetesi.com\/index.php?rest_route=%2Fwp%2Fv2%2Fcomments&post=7933"}],"version-history":[{"count":0,"href":"https:\/\/akdenizolaygazetesi.com\/index.php?rest_route=\/wp\/v2\/posts\/7933\/revisions"}],"wp:attachment":[{"href":"https:\/\/akdenizolaygazetesi.com\/index.php?rest_route=%2Fwp%2Fv2%2Fmedia&parent=7933"}],"wp:term":[{"taxonomy":"category","embeddable":true,"href":"https:\/\/akdenizolaygazetesi.com\/index.php?rest_route=%2Fwp%2Fv2%2Fcategories&post=7933"},{"taxonomy":"post_tag","embeddable":true,"href":"https:\/\/akdenizolaygazetesi.com\/index.php?rest_route=%2Fwp%2Fv2%2Ftags&post=7933"}],"curies":[{"name":"wp","href":"https:\/\/api.w.org\/{rel}","templated":true}]}}