{"id":7935,"date":"2020-11-04T18:28:23","date_gmt":"2020-11-04T15:28:23","guid":{"rendered":"http:\/\/mersinekonomipolitikagazetesi.com\/?p=7935"},"modified":"2020-11-04T18:28:23","modified_gmt":"2020-11-04T15:28:23","slug":"marmarada-7den-buyuk-bir-depremin-olma-olasiligi-guclu","status":"publish","type":"post","link":"https:\/\/akdenizolaygazetesi.com\/?p=7935","title":{"rendered":"&#8220;Marmara&#8217;da 7&#8217;den b\u00fcy\u00fck bir depremin olma olas\u0131l\u0131\u011f\u0131 g\u00fc\u00e7l\u00fc&#8221;"},"content":{"rendered":"<p><span style=\"line-height: 1.6em;\">Jeoloji Profes\u00f6r\u00fc Selim \u0130nan, \u0130stanbul\u2019da beklenen b\u00fcy\u00fck depreme ili\u015fkin korkutan a\u00e7\u0131klamalarda bulundu. \u0130nan, &#8220;T\u00fcm veriler Marmara Denizinde \u00f6zellikle orta b\u00f6l\u00fcm\u00fcnde yer alan Kuzey Anadolu fay\u0131n\u0131n olduk\u00e7a y\u00fcksek bir gerilmeye u\u011frad\u0131\u011f\u0131 ve sonu\u00e7ta da yak\u0131n bir zaman i\u00e7erisinde b\u00f6lgede 7&#8217;den b\u00fcy\u00fck bir depremin var olma olas\u0131l\u0131\u011f\u0131n\u0131 g\u00fc\u00e7lendirmektedir. Bu anlamda \u0130stanbul ve Marmara Denizi \u00e7evresinde yer alan yerle\u015fim yerlerinin ivedilikle depremle ilgili \u00f6nlemleri \u00e7ok ge\u00e7 olmadan almas\u0131 gerekmektedir&#8221; dedi.\u00a0<\/span><\/p>\n<p>Mersin \u00dcniversitesi M\u00fchendislik Fak\u00fcltesi Jeoloji M\u00fchendisli\u011fi B\u00f6l\u00fcm\u00fc emekli \u00d6\u011fretim \u00dcyesi Prof. Dr. Selim \u0130nan, \u0130stanbul\u2019da beklenen b\u00fcy\u00fck depreme ilgili a\u00e7\u0131klamalarda bulundu. Marmara Denizinde b\u00fcy\u00fck bir deprem beklendi\u011fini kaydeden \u0130nan, &#8220;Ayr\u0131ca Marmara Denizinde tarihsel d\u00f6nem i\u00e7erisinde biri 1509&#8217;da di\u011feri 1766 iki b\u00fcy\u00fck depremin kaydedilmesi ve iki deprem aras\u0131ndaki s\u00fcrenin de 257 y\u0131l olmas\u0131 da burada yine bir enerji birikiminin varl\u0131\u011f\u0131na i\u015faret eder. Bununla birlikte 26 Eyl\u00fcl 2019&#8217;daki depremin yeri, Marmara Denizi i\u00e7erisinde uzun zamand\u0131r k\u0131r\u0131lma g\u00f6stermeyen Kumburgaz fay\u0131n\u0131n ucuna d\u00fc\u015fmekte ve burada yine bir enerji birikimine neden olmu\u015ftur. T\u00fcm bu veriler Marmara Denizinde \u00f6zellikle de orta b\u00f6l\u00fcm\u00fcnde yer alan Kuzey Anadolu fay\u0131n\u0131n olduk\u00e7a y\u00fcksek bir gerilmeye u\u011frad\u0131\u011f\u0131n\u0131 ve sonu\u00e7ta da yak\u0131n bir zaman i\u00e7erisinde b\u00f6lgede 7&#8217;den b\u00fcy\u00fck bir depremin var olma olas\u0131l\u0131\u011f\u0131n\u0131 g\u00fc\u00e7lendirmektedir. Bu anlamda \u0130stanbul ve Marmara Denizi \u00e7evresinde yer alan yerle\u015fim yerlerinin ivedilikle depremle ilgili \u00f6nlemleri \u00e7ok ge\u00e7 olmadan almas\u0131 gerekmektedir&#8221; diye konu\u015ftu.\u00a0<\/p>\n<p>&#8220;Gelecek y\u0131llarda depremler meydana gelme olas\u0131l\u0131\u011f\u0131 \u00e7ok y\u00fcksektir&#8221;\u00a0<br \/>\nSon y\u0131llarda Do\u011fu Anadolu b\u00f6lgesinde meydana gelen depremlere neden olan sistemin kuzeydo\u011fu-g\u00fcneybat\u0131 do\u011frultusunda 650 kilometre uzunlu\u011fu sahip oldu\u011funu kaydeden \u0130nan, &#8220;Yine son derece aktif olan Do\u011fu Anadolu fay sistemleri olup bu Kuzey Anadolu fay sistemi ile Karl\u0131ova\u2019da birle\u015firler. Karl\u0131ova&#8217;da ba\u015flayan fay sistemi, g\u00fcney bat\u0131ya do\u011fru s\u0131ras\u0131yla Bing\u00f6l, Elaz\u0131\u011f do\u011fusu, Hazar g\u00f6l\u00fc, Sivrice, P\u00f6t\u00fcrge, \u00c7elikhan, G\u00f6lba\u015f\u0131, S\u00fcrg\u00fc, Kahraman Mara\u015f kuzeyi, T\u00fcrko\u011flu\u2019nu ge\u00e7erek oradan iki kola ayr\u0131l\u0131r. Bir kol Adana Yumurtal\u0131k di\u011fer kol Amanoslar g\u00fcneyinden ge\u00e7erek \u00d6l\u00fcdeniz fay sistemi ile birle\u015firler. Bu fay sistemi tek bir faydan de\u011fil bir\u00e7ok fay par\u00e7alar\u0131ndan olu\u015fmaktad\u0131r. Bunlar s\u0131ras\u0131yla ve farkl\u0131 uzunluklarda kuzeydo\u011fudan g\u00fcneybat\u0131ya do\u011fru Karl\u0131ova-Bing\u00f6l fay\u0131, Palu-Hazar fay\u0131, Hazar-Sincik fay\u0131, \u00c7elikhan-G\u00f6lba\u015f\u0131 fay\u0131, G\u00f6lba\u015f\u0131-T\u00fcrko\u011flu fay, T\u00fcrko\u011flu-Antakya faylar\u0131d\u0131r. Bu faylar\u0131n son meydana gelen depremlerle Karl\u0131ova par\u00e7as\u0131, Sivrice par\u00e7as\u0131 ve son olarak Malatya P\u00f6t\u00fcrge k\u0131sm\u0131 k\u0131r\u0131lm\u0131\u015f olup, g\u00fcneybat\u0131ya do\u011fru b\u00f6l\u00fcm\u00fcnde yer alan \u00c7elikhan-G\u00f6lba\u015f\u0131 ve T\u00fcrko\u011flu-Mara\u015f b\u00f6l\u00fcm\u00fcnde uzun s\u00fcredir herhangi bir sismik aktivite g\u00f6zlenmemi\u015ftir. Bu nedenle bu b\u00f6l\u00fcmde gelecek y\u0131llarda depremler meydana gelme olas\u0131l\u0131\u011f\u0131 \u00e7ok y\u00fcksektir&#8221; \u015feklinde konu\u015ftu.\u00a0<\/p>\n<p>&#8220;8 b\u00fcy\u00fckl\u00fc\u011f\u00fcndeki deprem bin atom bombas\u0131n\u0131n patlamas\u0131na e\u015f de\u011fer&#8221;\u00a0<br \/>\nB\u00fcy\u00fckl\u00fc\u011f\u00fcn deprem s\u0131ras\u0131nda a\u00e7\u0131\u011fa \u00e7\u0131kan enerjinin \u00f6l\u00e7\u00fcs\u00fcn\u00fc verdi\u011fini kaydeden \u0130nan, &#8220;B\u00fcy\u00fckl\u00fck logaritmik olarak artar. \u00d6rne\u011fin 8 b\u00fcy\u00fckl\u00fc\u011f\u00fcndeki bir depremde bin tane atom bombas\u0131n\u0131n patlat\u0131lmas\u0131 s\u0131ras\u0131ndaki a\u00e7\u0131\u011fa \u00e7\u0131kan enerji kadar enerji yay\u0131l\u0131r. B\u00fcy\u00fckl\u00fc\u011f\u00fc 7.4 olan 1999 Kocaeli depremi s\u0131ras\u0131nda a\u00e7\u0131\u011fa \u00e7\u0131kan enerji Hiro\u015fima&#8217;ya at\u0131lan atom bombas\u0131n\u0131n yayd\u0131\u011f\u0131 enerjiden 400 kat daha fazlad\u0131r. Bunu \u00f6nlemek imkans\u0131zd\u0131r. Depremin s\u00fcresi ne kadar uzun olursa verdi\u011fi zarar artmaktad\u0131r. \u00d6rne\u011fin 1999 depremi 45 saniye, 2004 G\u00fcney Asya depremi tam 3 dakika s\u00fcrm\u00fc\u015ft\u00fcr. Deprem gece veya g\u00fcnd\u00fcz olmas\u0131 da etkili olmakta. \u00d6rne\u011fin 17 A\u011fustos depremi gece 03.05&#8217;te herkes uykuda iken olmu\u015f ve zarar\u0131n artmas\u0131na neden olmu\u015ftur. Bu da bizim elimizde de\u011fildir. Deprem oda\u011f\u0131na yak\u0131n olmak zarar\u0131 yine art\u0131ran bir nedendir. Bunu da engellemek olanaks\u0131zd\u0131r. \u0130nsan kaynakl\u0131 nedenlerin ba\u015f\u0131nda b\u00f6lgenin jeolojik yap\u0131s\u0131 \u00f6zellikle de zemin yap\u0131s\u0131 gelmektedir. Binalar\u0131n \u00fczerine yap\u0131ld\u0131\u011f\u0131 zemin ne kadar k\u00f6t\u00fc olursa depremin verdi\u011fi zararlar ayn\u0131 oranda artmaktad\u0131r. Zemin k\u00f6t\u00fc ise bina sa\u011flam dahi olsa binalar ya zemine g\u00f6m\u00fclmekte yada yan yatmaktad\u0131r. Bunun \u00f6rneklerine 1999 depremi s\u0131ras\u0131nda Kocaeli, Adapazar\u0131, D\u00fczce ve yak\u0131n y\u00f6relerinde, 2011 Van depreminde ve 2020 Elaz\u0131\u011f Sivrice depremlerinde s\u0131k\u00e7a rastlanmaktad\u0131r&#8221; ifadelerini kulland\u0131.\u00a0<\/p>\n<p>&#8220;Zemin ve yap\u0131 kalitesini iyile\u015ftirirsek depremin verdi\u011fi zararlar\u0131 minimuma indirebiliriz&#8221;\u00a0<br \/>\nK\u00f6t\u00fc zeminlerde meydana gelen hasarlar\u0131n insan kaynakl\u0131 oldu\u011funu vurgulayan \u0130nan, &#8220;Bunlar aras\u0131nda en g\u00f6ze \u00e7arpanlar kalitesiz beton, malzeme hatalar\u0131, eksik ve kalitesiz malzeme kullan\u0131m\u0131, donat\u0131 hatalar\u0131, kolon kiri\u015flerde yap\u0131lan hatalar, etriye hatalar\u0131 say\u0131labilir. Bu hatalara ba\u011fl\u0131 olarak binalar iskambil destesi gibi \u00fcst \u00fcste ya da yanlara do\u011fru y\u0131\u011f\u0131lmaktad\u0131rlar. Yine bunun \u00f6rneklerini 1999 Kocaeli ve 2011 Van depremlerinde g\u00f6rmekteyiz. Buraya kadar anlat\u0131lanlar\u0131n \u0131\u015f\u0131\u011f\u0131nda bir depremde meydana gelen hasarlar\u0131n depremin do\u011fal \u00f6zellikleri ile zemin ve yap\u0131 kalitesinden kaynakland\u0131\u011f\u0131 a\u00e7\u0131kt\u0131r. Depremin do\u011fal \u00f6zelliklerini de\u011fi\u015ftirmek yada m\u00fcdahale etmek imkans\u0131zd\u0131r. Buna kar\u015f\u0131n zemin ve yap\u0131 kalitesini iyile\u015ftirmek ise bizim elimizde olan bir durum olup, bunlara dikkate edersek depremin verdi\u011fi zararlar\u0131 minimuma indirmek olas\u0131d\u0131r. \u00d6rne\u011fin 17 bin 848 ki\u015finin ya\u015fam\u0131n\u0131 yitirdi\u011fi 1999 Kocaeli depreminde zemin ve yap\u0131 sto\u011fumuz iyi olsayd\u0131 \u00f6l\u00fc say\u0131lar\u0131 \u00e7ok d\u00fc\u015f\u00fck d\u00fczeylerde kal\u0131rd\u0131. T\u00fcm bunlar ac\u0131 birer ger\u00e7ek olmas\u0131na kar\u015f\u0131n \u0130stanbul ve Marmara b\u00f6lgesinin depreme kar\u015f\u0131 haz\u0131rl\u0131kl\u0131 oldu\u011funu s\u00f6ylemek \u00e7ok b\u00fcy\u00fck bir iyimserlik olur. 1999 depreminden sonra \u00f6zellikle \u0130stanbul\u2019da ve Marmara Denizine bakan kesimlerinde yine gev\u015fek zeminlere \u00e7ok katl\u0131 binalar\u0131n yap\u0131m\u0131na devam edildi\u011fi g\u00f6r\u00fclmektedir. Depreme kar\u015f\u0131 en iyi \u00e7\u00f6z\u00fcm\u00fcn sa\u011flam zemin \u00fczerine az katl\u0131 kaliteli bina in\u015fa etmek oldu\u011funu kabul etmek gerekir. Bu a\u00e7\u0131dan son y\u0131llarda bir tak\u0131m d\u00fczenlemeler yap\u0131lmas\u0131na ra\u011fmen \u0130stanbul i\u00e7in \u00e7ok ge\u00e7 kal\u0131nd\u0131\u011f\u0131 bir ger\u00e7ek olarak kar\u015f\u0131m\u0131zda durmaktad\u0131r&#8221; dedi.\u00a0<\/p>\n","protected":false},"excerpt":{"rendered":"<p>Jeoloji Profes\u00f6r\u00fc Selim \u0130nan, \u0130stanbul\u2019da beklenen b\u00fcy\u00fck depreme ili\u015fkin korkutan a\u00e7\u0131klamalarda bulundu. \u0130nan, &#8220;T\u00fcm veriler Marmara Denizinde \u00f6zellikle orta b\u00f6l\u00fcm\u00fcnde yer alan Kuzey Anadolu fay\u0131n\u0131n olduk\u00e7a y\u00fcksek bir gerilmeye u\u011frad\u0131\u011f\u0131 &hellip; <a href=\"https:\/\/akdenizolaygazetesi.com\/?p=7935\" class=\"more-link\">Devam\u0131n\u0131 Oku&#8230;<\/a><\/p>\n","protected":false},"author":1,"featured_media":0,"comment_status":"open","ping_status":"open","sticky":false,"template":"","format":"standard","meta":[],"categories":[],"tags":[],"_links":{"self":[{"href":"https:\/\/akdenizolaygazetesi.com\/index.php?rest_route=\/wp\/v2\/posts\/7935"}],"collection":[{"href":"https:\/\/akdenizolaygazetesi.com\/index.php?rest_route=\/wp\/v2\/posts"}],"about":[{"href":"https:\/\/akdenizolaygazetesi.com\/index.php?rest_route=\/wp\/v2\/types\/post"}],"author":[{"embeddable":true,"href":"https:\/\/akdenizolaygazetesi.com\/index.php?rest_route=\/wp\/v2\/users\/1"}],"replies":[{"embeddable":true,"href":"https:\/\/akdenizolaygazetesi.com\/index.php?rest_route=%2Fwp%2Fv2%2Fcomments&post=7935"}],"version-history":[{"count":0,"href":"https:\/\/akdenizolaygazetesi.com\/index.php?rest_route=\/wp\/v2\/posts\/7935\/revisions"}],"wp:attachment":[{"href":"https:\/\/akdenizolaygazetesi.com\/index.php?rest_route=%2Fwp%2Fv2%2Fmedia&parent=7935"}],"wp:term":[{"taxonomy":"category","embeddable":true,"href":"https:\/\/akdenizolaygazetesi.com\/index.php?rest_route=%2Fwp%2Fv2%2Fcategories&post=7935"},{"taxonomy":"post_tag","embeddable":true,"href":"https:\/\/akdenizolaygazetesi.com\/index.php?rest_route=%2Fwp%2Fv2%2Ftags&post=7935"}],"curies":[{"name":"wp","href":"https:\/\/api.w.org\/{rel}","templated":true}]}}