{"id":7939,"date":"2020-11-04T18:28:23","date_gmt":"2020-11-04T15:28:23","guid":{"rendered":"http:\/\/mersinekonomipolitikagazetesi.com\/?p=7939"},"modified":"2020-11-04T18:28:23","modified_gmt":"2020-11-04T15:28:23","slug":"deprem-var-ve-konutlari-acilen-yenilememiz-gerekiyor","status":"publish","type":"post","link":"https:\/\/akdenizolaygazetesi.com\/?p=7939","title":{"rendered":"DEPREM VAR VE KONUTLARI AC\u0130LEN YEN\u0130LEMEM\u0130Z GEREK\u0130YOR..!"},"content":{"rendered":"<p>\u201cMersin B\u00fcy\u00fck\u015fehir Belediyesi Y\u00fcksek Yap\u0131la\u015fma Y\u00f6netmeli\u011fi&#8217;nin mutlaka ve acilen \u00e7\u0131kar\u0131n ve g\u00f6r\u00fcn; Mersin\u2019de insan hayat\u0131n\u0131n ne kadar ucuz oldu\u011funu..!\u201d<\/p>\n<p>Mimar Abdullah Y\u0131lmaz, Mersin\u2019de depreme dayan\u0131ks\u0131z ve denetimsiz binalar i\u00e7in konu\u015ftu. Y\u0131lmaz, \u201cMersin B\u00fcy\u00fck\u015fehir Belediyesi\u2019ne acilen, \u2018Y\u00fcksek yap\u0131la\u015fma y\u00f6netmeli\u011fi&#8217;ni \u00e7\u0131kar\u0131n.&#8221; dedi.<br \/>\n\u00a0<br \/>\n17 A\u011fustos 1999 tarihinde meydana gelen ve 17 bin insan\u0131n ya\u015fam\u0131n\u0131 yitirdi\u011fi Marmara depreminin ard\u0131ndan Mersin\u2019de de riskli binalar oldu\u011funu ve denetimsizli\u011fin mevcutta risk te\u015fkil etti\u011fine dikkat \u00e7ekildi. Mersinli Mimar Abdullah Y\u0131lmaz, \u201c\u0130nsan\u0131 deprem de\u011fil, mimarl\u0131k, m\u00fchendislik hizmeti g\u00f6rmemi\u015f \u00e7\u00fcr\u00fck yap\u0131 \u00f6ld\u00fcr\u00fcr. \u00c7\u00fcr\u00fck yap\u0131y\u0131 tek ama\u00e7lar\u0131 rant olan, \u00e7\u00fcr\u00fck zihniyet, kibar kent soyguncular\u0131 do\u011furur.\u201d dedi.<br \/>\n\u00a0<br \/>\n\u201cMersin B\u00fcy\u00fck\u015fehir Belediyesi acilen Y\u00fcksek Yap\u0131la\u015fma Y\u00f6netmeli\u011fi&#8217;ni \u00e7\u0131karmal\u0131\u201d<\/p>\n<p>17 A\u011fustos tarihinden ders al\u0131nmad\u0131\u011f\u0131n\u0131 belirten Y\u0131lmaz, \u2019\u2019Ayn\u0131 ac\u0131lar\u0131 ya\u015famamak i\u00e7in Mersin B\u00fcy\u00fck\u015fehir Belediye Ba\u015fkan\u0131 Vahap Se\u00e7er\u2019e sesleniyorum. Mersin&#8217;de y\u00fcksek yap\u0131la\u015fma y\u00f6netmeli\u011fi olmad\u0131\u011f\u0131 i\u00e7in, her t\u00fcrl\u00fc denetimsizli\u011fe a\u00e7\u0131k, 5 kat in\u015faat teknolojisi ile ve uzmanl\u0131k \u015fart\u0131 aranmayan m\u00fcteahhit denilen ki\u015filerce in\u015fa edilen 30 katl\u0131 ucube yap\u0131lara denetim getirin. Acil olarak kentimizin en b\u00fcy\u00fck ihtiya\u00e7lar\u0131ndan biri olan, y\u0131llard\u0131r \u00fczerinde meslek bilincim, mesleki sorumlulu\u011fum gere\u011fi g\u00f6n\u00fcll\u00fc olarak \u00e7al\u0131\u015ft\u0131\u011f\u0131m, in\u015faat maliyetlerini artt\u0131r\u0131c\u0131 teknoloji i\u00e7erdi\u011fi i\u00e7in, sekt\u00f6rdeki g\u00f6zlerini para h\u0131rs\u0131 b\u00fcr\u00fcm\u00fc\u015f kibar soyguncular\u0131n, bunlar\u0131n yanda\u015f\u0131 yerel y\u00f6neticilerin g\u00fcndeme bile almad\u0131klar\u0131, \u2018Mersin B\u00fcy\u00fck\u015fehir Belediyesi Y\u00fcksek Yap\u0131la\u015fma Y\u00f6netmeli\u011fi&#8217;ni \u00e7\u0131kar\u0131n.&#8221; ifadelerini kulland\u0131.<br \/>\n\u00a0\u00a0<br \/>\n\u201c\u00d6zellikle Mezitli\u2019den ba\u015flat\u0131n!\u201d<br \/>\n\u00a0<br \/>\n\u2018Mersin B\u00fcy\u00fck\u015fehir Belediyesi Y\u00fcksek Yap\u0131la\u015fma Y\u00f6netmeli\u011fi&#8217;nin mutlaka ve acilen \u00e7\u0131kar\u0131lmas\u0131n\u0131n alt\u0131n\u0131 \u00e7izen ve Mimarl\u0131k, m\u00fchendislik hizmetlerinin bulunmad\u0131\u011f\u0131 yap\u0131lar\u0131n fark\u0131na var\u0131lmas\u0131 gerekti\u011fine dikkat \u00e7eken Y\u0131lmaz, \u201c\u00c7\u0131kar\u0131n ve g\u00f6r\u00fcn Mersin\u2019de insan hayat\u0131n\u0131n ne kadar ucuz oldu\u011funu..! Geriye d\u00f6n\u00fck olarak, insan\u0131m\u0131z\u0131n ileride ya\u015fanabilecek do\u011fal afetlerden en az etkilenmesi i\u00e7in, sadece para kazanma h\u0131rs\u0131 ile yap\u0131lan beton y\u0131\u011f\u0131nlar\u0131n\u0131n alt\u0131nda, \u2018sesimi duyan var m\u0131\u2019 ger\u00e7e\u011fini ya\u015fanmamas\u0131 i\u00e7in, makyajl\u0131 binalar\u0131n konstr\u00fcksiyon denetimlerine hemen ba\u015flay\u0131n. Karot numunesi ald\u0131r\u0131n, demir donat\u0131lar\u0131n\u0131n r\u00f6ntgenlerini \u00e7ektirin. \u00d6zellikle Mezitli\u2019den ba\u015flat\u0131n.\u2019\u2019 dedi.<\/p>\n","protected":false},"excerpt":{"rendered":"<p>\u201cMersin B\u00fcy\u00fck\u015fehir Belediyesi Y\u00fcksek Yap\u0131la\u015fma Y\u00f6netmeli\u011fi&#8217;nin mutlaka ve acilen \u00e7\u0131kar\u0131n ve g\u00f6r\u00fcn; Mersin\u2019de insan hayat\u0131n\u0131n ne kadar ucuz oldu\u011funu..!\u201d Mimar Abdullah Y\u0131lmaz, Mersin\u2019de depreme dayan\u0131ks\u0131z ve denetimsiz binalar i\u00e7in konu\u015ftu. &hellip; <a href=\"https:\/\/akdenizolaygazetesi.com\/?p=7939\" class=\"more-link\">Devam\u0131n\u0131 Oku&#8230;<\/a><\/p>\n","protected":false},"author":1,"featured_media":0,"comment_status":"open","ping_status":"open","sticky":false,"template":"","format":"standard","meta":[],"categories":[],"tags":[],"_links":{"self":[{"href":"https:\/\/akdenizolaygazetesi.com\/index.php?rest_route=\/wp\/v2\/posts\/7939"}],"collection":[{"href":"https:\/\/akdenizolaygazetesi.com\/index.php?rest_route=\/wp\/v2\/posts"}],"about":[{"href":"https:\/\/akdenizolaygazetesi.com\/index.php?rest_route=\/wp\/v2\/types\/post"}],"author":[{"embeddable":true,"href":"https:\/\/akdenizolaygazetesi.com\/index.php?rest_route=\/wp\/v2\/users\/1"}],"replies":[{"embeddable":true,"href":"https:\/\/akdenizolaygazetesi.com\/index.php?rest_route=%2Fwp%2Fv2%2Fcomments&post=7939"}],"version-history":[{"count":0,"href":"https:\/\/akdenizolaygazetesi.com\/index.php?rest_route=\/wp\/v2\/posts\/7939\/revisions"}],"wp:attachment":[{"href":"https:\/\/akdenizolaygazetesi.com\/index.php?rest_route=%2Fwp%2Fv2%2Fmedia&parent=7939"}],"wp:term":[{"taxonomy":"category","embeddable":true,"href":"https:\/\/akdenizolaygazetesi.com\/index.php?rest_route=%2Fwp%2Fv2%2Fcategories&post=7939"},{"taxonomy":"post_tag","embeddable":true,"href":"https:\/\/akdenizolaygazetesi.com\/index.php?rest_route=%2Fwp%2Fv2%2Ftags&post=7939"}],"curies":[{"name":"wp","href":"https:\/\/api.w.org\/{rel}","templated":true}]}}