{"id":7940,"date":"2020-11-04T18:28:23","date_gmt":"2020-11-04T15:28:23","guid":{"rendered":"http:\/\/mersinekonomipolitikagazetesi.com\/?p=7940"},"modified":"2020-11-04T18:28:23","modified_gmt":"2020-11-04T15:28:23","slug":"afet-riski-artiyor","status":"publish","type":"post","link":"https:\/\/akdenizolaygazetesi.com\/?p=7940","title":{"rendered":"AFET R\u0130SK\u0130 ARTIYOR!"},"content":{"rendered":"<p>Pandemi esas sorunumuzu g\u00f6lgede mi b\u0131rakt\u0131?<\/p>\n<p>Akdeniz&#8217;de deniz suyu s\u0131cakl\u0131klar\u0131 anormal boyutlara ula\u015ft\u0131. Antalya ve Mersin \u00e7evresinde deniz suyu 32-33 derece civar\u0131nda \u00f6l\u00e7\u00fcl\u00fcyor. Denize serinlemek i\u00e7in girenler \u201cyand\u0131m!\u201d diyerek geri \u00e7\u0131k\u0131yor. Bu durum sonbahar ge\u00e7i\u015finde ani kuvvetli sa\u011fanak ya\u011fmur, hortum, dolu ve benzeri sert olaylara neden olabilece\u011fi belirtiliyor.<\/p>\n<p>\u201cAntalya ve Mersin \u00e7evresinde deniz suyu 32-33 derece\u201d<\/p>\n<p>Meteoroloji Genel M\u00fcd\u00fcrl\u00fc\u011f\u00fc\u2019n\u00fcn payla\u015ft\u0131\u011f\u0131 veriler 1970-2017 d\u00f6nemi ortalamas\u0131na k\u0131yasla 2020 y\u0131l\u0131nda T\u00fcrkiye k\u0131y\u0131lar\u0131nda denizlerin daha da \u0131s\u0131nd\u0131\u011f\u0131n\u0131 g\u00f6steriyor. Antalya ve Mersin \u00e7evresinde deniz suyu 32-33 derece civar\u0131nda \u00f6l\u00e7\u00fcl\u00fcrken. denizlerin \u0131s\u0131nmas\u0131 k\u00fcresel iklim de\u011fi\u015fikli\u011fi ba\u011flam\u0131nda beklenen etkiler aras\u0131nda yer al\u0131rken bu durum deniz biyo\u00e7e\u015fitlili\u011fi, mavi ekonomi potansiyelini ve halk sa\u011fl\u0131\u011f\u0131n\u0131 tehdit ediyor, afet risklerini artt\u0131r\u0131yor.<\/p>\n<p>Vatanda\u015flar &#8220;yand\u0131m!\u201d diyerek \u00e7\u0131k\u0131yor<\/p>\n<p>Hafta sonu dolay\u0131s\u0131yla ailesiyle birlikte sahile gittiklerini anlatan vatanda\u015flar, &#8220;Hava \u00e7ok s\u0131cak. Deniz suyu da \u00e7ok g\u00fczel gibi duruyor ancak havadan daha s\u0131cak olmas\u0131 \u00e7ok ilgin\u00e7. Buraya nefes almaya geliyoruz. Denize serinlemek i\u00e7in giriyoruz, &#8220;yand\u0131m!\u201d diye geri \u00e7\u0131k\u0131yoruz.&#8221; dediler.<br \/>\n\u0130zmir&#8217;de ya\u015fayan bir vatanda\u015f ise, &#8220;Ege sahilleri hi\u00e7 al\u0131\u015f\u0131k olmad\u0131\u011f\u0131 k\u0131rba\u00e7 kas\u0131rgas\u0131 ad\u0131 verilen tropik f\u0131rt\u0131na haberi ile sars\u0131lm\u0131\u015ft\u0131. \u0130zmirli olarak \u00e7ok korktum. Neyseki Yunanistan\u2019a gitti son anda acaba yine risk var m\u0131d\u0131r?&#8221; diyerek Mersinlilerin ak\u0131llar\u0131na da &#8220;Mikro kas\u0131rgalar ve deniz hortumlar\u0131 m\u0131 geliyor?&#8221; sorusunu sordurdu.<\/p>\n<p>\u0130deal deniz suyu s\u0131cakl\u0131\u011f\u0131 ka\u00e7 derece olmal\u0131?<\/p>\n<p>T\u00fcrkiye&#8217;de bulunan denizlerin su s\u0131cakl\u0131\u011f\u0131 konum sebebiyle ayn\u0131 de\u011fildir. En s\u0131cak denizlerimiz s\u0131rayla Akdeniz, Ege Denizi, Marmara Denizi ve Karadeniz\u2019dir. \u0130nsan v\u00fccudu i\u00e7in en ideal deniz suyu s\u0131cakl\u0131\u011f\u0131 23-29 derece aral\u0131\u011f\u0131d\u0131r. Ancak denizlerimizde zarar verecek derecede \u00e7ok d\u00fc\u015f\u00fck ve y\u00fcksek s\u0131cakl\u0131klar g\u00f6r\u00fclmemi\u015ftir.<\/p>\n","protected":false},"excerpt":{"rendered":"<p>Pandemi esas sorunumuzu g\u00f6lgede mi b\u0131rakt\u0131? Akdeniz&#8217;de deniz suyu s\u0131cakl\u0131klar\u0131 anormal boyutlara ula\u015ft\u0131. Antalya ve Mersin \u00e7evresinde deniz suyu 32-33 derece civar\u0131nda \u00f6l\u00e7\u00fcl\u00fcyor. Denize serinlemek i\u00e7in girenler \u201cyand\u0131m!\u201d diyerek geri &hellip; <a href=\"https:\/\/akdenizolaygazetesi.com\/?p=7940\" class=\"more-link\">Devam\u0131n\u0131 Oku&#8230;<\/a><\/p>\n","protected":false},"author":1,"featured_media":0,"comment_status":"open","ping_status":"open","sticky":false,"template":"","format":"standard","meta":[],"categories":[],"tags":[],"_links":{"self":[{"href":"https:\/\/akdenizolaygazetesi.com\/index.php?rest_route=\/wp\/v2\/posts\/7940"}],"collection":[{"href":"https:\/\/akdenizolaygazetesi.com\/index.php?rest_route=\/wp\/v2\/posts"}],"about":[{"href":"https:\/\/akdenizolaygazetesi.com\/index.php?rest_route=\/wp\/v2\/types\/post"}],"author":[{"embeddable":true,"href":"https:\/\/akdenizolaygazetesi.com\/index.php?rest_route=\/wp\/v2\/users\/1"}],"replies":[{"embeddable":true,"href":"https:\/\/akdenizolaygazetesi.com\/index.php?rest_route=%2Fwp%2Fv2%2Fcomments&post=7940"}],"version-history":[{"count":0,"href":"https:\/\/akdenizolaygazetesi.com\/index.php?rest_route=\/wp\/v2\/posts\/7940\/revisions"}],"wp:attachment":[{"href":"https:\/\/akdenizolaygazetesi.com\/index.php?rest_route=%2Fwp%2Fv2%2Fmedia&parent=7940"}],"wp:term":[{"taxonomy":"category","embeddable":true,"href":"https:\/\/akdenizolaygazetesi.com\/index.php?rest_route=%2Fwp%2Fv2%2Fcategories&post=7940"},{"taxonomy":"post_tag","embeddable":true,"href":"https:\/\/akdenizolaygazetesi.com\/index.php?rest_route=%2Fwp%2Fv2%2Ftags&post=7940"}],"curies":[{"name":"wp","href":"https:\/\/api.w.org\/{rel}","templated":true}]}}