{"id":7951,"date":"2020-11-04T18:28:24","date_gmt":"2020-11-04T15:28:24","guid":{"rendered":"http:\/\/mersinekonomipolitikagazetesi.com\/?p=7951"},"modified":"2020-11-04T18:28:24","modified_gmt":"2020-11-04T15:28:24","slug":"evlerinizin-deprem-risk-tespitini-yaptirin","status":"publish","type":"post","link":"https:\/\/akdenizolaygazetesi.com\/?p=7951","title":{"rendered":"EVLER\u0130N\u0130Z\u0130N DEPREM  R\u0130SK TESP\u0130T\u0130N\u0130 YAPTIRIN"},"content":{"rendered":"<p>\u00c7evre ve \u015eehircilik \u0130l Sa\u011fl\u0131k M\u00fcd\u00fcrl\u00fc\u011f\u00fc ile belediyelere m\u00fcracaat edip evlerinizin deprem risk tespitlerini yapt\u0131rabilirsiniz.<\/p>\n<p>Kentsel d\u00f6n\u00fc\u015f\u00fcn konusunda vatanda\u015fa \u00e7a\u011fr\u0131da bulunan \u00c7evre ve \u015eehircilik Bakan\u0131 Murat Kurum, &#8220;Bizlere, belediyelerimize m\u00fcracaat edip evlerinizin risk tespitlerini yapt\u0131r\u0131n&#8221; dedi.<br \/>\n\u00a0<br \/>\nAfet ve Acil Durum Y\u00f6netimi Ba\u015fkanl\u0131\u011f\u0131 (AFAD) taraf\u0131ndan Marmara Depremi\u2019nin 21.y\u0131l\u0131 nedeniyle d\u00fczenlenen \u201917 A\u011fustos Anma Etkinlikleri \u0130stanbul Program\u0131\u2019nda konu\u015ftu. AFAD&#8217;\u0131n, lojistik merkezleriyle hem yurt i\u00e7inde hem de yurt d\u0131\u015f\u0131nda t\u00fcm afetlere ve krizlere en h\u0131zl\u0131 ve etkin \u015fekilde m\u00fcdahaleyi ger\u00e7ekle\u015ftirdi\u011fini, ya\u015fanan t\u00fcm felaketlerde ihtiya\u00e7 sahiplerinin yard\u0131m\u0131na ko\u015farak sorumlulu\u011funu ba\u015far\u0131l\u0131 bir \u015fekilde y\u00fcr\u00fctt\u00fc\u011f\u00fcn\u00fc belirten Kurum, &#8220;Sene ba\u015f\u0131nda ya\u015fad\u0131\u011f\u0131m\u0131z Elaz\u0131\u011f ve Malatya depremlerinde, medeniyetimizin dayan\u0131\u015fma ve yard\u0131mla\u015fma k\u00fclt\u00fcr\u00fcn\u00fcn en g\u00fczel \u00f6rne\u011fini t\u00fcm T\u00fcrkiye&#8217;ye ve d\u00fcnyaya g\u00f6sterdik. Say\u0131n Cumhurba\u015fkan\u0131m\u0131z\u0131n talimatlar\u0131yla, t\u00fcm bakanl\u0131klar\u0131m\u0131z, \u0130\u00e7i\u015fleri Bakanl\u0131\u011f\u0131m\u0131z, Sa\u011fl\u0131k Bakanl\u0131\u011f\u0131m\u0131z, \u00c7evre ve \u015eehircilik Bakanl\u0131\u011f\u0131m\u0131z, AFAD&#8217;\u0131m\u0131z, sivil toplum kurulu\u015flar\u0131m\u0131z, K\u0131z\u0131lay\u0131m\u0131z, UMKE&#8217;miz t\u00fcm milletimizle beraber Elaz\u0131\u011f ve Malatya&#8217;da seferber olduk&#8221; dedi.<br \/>\n\u00a0<br \/>\n\u2018\u2019Riskli alanlar\u0131 ve yap\u0131lar\u0131 tespit ederek afetlere dayan\u0131kl\u0131 konutlar \u00fcretmeye devam ediyoruz\u2019\u2019<br \/>\n\u00a0<br \/>\n2012 y\u0131l\u0131nda \u0130stanbul\u2019dan ba\u015flayan d\u00f6n\u00fc\u015f\u00fcmle, &#8216;T\u00fcrkiye&#8217;nin Her Yerinde Kentsel D\u00f6n\u00fc\u015f\u00fcm&#8217; hedefiyle h\u0131zl\u0131, g\u00f6n\u00fcll\u00fc prensipleriyle, vatanda\u015f\u0131n r\u0131zas\u0131n\u0131 alarak riskli alanlar\u0131 ve yap\u0131lar\u0131 tespit ederek afetlere dayan\u0131kl\u0131 konutlar \u00fcretmeye devam ettiklerini anlatan Kurum, &#8221; 2012 y\u0131l\u0131ndan bug\u00fcne t\u00fcm T\u00fcrkiye&#8217;de 1 milyon 410 bin konutun d\u00f6n\u00fc\u015f\u00fcm\u00fcn\u00fc ger\u00e7ekle\u015ftirdik. Zeytinburnu, Ka\u011f\u0131thane ve Okmeydan\u0131&#8217;nda 2 bin 63 konut ve i\u015fyerinin temellerini att\u0131k.. Esenler&#8217;de 60 bin konutluk \u00e7ok \u00f6rnek bir proje y\u00fcr\u00fct\u00fcyoruz. \u0130stanbul&#8217;da ne kadar riskli bina varsa bu riskli binalar\u0131 d\u00f6n\u00fc\u015ft\u00fcrmeye y\u00f6nelik \u00e7al\u0131\u015fmalar\u0131m\u0131z\u0131 kararl\u0131 bir \u015fekilde y\u00fcr\u00fct\u00fcyor, eskiyen evleri, riskli yap\u0131lar\u0131 yeniliyor; \u00e7evreye duyarl\u0131, bir kimli\u011fi olan, medeniyetimizi, k\u00fclt\u00fcr\u00fcm\u00fcz\u00fc yans\u0131tacak sa\u011flam, g\u00fcvenli yap\u0131larla birlikte k\u00fclt\u00fcrel de\u011ferleri ya\u015fatan \u015fehirler in\u015fa etmeye gayret g\u00f6steriyoruz. 5 y\u0131l i\u00e7erisinde \u0130stanbul&#8217;da hedef koyduk. Dedik ki T\u00fcrkiye&#8217;de acil \u00f6ncelikli d\u00f6n\u00fc\u015ft\u00fcr\u00fclmesi gereken 1.5 milyon konut var. 300 bini \u0130stanbul&#8217;da olmak \u00fczere 5 y\u0131l i\u00e7inde bu konutlar\u0131n d\u00f6n\u00fc\u015f\u00fcm\u00fcn\u00fc sa\u011flayaca\u011f\u0131z. 81 ilimizde bu \u00e7al\u0131\u015fmalar\u0131m\u0131z\u0131 kararl\u0131 bir \u015fekilde y\u00fcr\u00fctece\u011fiz. Her y\u0131l bu 300 bin konutun yakla\u015f\u0131k y\u00fczde 20&#8217;sini bakanl\u0131\u011f\u0131m\u0131z eliyle yap\u0131yoruz. Kalan k\u0131sm\u0131n\u0131 belediyelerimizle, vatanda\u015f\u0131m\u0131zla, \u00f6zel sekt\u00f6r\u00fcm\u00fczle birlikte geli\u015ftirerek acil \u00f6ncelikli dedi\u011fimiz konutlar\u0131n d\u00f6n\u00fc\u015f\u00fcm\u00fcn\u00fc sa\u011flam\u0131\u015f olaca\u011f\u0131z.&#8221; dedi.<br \/>\n\u00a0<br \/>\n\u2018\u2019Millet bah\u00e7elerimizin her biri ayn\u0131 zamanda birer toplanma alan\u0131d\u0131r \u2018\u2019<\/p>\n<p>Depreme Haz\u0131rl\u0131k noktas\u0131nda millet bah\u00e7eleri projelerini \u00f6nemsediklerini belirten Kurum, &#8220;81 ilde 81 milyon metrekare hedefiyle yola \u00e7\u0131kt\u0131k.. \u015eu an devam eden 224 tane projemiz var. Millet bah\u00e7elerimizin her biri ayn\u0131 zamanda birer toplanma alan\u0131d\u0131r. \u0130stanbul\u2019umuzun her il\u00e7esinde en az bir tane millet bah\u00e7esi projemiz var. Olas\u0131 depremlerde millet bah\u00e7elerimizde afete ili\u015fkin alt yap\u0131y\u0131 da haz\u0131rlamaya gayret g\u00f6steriyoruz. \u0130stanbul&#8217;da 15 milyon 200 bin metrekarelik alanda millet bah\u00e7elerimiz, ya\u015fanacak olas\u0131 bir depremde \u0130stanbul\u2019umuz i\u00e7in de toplanma vazifesi g\u00f6recektir&#8221; diye konu\u015ftu.\u00a0<\/p>\n<p>&#8216;Evlerinizin risk tespitlerini yapt\u0131r\u0131n&#8217; \u00e7a\u011fr\u0131s\u0131\u00a0<\/p>\n<p>Vatanda\u015flar\u0131nda evlerin risk tespiti yapt\u0131rmas\u0131n\u0131 belirten Kurum,\u2018\u2019Bizlere, belediyelerimize m\u00fcracaat edip evlerinizin risk tespitlerini yapt\u0131r\u0131n. Devlet millet i\u015fbirli\u011fi ile deprem d\u00f6n\u00fc\u015f\u00fcm\u00fcn\u00fc hep birlikte ger\u00e7ekle\u015ftirelim. Bu ac\u0131lar\u0131 bir daha ya\u015famayal\u0131m. Bunu \u00e7ocuklar\u0131m\u0131z i\u00e7in yavrular\u0131m\u0131z\u0131n gelece\u011fi i\u00e7in bir an \u00f6nce yapt\u0131ral\u0131m. Biz enkaz alt\u0131nda can aramak istemiyoruz, o y\u00fczden bu konuyu \u00e7ok \u00f6nemsiyoruz. Siyaset \u00fcst\u00fc bir mesele olarak g\u00f6r\u00fcyoruz. Bize ula\u015fan, bizden risk tespiti isteyen t\u00fcm vatanda\u015flar\u0131m\u0131za ayn\u0131 \u015fartlarda yard\u0131m elimizi uzataca\u011f\u0131z. Bakanl\u0131k olarak ilgili kurumlar\u0131m\u0131zla birlikte her t\u00fcrl\u00fc projeyi ger\u00e7ekle\u015ftirece\u011fiz&#8221; diye s\u00f6yledi.<br \/>\n\u00a0<\/p>\n","protected":false},"excerpt":{"rendered":"<p>\u00c7evre ve \u015eehircilik \u0130l Sa\u011fl\u0131k M\u00fcd\u00fcrl\u00fc\u011f\u00fc ile belediyelere m\u00fcracaat edip evlerinizin deprem risk tespitlerini yapt\u0131rabilirsiniz. Kentsel d\u00f6n\u00fc\u015f\u00fcn konusunda vatanda\u015fa \u00e7a\u011fr\u0131da bulunan \u00c7evre ve \u015eehircilik Bakan\u0131 Murat Kurum, &#8220;Bizlere, belediyelerimize m\u00fcracaat &hellip; <a href=\"https:\/\/akdenizolaygazetesi.com\/?p=7951\" class=\"more-link\">Devam\u0131n\u0131 Oku&#8230;<\/a><\/p>\n","protected":false},"author":1,"featured_media":0,"comment_status":"open","ping_status":"open","sticky":false,"template":"","format":"standard","meta":[],"categories":[],"tags":[],"_links":{"self":[{"href":"https:\/\/akdenizolaygazetesi.com\/index.php?rest_route=\/wp\/v2\/posts\/7951"}],"collection":[{"href":"https:\/\/akdenizolaygazetesi.com\/index.php?rest_route=\/wp\/v2\/posts"}],"about":[{"href":"https:\/\/akdenizolaygazetesi.com\/index.php?rest_route=\/wp\/v2\/types\/post"}],"author":[{"embeddable":true,"href":"https:\/\/akdenizolaygazetesi.com\/index.php?rest_route=\/wp\/v2\/users\/1"}],"replies":[{"embeddable":true,"href":"https:\/\/akdenizolaygazetesi.com\/index.php?rest_route=%2Fwp%2Fv2%2Fcomments&post=7951"}],"version-history":[{"count":0,"href":"https:\/\/akdenizolaygazetesi.com\/index.php?rest_route=\/wp\/v2\/posts\/7951\/revisions"}],"wp:attachment":[{"href":"https:\/\/akdenizolaygazetesi.com\/index.php?rest_route=%2Fwp%2Fv2%2Fmedia&parent=7951"}],"wp:term":[{"taxonomy":"category","embeddable":true,"href":"https:\/\/akdenizolaygazetesi.com\/index.php?rest_route=%2Fwp%2Fv2%2Fcategories&post=7951"},{"taxonomy":"post_tag","embeddable":true,"href":"https:\/\/akdenizolaygazetesi.com\/index.php?rest_route=%2Fwp%2Fv2%2Ftags&post=7951"}],"curies":[{"name":"wp","href":"https:\/\/api.w.org\/{rel}","templated":true}]}}