{"id":7953,"date":"2020-11-04T18:28:24","date_gmt":"2020-11-04T15:28:24","guid":{"rendered":"http:\/\/mersinekonomipolitikagazetesi.com\/?p=7953"},"modified":"2020-11-04T18:28:24","modified_gmt":"2020-11-04T15:28:24","slug":"kocamazdan-buyuksehire-agir-suclamalar-ne-sureniz-ne-omrunuz-yeter","status":"publish","type":"post","link":"https:\/\/akdenizolaygazetesi.com\/?p=7953","title":{"rendered":"KOCAMAZ\u2019DAN B\u00dcY\u00dcK\u015eEH\u0130R\u2019E  A\u011eIR SU\u00c7LAMALAR! NE S\u00dcREN\u0130Z NE \u00d6MR\u00dcN\u00dcZ YETER..!"},"content":{"rendered":"<p>Kocamaz: \u201cYalanc\u0131n\u0131n mumu yats\u0131ya kadar yanarm\u0131\u015f! Sizin yalan ve iftiralar\u0131n\u0131z b\u0131rak\u0131n yats\u0131y\u0131, ikindiye bile kalm\u0131yor. L\u00fctfen vatanda\u015f\u0131n beklentilerine hizmetlerinizle cevap veriniz.\u201d<\/p>\n<p>Mersin B\u00fcy\u00fck\u015fehir Belediyesi eski Ba\u015fkan\u0131 Burhanettin Kocamaz yeni y\u00f6netimi sosyal medyadaki payla\u015f\u0131m\u0131nda ele\u015ftiri ya\u011fmuruna tuttu. Eski Ba\u015fkan Burhanettin Kocamaz sosyal medyada yapt\u0131\u011f\u0131 payla\u015f\u0131mda, \u201cMersin\u2019e yapt\u0131\u011f\u0131m\u0131z hizmetlerin t\u00fcm\u00fcn\u00fc ortadan kald\u0131rmaya ne s\u00fcreniz yeter, ne de \u00f6mr\u00fcn\u00fcz.\u2019\u2019 dedi.<br \/>\n\u00a0<br \/>\nEski Mersin B\u00fcy\u00fck\u015fehir Belediye Ba\u015fkan\u0131 Burhanettin Kocamaz, 1 bu\u00e7uk y\u0131ld\u0131r y\u00f6netimde olan Mersin B\u00fcy\u00fck\u015fehir Belediye Ba\u015fkan\u0131 Vahap Se\u00e7er\u2019i \u00a0ve beraberindeki meclis \u00fcyelerini ele\u015ftirdi.<br \/>\nKocamaz yapt\u0131\u011f\u0131 payla\u015f\u0131mda, \u201cSon B\u00fcy\u00fck\u015fehir Meclisi\u2019nde Adnan Menderes Bulvar\u0131 \u00fczerindeki gen\u00e7lere y\u00f6nelik yap\u0131lan parkta bulunan paten pistini kald\u0131rma karar\u0131 al\u0131nm\u0131\u015f. Bu karar\u0131n al\u0131nmas\u0131nda etkili olan meclis \u00fcyelerinin, ald\u0131klar\u0131 kararla ilgili o pisti gidip de yerinde incelediklerini sanm\u0131yorum. Zira mecliste yapt\u0131klar\u0131 konu\u015fmalarda bu projenin Mersin i\u00e7in uygun olmad\u0131\u011f\u0131n\u0131 s\u00f6ylediler. Galiba bu arkada\u015flar orada a\u00e7\u0131k mekanda buz olu\u015fturulamayaca\u011f\u0131n\u0131 d\u00fc\u015f\u00fcn\u00fcyor! Oysa oras\u0131 suni pist. Orada bir tek eksik var. Bizim planlay\u0131p da yapmaya f\u0131rsat bulamad\u0131\u011f\u0131m\u0131z, gen\u00e7lerin g\u00fcne\u015ften etkilenmemesi ve g\u00fcn\u00fcn her saatinde kullanabilmesi i\u00e7in yap\u0131lmas\u0131 gereken bir g\u00f6lgelik ya da \u00e7ad\u0131r. Beyler, O s\u00f6z\u00fcn\u00fc etti\u011finiz pist park\u0131n b\u00fct\u00fcnl\u00fc\u011f\u00fc i\u00e7erisinde projeye uygun olarak yap\u0131ld\u0131. S\u0131rf ge\u00e7mi\u015f d\u00f6nemde yap\u0131ld\u0131 diyerek, belli bedeller \u00f6denerek yap\u0131lm\u0131\u015f bu t\u00fcr eserleri ortadan kald\u0131rarak bir yere varamazs\u0131n\u0131z! Bu t\u00fcr yakla\u015f\u0131mlarla yap\u0131lm\u0131\u015f hizmetlerin t\u00fcm\u00fcn\u00fc ortadan kald\u0131rmaya da kalan s\u00fcreniz yetmez!\u2019\u2019 dedi.<\/p>\n<p>\u201cTek yapm\u0131\u015f oldu\u011funuz i\u015f bizim d\u00f6nemimizde yap\u0131lan eserlerin \u00fczerine gayri yasal logo ile isminizi yazman\u0131z!\u2019\u2019<\/p>\n<p>Mersinlilerin Belediye Meclisi\u2019nden ve Ba\u015fkan\u2019dan hizmet beklediklerinin alt\u0131n\u0131 \u00e7izen Kocamaz, \u201cNeredeyse 1,5 y\u0131l ge\u00e7ti. Hen\u00fcz ortada herhangi bir eseriniz yok.<br \/>\nSadece ge\u00e7mi\u015fi ele\u015ftirerek ve bor\u00e7 bor\u00e7 diyerek, yap\u0131lm\u0131\u015f hizmetleri k\u00f6t\u00fcleyerek nereye kadar gideceksiniz? Kald\u0131 ki defalarca a\u00e7\u0131klad\u0131k. Vatanda\u015flar\u0131m\u0131z s\u00f6ylediklerimizi anlad\u0131 ama sizler anlamamakta hala \u0131srar ediyorsunuz. Bir kere daha s\u00f6yl\u00fcyorum. Bizim devrald\u0131\u011f\u0131m\u0131z dolar baz\u0131nda ki bor\u00e7, Size devretti\u011fimiz bor\u00e7tan bu kadar hizmet \u00fcretilmesine ra\u011fmen \u00e7ok daha fazla idi. Tek yapm\u0131\u015f oldu\u011funuz i\u015f, bizim d\u00f6nemimizde yap\u0131lan eserlerin \u00fczerine hen\u00fcz Meclis karar\u0131 dahi al\u0131nmam\u0131\u015f, gayri yasal logo ile isminizi yazman\u0131z.\u2019\u2019 diye konu\u015ftu.<br \/>\n\u00a0<br \/>\n\u2018\u2019Mersin liyakats\u0131z kadrolar elinde\u2019\u2019<\/p>\n<p>Kocamaz sosyal medya payla\u015f\u0131m\u0131nda ayr\u0131ca, \u201cL\u00fctfen g\u00f6revinizi yap\u0131n\u0131z. Vatanda\u015f\u0131 Kurban Bayram\u0131\u2019nda g\u00fcnlerce susuz b\u0131rakt\u0131n\u0131z. \u0130\u015fin i\u00e7inden \u00e7\u0131kamay\u0131nca bizi su\u00e7lad\u0131n\u0131z. Bizim 5 y\u0131l boyunca yatt\u0131\u011f\u0131m\u0131z\u0131 s\u00f6ylediniz. Yaz\u0131kt\u0131r. G\u00fcnaht\u0131r. Bu ifadeleri kullanan ki\u015fi her kim olursa olsun ger\u00e7ekleri ve o b\u00f6lgede ya da Mersin genelindeki yap\u0131lan \u00e7al\u0131\u015fmalar\u0131 g\u00f6rd\u00fckten sonra vicdanen rahat olamaz. Anlad\u0131\u011f\u0131m kadar\u0131yla Mersin liyakats\u0131z kadrolar elinde. O liyakatsiz kadrolar da Vahap Ba\u015fkan\u2019a yanl\u0131\u015f ya da eksik bilgiler veriyor.\u2019\u2019 ifadelerini kulland\u0131.<br \/>\n\u00a0<br \/>\n\u201cBiz su\u00e7luysak MESK\u0130 Genel M\u00fcd\u00fcr\u00fc\u2019n\u00fc neden g\u00f6revden ald\u0131n\u0131z?\u2019\u2019<\/p>\n<p>Ge\u00e7mi\u015f d\u00f6neme ait b\u00fct\u00fcn belgelerin B\u00fcy\u00fck\u015fehirde bulundu\u011funu belirten Kocamaz, \u201cBizim sizin susuz b\u0131rakt\u0131\u011f\u0131n\u0131z yerlere 5 y\u0131lda hangi hizmetleri g\u00f6t\u00fcrd\u00fc\u011f\u00fcm\u00fcz elinizin alt\u0131ndaki kay\u0131tlarda var. Bizim d\u00f6nemde o susuz b\u0131rakt\u0131\u011f\u0131n\u0131z b\u00f6lgelerde hangi iyile\u015ftirmeleri yapt\u0131\u011f\u0131m\u0131z\u0131 halk\u0131m\u0131z gayet iyi biliyor. Ayvagedi\u011fi\u2019ndeki mebranl\u0131 havuzda su tutmay\u0131p, g\u00fcne\u015fin alt\u0131nda b\u0131rakarak lime lime ederseniz elbette o havuzda su tutamaz, vatanda\u015f\u0131m\u0131za da bayramda su veremezsiniz. Peki biz su\u00e7lu idiysek MESK\u0130 Genel M\u00fcd\u00fcr\u00fcn\u00fc neden g\u00f6revden ald\u0131n\u0131z? Yalanc\u0131n\u0131n mumu yats\u0131ya kadar yanarm\u0131\u015f! Sizin yalan ve iftiralar\u0131n\u0131z b\u0131rak\u0131n yats\u0131y\u0131, ikindiye bile kalm\u0131yor. L\u00fctfen vatanda\u015f\u0131n beklentilerine hizmetlerinizle cevap veriniz. Mersin\u2019in yeniden y\u0131llar\u0131n\u0131 kaybetmesine izin vermeyiniz. Mersin hepimizin. Mersin\u2019in derdi hepimizin derdi.\u201d dedi.<\/p>\n","protected":false},"excerpt":{"rendered":"<p>Kocamaz: \u201cYalanc\u0131n\u0131n mumu yats\u0131ya kadar yanarm\u0131\u015f! Sizin yalan ve iftiralar\u0131n\u0131z b\u0131rak\u0131n yats\u0131y\u0131, ikindiye bile kalm\u0131yor. L\u00fctfen vatanda\u015f\u0131n beklentilerine hizmetlerinizle cevap veriniz.\u201d Mersin B\u00fcy\u00fck\u015fehir Belediyesi eski Ba\u015fkan\u0131 Burhanettin Kocamaz yeni y\u00f6netimi &hellip; <a href=\"https:\/\/akdenizolaygazetesi.com\/?p=7953\" class=\"more-link\">Devam\u0131n\u0131 Oku&#8230;<\/a><\/p>\n","protected":false},"author":1,"featured_media":0,"comment_status":"open","ping_status":"open","sticky":false,"template":"","format":"standard","meta":[],"categories":[],"tags":[],"_links":{"self":[{"href":"https:\/\/akdenizolaygazetesi.com\/index.php?rest_route=\/wp\/v2\/posts\/7953"}],"collection":[{"href":"https:\/\/akdenizolaygazetesi.com\/index.php?rest_route=\/wp\/v2\/posts"}],"about":[{"href":"https:\/\/akdenizolaygazetesi.com\/index.php?rest_route=\/wp\/v2\/types\/post"}],"author":[{"embeddable":true,"href":"https:\/\/akdenizolaygazetesi.com\/index.php?rest_route=\/wp\/v2\/users\/1"}],"replies":[{"embeddable":true,"href":"https:\/\/akdenizolaygazetesi.com\/index.php?rest_route=%2Fwp%2Fv2%2Fcomments&post=7953"}],"version-history":[{"count":0,"href":"https:\/\/akdenizolaygazetesi.com\/index.php?rest_route=\/wp\/v2\/posts\/7953\/revisions"}],"wp:attachment":[{"href":"https:\/\/akdenizolaygazetesi.com\/index.php?rest_route=%2Fwp%2Fv2%2Fmedia&parent=7953"}],"wp:term":[{"taxonomy":"category","embeddable":true,"href":"https:\/\/akdenizolaygazetesi.com\/index.php?rest_route=%2Fwp%2Fv2%2Fcategories&post=7953"},{"taxonomy":"post_tag","embeddable":true,"href":"https:\/\/akdenizolaygazetesi.com\/index.php?rest_route=%2Fwp%2Fv2%2Ftags&post=7953"}],"curies":[{"name":"wp","href":"https:\/\/api.w.org\/{rel}","templated":true}]}}