{"id":7956,"date":"2020-11-04T18:28:24","date_gmt":"2020-11-04T15:28:24","guid":{"rendered":"http:\/\/mersinekonomipolitikagazetesi.com\/?p=7956"},"modified":"2020-11-04T18:28:24","modified_gmt":"2020-11-04T15:28:24","slug":"engelli-bireyler-tarsus-genclik-kampinda-mutlu-anlar-yasadi","status":"publish","type":"post","link":"https:\/\/akdenizolaygazetesi.com\/?p=7956","title":{"rendered":"Engelli bireyler, Tarsus Gen\u00e7lik Kamp\u0131\u2019nda mutlu anlar ya\u015fad\u0131"},"content":{"rendered":"<p><span style=\"line-height: 1.6em;\">Mersin B\u00fcy\u00fck\u015fehir Belediyesi, pandemi nedeniyle fazla d\u0131\u015far\u0131ya \u00e7\u0131kamayan zihinsel ve i\u015fitme engelli bireyleri Tarsus Gen\u00e7lik Kamp\u0131\u2019nda a\u011f\u0131rlad\u0131. Ayr\u0131 gruplar halinde kampta misafir edilen \u00f6zel gereksinimli bireyler, mutlu anlar ya\u015fad\u0131.\u00a0<\/span><\/p>\n<p>B\u00fcy\u00fck\u015fehir Belediyesi Engelliler ve Sa\u011fl\u0131k Hizmetleri Daire Ba\u015fkanl\u0131\u011f\u0131\u2019na ba\u011fl\u0131 Engelliler \u015eube M\u00fcd\u00fcrl\u00fc\u011f\u00fc b\u00fcnyesinde faaliyet g\u00f6steren Engelsiz Ya\u015fam Merkezi hizmetlerinden faydalanan zihinsel ve i\u015fitme engelli bireyler, B\u00fcy\u00fck\u015fehir Belediyesi Gen\u00e7lik Kamp\u0131\u2019n\u0131n bungalov evlerinde kal\u0131p, birlikte e\u011flenmenin mutlulu\u011funu ya\u015fad\u0131. Gen\u00e7lik Kamp\u0131\u2019na refakat\u00e7ileriyle ve B\u00fcy\u00fck\u015fehir Belediyesi e\u011fitmenleriyle birlikte ilk \u00f6nce 9 zihinsel engelli birey g\u00f6t\u00fcr\u00fcld\u00fc. Zihinsel engelli bireylerin bir gece kampta a\u011f\u0131rlanmas\u0131n\u0131n ard\u0131ndan i\u015fitme engelli 13 birey Gen\u00e7lik Kamp\u0131\u2019n\u0131n misafiri oldu. Onlar da kampta bir gece kalarak g\u00fczel anlar ya\u015fad\u0131.\u00a0<\/p>\n<p>Hijyen kurallar\u0131na azami \u00f6zen g\u00f6sterildi\u00a0<br \/>\nHijyen kurallar\u0131na azami \u00f6zen g\u00f6sterilerek ger\u00e7ekle\u015ftirilen etkinlik kapsam\u0131nda zihinsel ve i\u015fitme engelli bireyler toplu ta\u015f\u0131ma arac\u0131yla \u00f6nce Tarsus Do\u011fa Park\u0131\u2019na giderek buradaki hayvanlar\u0131 g\u00f6rme f\u0131rsat\u0131 buldu. Ard\u0131ndan Gen\u00e7lik Kamp\u0131\u2019nda kendilerine \u00f6zel haz\u0131rlanan program dahilinde el sanatlar\u0131 e\u011fitimi, kek yapma, survivor etkinli\u011fi, \u00e7uval-halat \u00e7ekme yar\u0131\u015fmas\u0131, sabah sporu, m\u00fczik dinletisi ger\u00e7ekle\u015ftirildi. Engellilerin en \u00e7ok ho\u015flar\u0131na giden etkinlik ise kano oldu.\u00a0<br \/>\n\u00d6zel e\u011fitim \u00f6\u011fretmeni ve ayn\u0131 zamanda \u00f6zel bir \u00e7ocu\u011fa sahip olan Mesut Y\u0131lmaz, \u201cEngelsiz Ya\u015fam Merkezi\u2019ndeki arkada\u015flara ilgilerinden dolay\u0131 te\u015fekk\u00fcr ediyorum. Ben de \u00f6zel e\u011fitimciyim ve ayn\u0131 zamanda \u00f6zel bir \u00e7ocu\u011fa sahibim. Buradaki kamp\u0131 be\u011fendik, \u00e7ocuklar\u0131m\u0131z i\u00e7in farkl\u0131 bir etkinlik oldu. Pandemiden dolay\u0131 sosyalle\u015fme konusunda s\u0131k\u0131nt\u0131 ya\u015fayan \u00e7ocuklar\u0131m\u0131z i\u00e7in bu etkinlik \u00e7ok g\u00fczel, t\u00fcm yetkililere te\u015fekk\u00fcr ediyorum\u201d dedi.\u00a0<br \/>\nEngelli bir k\u0131z \u00e7ocu\u011funa sahip olan Azize Sevgen de, \u201cDo\u011fa Park\u0131 ve Gen\u00e7lik Kamp\u0131 ger\u00e7ekten \u00e7ok g\u00fczel. K\u0131z\u0131m \u00f6nce kanoya binmek istemedi, \u00e7ekindi. Ard\u0131ndan binince \u00e7ok mutlu oldu ve inmek istemedi. Ger\u00e7ekten g\u00fczel bir etkinlik oldu, \u00e7ok \u00e7ok te\u015fekk\u00fcrler\u201d diye konu\u015ftu.\u00a0<br \/>\n\u0130\u015fitme engeli bireylerden Zeynep S\u00fcmer ise i\u015faret dili terc\u00fcman\u0131 Esra Alkan\u2019\u0131n \u00e7evirisiyle, kamp\u0131 de\u011ferlendirdi. Kampta bulunmaktan dolay\u0131 sevin\u00e7li oldu\u011funu kaydeden S\u00fcmer, \u201cDo\u011fa Park\u0131\u2019nda hayvanlar\u0131 g\u00f6rd\u00fck. Ard\u0131ndan Gen\u00e7lik Kamp\u0131\u2019na gelerek yemek yedik. Arkada\u015flar\u0131mla birlikte kek yapmay\u0131 \u00f6\u011frendik. Buras\u0131 \u00e7ok g\u00fczel, hem personel hem de \u00f6\u011fretmenlerimiz bizlerle yak\u0131ndan ilgileniyorlar. Pozitif enerji ald\u0131m, te\u015fekk\u00fcrler\u201d dedi.\u00a0<\/p>\n","protected":false},"excerpt":{"rendered":"<p>Mersin B\u00fcy\u00fck\u015fehir Belediyesi, pandemi nedeniyle fazla d\u0131\u015far\u0131ya \u00e7\u0131kamayan zihinsel ve i\u015fitme engelli bireyleri Tarsus Gen\u00e7lik Kamp\u0131\u2019nda a\u011f\u0131rlad\u0131. Ayr\u0131 gruplar halinde kampta misafir edilen \u00f6zel gereksinimli bireyler, mutlu anlar ya\u015fad\u0131.\u00a0 B\u00fcy\u00fck\u015fehir &hellip; <a href=\"https:\/\/akdenizolaygazetesi.com\/?p=7956\" class=\"more-link\">Devam\u0131n\u0131 Oku&#8230;<\/a><\/p>\n","protected":false},"author":1,"featured_media":0,"comment_status":"open","ping_status":"open","sticky":false,"template":"","format":"standard","meta":[],"categories":[],"tags":[],"_links":{"self":[{"href":"https:\/\/akdenizolaygazetesi.com\/index.php?rest_route=\/wp\/v2\/posts\/7956"}],"collection":[{"href":"https:\/\/akdenizolaygazetesi.com\/index.php?rest_route=\/wp\/v2\/posts"}],"about":[{"href":"https:\/\/akdenizolaygazetesi.com\/index.php?rest_route=\/wp\/v2\/types\/post"}],"author":[{"embeddable":true,"href":"https:\/\/akdenizolaygazetesi.com\/index.php?rest_route=\/wp\/v2\/users\/1"}],"replies":[{"embeddable":true,"href":"https:\/\/akdenizolaygazetesi.com\/index.php?rest_route=%2Fwp%2Fv2%2Fcomments&post=7956"}],"version-history":[{"count":0,"href":"https:\/\/akdenizolaygazetesi.com\/index.php?rest_route=\/wp\/v2\/posts\/7956\/revisions"}],"wp:attachment":[{"href":"https:\/\/akdenizolaygazetesi.com\/index.php?rest_route=%2Fwp%2Fv2%2Fmedia&parent=7956"}],"wp:term":[{"taxonomy":"category","embeddable":true,"href":"https:\/\/akdenizolaygazetesi.com\/index.php?rest_route=%2Fwp%2Fv2%2Fcategories&post=7956"},{"taxonomy":"post_tag","embeddable":true,"href":"https:\/\/akdenizolaygazetesi.com\/index.php?rest_route=%2Fwp%2Fv2%2Ftags&post=7956"}],"curies":[{"name":"wp","href":"https:\/\/api.w.org\/{rel}","templated":true}]}}