{"id":7957,"date":"2020-11-04T18:28:24","date_gmt":"2020-11-04T15:28:24","guid":{"rendered":"http:\/\/mersinekonomipolitikagazetesi.com\/?p=7957"},"modified":"2020-11-04T18:28:24","modified_gmt":"2020-11-04T15:28:24","slug":"odtu-deniz-bilimleri-enstitusu-sahilinde-yavru-rekoru-bekleniyor","status":"publish","type":"post","link":"https:\/\/akdenizolaygazetesi.com\/?p=7957","title":{"rendered":"ODT\u00dc Deniz Bilimleri Enstit\u00fcs\u00fc sahilinde yavru rekoru bekleniyor"},"content":{"rendered":"<p><span style=\"line-height: 1.6em;\">Orta Do\u011fu Teknik \u00dcniversitesi (ODT\u00dc) Erdemli Deniz Bilimleri Enstit\u00fcs\u00fc sahilinde deniz kaplumba\u011falar\u0131 yuvalar\u0131ndan \u00e7\u0131kan yavru say\u0131s\u0131n\u0131n rekor seviyede ger\u00e7ekle\u015fmesi bekleniyor.\u00a0<\/span><\/p>\n<p>ODT\u00dc Erdemli Deniz Bilimleri Enstit\u00fcs\u00fc \u00d6\u011fretim \u00dcyesi Prof. Dr. Ahmet K\u0131dey\u015f, bu y\u0131l kaplumba\u011fa \u00e7\u0131k\u0131\u015f\u0131 say\u0131s\u0131nda rekor bir y\u0131l olaca\u011f\u0131n\u0131 ifade ederek, enstit\u00fcn\u00fcn 1 kilometrelik sahilinde 30&#8217;dan fazla ger\u00e7ek yuvan\u0131n bulundu\u011funu, bunlardan da yakla\u015f\u0131k 2 bin ila 3 bin yavrunun \u00e7\u0131kmas\u0131n\u0131 beklediklerini s\u00f6yledi.\u00a0<br \/>\nMersin&#8217;in Erdemli il\u00e7esindeki ODT\u00dc Erdemli Deniz Bilimleri Enstit\u00fcs\u00fc&#8217;n\u00fcn \u00f6zel bir sahile sahip oldu\u011funu belirten K\u0131dey\u015f, T\u00fcrkiye&#8217;de deniz kaplumba\u011falar\u0131 i\u00e7in 21 resmi koruma alan\u0131 bulundu\u011funu, enstit\u00fc sahili ile Davultepe sahilin 22. resmi koruma alan\u0131 olarak bakanl\u0131\u011fa sunuldu\u011funu dile getirdi.\u00a0<br \/>\nK\u0131dey\u015f, &#8220;Sahilimiz \u00f6zel \u00e7\u00fcnk\u00fc do\u011frudan deniz bilimleri enstit\u00fcs\u00fcn\u00fcn \u00e7al\u0131\u015fma alan\u0131. Ayr\u0131ca enstit\u00fcn\u00fcn \u00f6n\u00fcndeki denizde 500 metrelik mesafeyi bal\u0131k\u00e7\u0131l\u0131\u011fa korumal\u0131 alan haline getirdik. T\u00fcrkiye&#8217;de hem denizin koruma alt\u0131nda oldu\u011fu, hem de kumsal\u0131n koruma alt\u0131nda oldu\u011fu bir ba\u015fka alan yok&#8221; dedi.\u00a0<\/p>\n<p>&#8220;Kaplumba\u011fa say\u0131s\u0131 a\u00e7\u0131s\u0131ndan rekor bir sene&#8221;\u00a0<br \/>\nCaretta caretta ve Chelonia mydas t\u00fcr\u00fc deniz kaplumba\u011falar\u0131n\u0131n yuva i\u00e7in enstit\u00fc sahilini tercih etti\u011fini ifade eden K\u0131dey\u015f, &#8220;\u015e\u00f6yle bir m\u00fcjdeyi de vermek isterim. Bu sene kaplumba\u011fa say\u0131s\u0131 a\u00e7\u0131s\u0131ndan rekor bir sene. 1 kilometrelik alanda 30&#8217;dan fazla ger\u00e7ek yuvam\u0131z var. Metrekareye denk getirdi\u011finizde olduk\u00e7a y\u00fcksek bir rakam. Her yuvadan da 80-100 yavrunun \u00e7\u0131kaca\u011f\u0131n\u0131 tahmin ediyoruz. 2 bin tane, 3 bin tane yavru sadece bu k\u0131sac\u0131k kumsaldan denize ula\u015facak&#8221; diye konu\u015ftu.\u00a0<\/p>\n<p>&#8220;Yuvalara yak\u0131n yerlere \u00e7ad\u0131r kurmayal\u0131m, dikkatli davranal\u0131m&#8221;\u00a0<br \/>\nKaplumba\u011fa yavrular\u0131n\u0131n \u00e7\u0131k\u0131\u015f\u0131 esnas\u0131nda bir\u00e7ok zorluklar ya\u015fad\u0131\u011f\u0131n\u0131 da hat\u0131rlatan K\u0131dey\u015f, &#8220;\u00d6zellikle \u015fimdi turizm zaman\u0131, plaj zaman\u0131. M\u00fcmk\u00fcn oldu\u011funca kumsallarda \u00e7ad\u0131rlar\u0131m\u0131z\u0131 geriye do\u011fru yapal\u0131m. Ayr\u0131ca sahilin kar\u015f\u0131 taraf\u0131nda fazla \u0131\u015f\u0131k olmamas\u0131 gerekiyor. Yavrular\u0131n \u0131\u015f\u0131\u011f\u0131n yans\u0131mas\u0131n\u0131 g\u00f6rmeleri gerekiyor ve denizi o \u015fekilde bulmalar\u0131 gerekiyor. Yoksa denizin z\u0131tl\u0131k taraf\u0131na giderek kuruyabiliyorlar. Vatanda\u015flar\u0131m\u0131z bu konuda dikkatli davranmal\u0131lar. Genelde yavrular gece \u00e7\u0131k\u0131yor, zaman zaman g\u00fcnd\u00fcz \u00e7\u0131kt\u0131klar\u0131 da oluyor. \u00c7\u0131kt\u0131klar\u0131nda ele almamak gerekiyor. B\u0131rak\u0131n kaslar\u0131n\u0131n geli\u015fmesi i\u00e7in kendi kendine hareket etsin. \u0130lk hareketini kendi kendine yaps\u0131n. Denize gitmesini sadece izlesinler&#8221; \u015feklinde konu\u015ftu.\u00a0<\/p>\n","protected":false},"excerpt":{"rendered":"<p>Orta Do\u011fu Teknik \u00dcniversitesi (ODT\u00dc) Erdemli Deniz Bilimleri Enstit\u00fcs\u00fc sahilinde deniz kaplumba\u011falar\u0131 yuvalar\u0131ndan \u00e7\u0131kan yavru say\u0131s\u0131n\u0131n rekor seviyede ger\u00e7ekle\u015fmesi bekleniyor.\u00a0 ODT\u00dc Erdemli Deniz Bilimleri Enstit\u00fcs\u00fc \u00d6\u011fretim \u00dcyesi Prof. Dr. Ahmet &hellip; <a href=\"https:\/\/akdenizolaygazetesi.com\/?p=7957\" class=\"more-link\">Devam\u0131n\u0131 Oku&#8230;<\/a><\/p>\n","protected":false},"author":1,"featured_media":0,"comment_status":"open","ping_status":"open","sticky":false,"template":"","format":"standard","meta":[],"categories":[],"tags":[],"_links":{"self":[{"href":"https:\/\/akdenizolaygazetesi.com\/index.php?rest_route=\/wp\/v2\/posts\/7957"}],"collection":[{"href":"https:\/\/akdenizolaygazetesi.com\/index.php?rest_route=\/wp\/v2\/posts"}],"about":[{"href":"https:\/\/akdenizolaygazetesi.com\/index.php?rest_route=\/wp\/v2\/types\/post"}],"author":[{"embeddable":true,"href":"https:\/\/akdenizolaygazetesi.com\/index.php?rest_route=\/wp\/v2\/users\/1"}],"replies":[{"embeddable":true,"href":"https:\/\/akdenizolaygazetesi.com\/index.php?rest_route=%2Fwp%2Fv2%2Fcomments&post=7957"}],"version-history":[{"count":0,"href":"https:\/\/akdenizolaygazetesi.com\/index.php?rest_route=\/wp\/v2\/posts\/7957\/revisions"}],"wp:attachment":[{"href":"https:\/\/akdenizolaygazetesi.com\/index.php?rest_route=%2Fwp%2Fv2%2Fmedia&parent=7957"}],"wp:term":[{"taxonomy":"category","embeddable":true,"href":"https:\/\/akdenizolaygazetesi.com\/index.php?rest_route=%2Fwp%2Fv2%2Fcategories&post=7957"},{"taxonomy":"post_tag","embeddable":true,"href":"https:\/\/akdenizolaygazetesi.com\/index.php?rest_route=%2Fwp%2Fv2%2Ftags&post=7957"}],"curies":[{"name":"wp","href":"https:\/\/api.w.org\/{rel}","templated":true}]}}