{"id":7958,"date":"2020-11-04T18:28:24","date_gmt":"2020-11-04T15:28:24","guid":{"rendered":"http:\/\/mersinekonomipolitikagazetesi.com\/?p=7958"},"modified":"2020-11-04T18:28:24","modified_gmt":"2020-11-04T15:28:24","slug":"secer-kooperatifciligi-onemsiyoruz","status":"publish","type":"post","link":"https:\/\/akdenizolaygazetesi.com\/?p=7958","title":{"rendered":"Se\u00e7er: \u201cKooperatif\u00e7ili\u011fi \u00f6nemsiyoruz\u201d"},"content":{"rendered":"<p><span style=\"line-height: 1.6em;\">Mersin B\u00fcy\u00fck\u015fehir Belediye Ba\u015fkan\u0131 Vahap Se\u00e7er, kooperatiflere \u00f6nemli destekler verdiklerini belirterek, \u201cKooperatif\u00e7ili\u011fi \u00f6nemsiyoruz. G\u00fc\u00e7 ve el birli\u011finin bir\u00e7ok engeli a\u015fmaya katk\u0131 sunaca\u011f\u0131n\u0131, kooperatifin deste\u011fiyle sa\u011flanan \u00fcretimlerin do\u011fru yerlere, do\u011fru zamanlarda, do\u011fru \u015fekilde ula\u015ft\u0131r\u0131larak pazar avantaj\u0131 sa\u011flamaya \u00f6nemli katk\u0131lar sunaca\u011f\u0131n\u0131 biliyoruz\u201d dedi.\u00a0<\/span><\/p>\n<p>Ba\u015fkan Se\u00e7er, Mut \u00dcreticileri Tar\u0131msal Kalk\u0131nma Kooperatifi Y\u00f6netim Kurulu Ba\u015fkan\u0131 Ali Osman \u00c7elik ve y\u00f6netim kurulu \u00fcyeleri ile Mut B\u00fcy\u00fck\u015fehir Belediye Meclis \u00dcyesi Salahattin Arslan\u2019\u0131 a\u011f\u0131rlad\u0131. Ba\u015fkan Se\u00e7er, \u00fcr\u00fcnleri ile hem Mersin hem de \u00fclke ekonomisine katk\u0131 sunan Mut il\u00e7esinde \u00fcretilen \u00fcr\u00fcnlerin pazarlanmas\u0131 noktas\u0131nda ya\u015fanan s\u0131k\u0131nt\u0131lar\u0131, Kooperatif Ba\u015fkan\u0131 Ali Osman \u00c7elik ve y\u00f6netim kurulu \u00fcyelerinden dinledi.\u00a0<\/p>\n<p>\u201cG\u00fc\u00e7 ve el birli\u011finin bir\u00e7ok engeli a\u015fmaya katk\u0131 sunaca\u011f\u0131n\u0131 biliyoruz\u201d\u00a0<br \/>\nKooperatif\u00e7ili\u011fin s\u00fcrd\u00fcr\u00fclebilir olmas\u0131n\u0131n \u00f6nemine de\u011finen Se\u00e7er, Mut \u00dcreticileri Tar\u0131msal Kalk\u0131nma Kooperatifine verdikleri deste\u011fin s\u00fcrece\u011fini s\u00f6yledi. Se\u00e7er, \u201cBiz kooperatif\u00e7ili\u011fi \u00f6nemsiyoruz. Belediye, belediye ba\u015fkan\u0131 ve anlay\u0131\u015f olarak destekliyoruz. Kooperatifi kurmak en kolay i\u015f. \u00c7ok rahat bir \u015fekilde kurumlar\u0131n, insanlar\u0131n, \u00fcreticilerin ve di\u011fer baz\u0131 meslek erbaplar\u0131n\u0131n deste\u011fiyle bir kooperatifi olu\u015fturabiliyorsunuz ama bunun s\u00fcrd\u00fcr\u00fclebilirli\u011fi konusunda ayn\u0131 kolayl\u0131\u011f\u0131 bulman\u0131z m\u00fcmk\u00fcn de\u011fil. Biz her zaman g\u00fc\u00e7 ve el birli\u011finin bir\u00e7ok engeli a\u015fmaya katk\u0131 sunaca\u011f\u0131n\u0131, bir\u00e7ok zoru kolayla\u015ft\u0131raca\u011f\u0131n\u0131, \u00f6zellikle \u00fcretim yaparken, \u00fcretiminizi daha modern, \u00e7a\u011fda\u015f ve etkin hale getirmeye \u00f6nemli katk\u0131lar sunabilece\u011fini, girdi temininde \u00f6nemli avantajlar sa\u011flayabilece\u011fini ve nihayetinde kooperatifin deste\u011fiyle sa\u011flanan bu \u00fcretimlerin do\u011fru yerlere, do\u011fru zamanlarda, do\u011fru \u015fekilde ula\u015ft\u0131r\u0131larak pazar avantaj\u0131 sa\u011flamaya \u00f6nemli katk\u0131lar sunaca\u011f\u0131n\u0131 biliyoruz\u201d diye konu\u015ftu.\u00a0<\/p>\n<p>\u201cEl eme\u011fi ve al\u0131n terinin ekonomik de\u011fere d\u00f6n\u00fc\u015fmesi kooperatiflerle daha iyi oluyor\u201d\u00a0<br \/>\n\u00dcr\u00fcnlerin \u00fcretiminde ve pazarlanmas\u0131nda \u00fcreticilere \u00f6nemli katk\u0131lar\u0131 olan kooperatiflerin daha etkin olmas\u0131 gerekti\u011fine inand\u0131klar\u0131n\u0131 ifade eden Se\u00e7er, \u201cEl eme\u011fi ve al\u0131n terinin ekonomik de\u011fere d\u00f6n\u00fc\u015fmesi kooperatiflerle daha iyi ve daha olumlu oluyor. Ancak bu kooperatiflerin etkin olmas\u0131 gerekiyor. Y\u00f6neticilerinin \u00f6zverili, i\u015fi, ara\u015ft\u0131rmac\u0131 olmas\u0131, insanlarla s\u00fcrekli ileti\u015fim halinde olmas\u0131 gerekiyor. Kooperatifler \u00e7ok emek gerektiren bir yap\u0131. Bunun bilinciyle hareket edilirse \u00e7ok \u00f6nemli katk\u0131lar sa\u011flanabilir\u201d \u015feklinde konu\u015ftu.\u00a0<\/p>\n<p>\u201cEldeki imkanlar\u0131 maksimum derecede etkin kullan\u0131p, bunu \u00fcretime d\u00f6n\u00fc\u015ft\u00fcrmek gerekiyor\u201d\u00a0<br \/>\nT\u00fcrkiye\u2019de kooperatif\u00e7ili\u011fin \u00f6neminin son zamanlarda \u00f6zellikle yerel y\u00f6netimin katk\u0131lar\u0131yla ve baz\u0131 yasal d\u00fczenlemelerle anla\u015f\u0131lmaya ba\u015fland\u0131\u011f\u0131n\u0131 vurgulayan Se\u00e7er, Mut gibi farkl\u0131 \u00fcr\u00fcnlerde \u00f6nemli \u00fcretim yapan bir il\u00e7e i\u00e7in kooperatif\u00e7ili\u011fin daha \u00f6nemli oldu\u011funu kaydederek, \u201cMut, \u00f6nemli bir il\u00e7emiz. \u00c7ok de\u011ferli \u00fcretim \u00e7e\u015fitleri olan, tar\u0131msal \u00fcretimde Mut ekonomisine, dolay\u0131s\u0131yla Mersin ve T\u00fcrkiye ekonomisine \u00f6nemli katk\u0131lar sunabilen bir il\u00e7emiz. \u0130kliminden toprak yap\u0131s\u0131na kadar kendine m\u00fcnhas\u0131r \u00f6zellikleri var. T\u00fcrkiye\u2019nin en de\u011ferli kay\u0131s\u0131s\u0131, zeytini ya da zeytinya\u011f\u0131, eri\u011fi, inciri son d\u00f6nemlerde farkl\u0131 birtak\u0131m \u00fcretim kalemleri orada yap\u0131labiliyorsa asl\u0131nda bu Allah\u2019\u0131n l\u00fctfu. Bunun de\u011ferini bilmek ve eldeki imkanlar\u0131 maksimum derecede etkin kullan\u0131p, bunu \u00fcretime d\u00f6n\u00fc\u015ft\u00fcrmek gerekiyor. Biz imkanlar\u0131m\u0131z\u0131 en \u00fcst seviyede kullanarak, sizlere aktarmaya gayret ediyoruz. Sizin gibi kooperatiflerin di\u011fer kooperatiflerle i\u015fbirli\u011fi halinde olmas\u0131n\u0131 arzu ederiz. Bu i\u015fimizi daha da kolayla\u015ft\u0131r\u0131r\u201d ifadelerini kulland\u0131.\u00a0<\/p>\n<p>\u201cEksiklerimizi sizlerin fikir ve destekleriyle a\u015faca\u011f\u0131z\u201d\u00a0<br \/>\nKooperatif Ba\u015fkan\u0131 \u00c7elik de desteklerinden dolay\u0131 Ba\u015fkan Se\u00e7er\u2019e te\u015fekk\u00fcr ederek, \u201cBiz Mutumuzu b\u00fcy\u00fctmek istiyoruz. Biz \u00fcretmek istiyoruz ama pazar y\u00f6n\u00fcnden baz\u0131 eksiklerimiz var. \u0130n\u015fallah bunlar\u0131 sizlerin fikirleriyle ve deste\u011fiyle a\u015faca\u011f\u0131z. Sizlere ihtiyac\u0131m\u0131z var\u201d dedi.\u00a0<br \/>\nMeclis \u00dcyesi Arslan ise \u201cKooperatifimiz \u015fu anda 550 \u00fcyeye ula\u015ft\u0131. Mut\u2019un tamam\u0131n\u0131 temsil ediyor. B\u00fct\u00fcn sivil toplum \u00f6rg\u00fctlerinin destekledi\u011fi, Mut halk\u0131n\u0131n tamam\u0131n\u0131n beklentisinin oldu\u011fu bir yap\u0131. Bu yap\u0131 olu\u015furken de sizin varl\u0131\u011f\u0131n\u0131z, deste\u011finiz, Mut halk\u0131n\u0131n tamam\u0131nda b\u00fcy\u00fck beklenti olu\u015fturdu\u201d diye konu\u015ftu.\u00a0<\/p>\n","protected":false},"excerpt":{"rendered":"<p>Mersin B\u00fcy\u00fck\u015fehir Belediye Ba\u015fkan\u0131 Vahap Se\u00e7er, kooperatiflere \u00f6nemli destekler verdiklerini belirterek, \u201cKooperatif\u00e7ili\u011fi \u00f6nemsiyoruz. G\u00fc\u00e7 ve el birli\u011finin bir\u00e7ok engeli a\u015fmaya katk\u0131 sunaca\u011f\u0131n\u0131, kooperatifin deste\u011fiyle sa\u011flanan \u00fcretimlerin do\u011fru yerlere, do\u011fru zamanlarda, &hellip; <a href=\"https:\/\/akdenizolaygazetesi.com\/?p=7958\" class=\"more-link\">Devam\u0131n\u0131 Oku&#8230;<\/a><\/p>\n","protected":false},"author":1,"featured_media":0,"comment_status":"open","ping_status":"open","sticky":false,"template":"","format":"standard","meta":[],"categories":[],"tags":[],"_links":{"self":[{"href":"https:\/\/akdenizolaygazetesi.com\/index.php?rest_route=\/wp\/v2\/posts\/7958"}],"collection":[{"href":"https:\/\/akdenizolaygazetesi.com\/index.php?rest_route=\/wp\/v2\/posts"}],"about":[{"href":"https:\/\/akdenizolaygazetesi.com\/index.php?rest_route=\/wp\/v2\/types\/post"}],"author":[{"embeddable":true,"href":"https:\/\/akdenizolaygazetesi.com\/index.php?rest_route=\/wp\/v2\/users\/1"}],"replies":[{"embeddable":true,"href":"https:\/\/akdenizolaygazetesi.com\/index.php?rest_route=%2Fwp%2Fv2%2Fcomments&post=7958"}],"version-history":[{"count":0,"href":"https:\/\/akdenizolaygazetesi.com\/index.php?rest_route=\/wp\/v2\/posts\/7958\/revisions"}],"wp:attachment":[{"href":"https:\/\/akdenizolaygazetesi.com\/index.php?rest_route=%2Fwp%2Fv2%2Fmedia&parent=7958"}],"wp:term":[{"taxonomy":"category","embeddable":true,"href":"https:\/\/akdenizolaygazetesi.com\/index.php?rest_route=%2Fwp%2Fv2%2Fcategories&post=7958"},{"taxonomy":"post_tag","embeddable":true,"href":"https:\/\/akdenizolaygazetesi.com\/index.php?rest_route=%2Fwp%2Fv2%2Ftags&post=7958"}],"curies":[{"name":"wp","href":"https:\/\/api.w.org\/{rel}","templated":true}]}}