{"id":7961,"date":"2020-11-04T18:28:24","date_gmt":"2020-11-04T15:28:24","guid":{"rendered":"http:\/\/mersinekonomipolitikagazetesi.com\/?p=7961"},"modified":"2020-11-04T18:28:24","modified_gmt":"2020-11-04T15:28:24","slug":"isitme-engellilerde-turk-kadin-basketbolcu-olarak-bu-basariyi-ilk-kez-ben-sagladim","status":"publish","type":"post","link":"https:\/\/akdenizolaygazetesi.com\/?p=7961","title":{"rendered":"&#8220;\u0130\u015fitme engellilerde T\u00fcrk kad\u0131n basketbolcu olarak bu ba\u015far\u0131y\u0131 ilk kez ben sa\u011flad\u0131m&#8221;"},"content":{"rendered":"<p>Y\u00fczde 71 i\u015fitme engelline ra\u011fmen hayalinin pe\u015finde ko\u015farak bir \u00e7ok kez say\u0131 krali\u00e7esi olan 20 ya\u015f\u0131ndaki milli basketbolcu \u00c7a\u011fla Nur Uzundurukan, yeni tak\u0131m\u0131 \u0130zmit Belediyespor\u2019a imza atarak Kad\u0131nlar Basketbol S\u00fcper Ligi\u2019ndeki ilk engelli sporcu oldu.\u00a0<br \/>\n\u0130\u015fitme Engelliler Kad\u0131n Milli Tak\u0131m\u0131\u2019n\u0131n gen\u00e7 oyuncusu \u00c7a\u011fla Nur Uzundurukan (20), engeline ra\u011fmen ba\u015far\u0131s\u0131n\u0131 herkese duyurarak 10 y\u0131ll\u0131k basketbol kariyeriyle bir\u00e7ok ulusal ve uluslararas\u0131 ba\u015far\u0131 kaydetti. Duyma sorununun kendisi i\u00e7in bir engel olmad\u0131\u011f\u0131n\u0131 basketboluyla kan\u0131tlayan Uzundurukan, 10 ya\u015f\u0131nda ba\u015flad\u0131\u011f\u0131 basketbol hayali ile olimpiyat be\u015fincili\u011fi, U20 Avrupa \u015fampiyonlu\u011fu, U21 D\u00fcnya d\u00f6rd\u00fcnc\u00fcl\u00fc\u011f\u00fc derecelerine imza att\u0131. Avrupa \u015eampiyonas\u0131\u2019nda en iyi be\u015f oyuncu aras\u0131na giren ve bir\u00e7ok kez say\u0131 krali\u00e7esi olan gen\u00e7 basketbolcu, 16 ya\u015f\u0131nda Dostlukspor A tak\u0131m\u0131na transfer oldu. Son olarak S\u00fcper Lig\u2019de oynama hayaliyle Kad\u0131nlar Basketbol S\u00fcper Ligi\u2019nin iddial\u0131 tak\u0131mlar\u0131ndan \u0130zmit Belediyespor\u2019a transfer olan gen\u00e7 oyuncu, S\u00fcper Lig\u2019de forma giyecek ilk engelli sporcu olacak. Uzundurukan, yeni tak\u0131m\u0131 ile Euroleague\u2019de yeni ba\u015far\u0131lara imza atmak i\u00e7in \u00e7al\u0131\u015fmalar\u0131n\u0131 s\u00fcrd\u00fcr\u00fcyor.\u00a0<\/p>\n<p>&#8220;Bu ba\u015far\u0131y\u0131 ilk kez ben sa\u011flad\u0131m&#8221;<br \/>\n\u00a0<br \/>\nEngelinin hayallerini ger\u00e7ekle\u015ftirmesine engel olmad\u0131\u011f\u0131n\u0131 s\u00f6yleyen \u00c7a\u011fla Nur Uzundurukan, &#8220;Benim i\u00e7in oldu\u011fu kadar i\u015fitme engelliler milli tak\u0131m\u0131 i\u00e7in de \u00e7ok g\u00fczel ba\u015far\u0131. \u0130\u015fitme engellilerde T\u00fcrk kad\u0131n basketbolcu olarak bu ba\u015far\u0131y\u0131 ilk kez ben sa\u011flad\u0131m. Bunun i\u00e7in \u00e7ok mutluyum. Ba\u015far\u0131y\u0131 devam ettirece\u011fime de inan\u0131yorum. Basketbola a\u015f\u0131\u011f\u0131m ve bu oyunun bana \u00e7ok yak\u0131\u015ft\u0131\u011f\u0131n\u0131 d\u00fc\u015f\u00fcn\u00fcyorum. \u0130yi ki \u0130zmit\u2019e gelmi\u015fim. \u0130zmit Belediyesi \u00e7ok g\u00fczel \u015fekilde haz\u0131rlan\u0131yor, sezona bomba gibi geliyoruz. Allah\u2019\u0131n izniyle Euroleague elemelerini de ge\u00e7ece\u011fiz&#8221; dedi.\u00a0<\/p>\n<p>Hayallerini ger\u00e7ekle\u015ftirmek i\u00e7in \u00e7ok \u00e7al\u0131\u015ft\u0131\u011f\u0131n\u0131 belirten 20 ya\u015f\u0131ndaki basketbolcu, &#8220;S\u00fcper Lig&#8217;e adaptasyon sorunu ya\u015fayaca\u011f\u0131m\u0131 d\u00fc\u015f\u00fcnm\u00fcyorum. \u00c7\u00fcnk\u00fc her zaman sahafa kafam haz\u0131r \u00e7\u0131kar, oyunumu oynar\u0131m. Yakla\u015f\u0131k 3 ayl\u0131k pandemi s\u00fcrecinde evde kuvvet antrenmanlar\u0131 yapt\u0131m. Gece birde bile antrenman yap\u0131yordum. 10 metrelik alanda bile ko\u015fma gere\u011fi duydum. Hi\u00e7 d\u0131\u015far\u0131 \u00e7\u0131kmad\u0131m. Etrafa g\u00fcven olmuyor. Kimin ta\u015f\u0131y\u0131c\u0131 oldu\u011funu, kimin hasta oldu\u011funu, nereden vir\u00fcs kapabilece\u011fimizi bilmiyoruz. Sa\u011fl\u0131\u011f\u0131m\u0131za ve hijyene s\u00fcrekli dikkat etmek zorundayd\u0131k, hala da zorunday\u0131z. \u0130n\u015fallah pandemiyi en k\u0131sa s\u00fcrede atlat\u0131r\u0131z&#8221; diye konu\u015ftu.\u00a0<\/p>\n<p>Kariyerinde \u00f6nemli ba\u015far\u0131lar\u0131 oldu\u011funu ifade eden milli sporcu, &#8220;10 ya\u015f\u0131nda \u0130stanbul \u00dcniversitesi\u2019nde basketbola ba\u015flad\u0131m. Ali Do\u011fan Korkmaz, Emre \u00d6zsar\u0131 ile birlikte oynad\u0131m. 3 y\u0131l orada ba\u015far\u0131lar g\u00f6rd\u00fcm. \u0130stanbul \u015fampiyonlu\u011fu, Ankara ikincili\u011fi ve Mersin be\u015fincili\u011fi ya\u015fad\u0131m. Ard\u0131ndan beni Dostlukspor istedi. Orada 6.5 sene oynad\u0131m. Performans noktas\u0131nda say\u0131 krali\u00e7esi se\u00e7ildim. \u0130lk \u00f6d\u00fcl\u00fcm\u00fc orada ald\u0131m. Sonra T\u00fcrkiye \u015eampiyonas\u0131\u2019na gittik. Yar\u0131m sezon Mersin \u00dcniversitesi maceram oldu. Orada \u00e7ok sevdi\u011fim antren\u00f6r\u00fcm Davut G\u00fcng\u00f6r ile \u00e7al\u0131\u015ft\u0131m. Buraya haz\u0131rlanmamda da o bana \u00f6nc\u00fcl\u00fck etti&#8221; \u015feklinde konu\u015ftu.\u00a0<\/p>\n<p>F\u0131rat Okul: \u00c7ok hevesli ve \u00e7al\u0131\u015fkan\u00a0<br \/>\n\u0130\u015fitme engelli milli sporcu \u00c7a\u011fla Nur Uzundurukan\u2019\u0131n transferiyle ilgili konu\u015fan \u0130zmit Belediyespor Ba\u015fantren\u00f6r\u00fc F\u0131rat Okul, &#8220;Kendisi i\u015fitme engelli. Y\u00fczdesini tam bilmiyorum ama kulland\u0131\u011f\u0131 aletler sayesinde ileti\u015fimde s\u0131k\u0131nt\u0131m\u0131z olmuyor. \u00c7ok net ileti\u015fim kuruyoruz. \u0130stanbul \u00dcniversitesi altyap\u0131s\u0131ndan tan\u0131d\u0131\u011f\u0131m bir oyuncu. Oradaki organizasyonlarda nas\u0131l canpervane i\u015fler yapt\u0131\u011f\u0131n\u0131 biliyorum. \u00c7ok hevesli, \u00e7ok iyi \u00e7al\u0131\u015f\u0131yor. Bizim i\u00e7in de \u00e7ok \u00f6zel ve de\u011ferli. Tak\u0131m arkada\u015flar\u0131n\u0131n ona yakla\u015f\u0131m\u0131 \u00e7ok s\u0131cak, yak\u0131n davran\u0131yor ve destek oluyorlar. Yabanc\u0131 oyuncular\u0131m\u0131z da geldikten sonra tak\u0131ma en k\u0131sa s\u00fcrede entegre olacak. \u0130n\u015fallah kendini daha da g\u00f6sterir ve hedeflerine istedi\u011fi \u015fekilde ula\u015f\u0131r&#8221; ifadelerini kulland\u0131. \u00a0<\/p>\n","protected":false},"excerpt":{"rendered":"<p>Y\u00fczde 71 i\u015fitme engelline ra\u011fmen hayalinin pe\u015finde ko\u015farak bir \u00e7ok kez say\u0131 krali\u00e7esi olan 20 ya\u015f\u0131ndaki milli basketbolcu \u00c7a\u011fla Nur Uzundurukan, yeni tak\u0131m\u0131 \u0130zmit Belediyespor\u2019a imza atarak Kad\u0131nlar Basketbol S\u00fcper &hellip; <a href=\"https:\/\/akdenizolaygazetesi.com\/?p=7961\" class=\"more-link\">Devam\u0131n\u0131 Oku&#8230;<\/a><\/p>\n","protected":false},"author":1,"featured_media":0,"comment_status":"open","ping_status":"open","sticky":false,"template":"","format":"standard","meta":[],"categories":[],"tags":[],"_links":{"self":[{"href":"https:\/\/akdenizolaygazetesi.com\/index.php?rest_route=\/wp\/v2\/posts\/7961"}],"collection":[{"href":"https:\/\/akdenizolaygazetesi.com\/index.php?rest_route=\/wp\/v2\/posts"}],"about":[{"href":"https:\/\/akdenizolaygazetesi.com\/index.php?rest_route=\/wp\/v2\/types\/post"}],"author":[{"embeddable":true,"href":"https:\/\/akdenizolaygazetesi.com\/index.php?rest_route=\/wp\/v2\/users\/1"}],"replies":[{"embeddable":true,"href":"https:\/\/akdenizolaygazetesi.com\/index.php?rest_route=%2Fwp%2Fv2%2Fcomments&post=7961"}],"version-history":[{"count":0,"href":"https:\/\/akdenizolaygazetesi.com\/index.php?rest_route=\/wp\/v2\/posts\/7961\/revisions"}],"wp:attachment":[{"href":"https:\/\/akdenizolaygazetesi.com\/index.php?rest_route=%2Fwp%2Fv2%2Fmedia&parent=7961"}],"wp:term":[{"taxonomy":"category","embeddable":true,"href":"https:\/\/akdenizolaygazetesi.com\/index.php?rest_route=%2Fwp%2Fv2%2Fcategories&post=7961"},{"taxonomy":"post_tag","embeddable":true,"href":"https:\/\/akdenizolaygazetesi.com\/index.php?rest_route=%2Fwp%2Fv2%2Ftags&post=7961"}],"curies":[{"name":"wp","href":"https:\/\/api.w.org\/{rel}","templated":true}]}}