{"id":7963,"date":"2020-11-04T18:28:24","date_gmt":"2020-11-04T15:28:24","guid":{"rendered":"http:\/\/mersinekonomipolitikagazetesi.com\/?p=7963"},"modified":"2020-11-04T18:28:24","modified_gmt":"2020-11-04T15:28:24","slug":"vatandaslar-kurala-uydu-vali-su-tesekkur-etti","status":"publish","type":"post","link":"https:\/\/akdenizolaygazetesi.com\/?p=7963","title":{"rendered":"Vatanda\u015flar kurala uydu, Vali Su te\u015fekk\u00fcr etti"},"content":{"rendered":"<p>\u0130\u00e7i\u015fleri Bakanl\u0131\u011f\u0131&#8217;n\u0131n 81 ile g\u00f6nderdi\u011fi korana vir\u00fcs genelgesi do\u011frultusunda, Mersin&#8217;de de Vali Ali \u0130hsan Su ile il protokol\u00fcn\u00fcn kat\u0131l\u0131m\u0131yla denetim yap\u0131ld\u0131<\/p>\n<p>\u0130\u00e7i\u015fleri Bakanl\u0131\u011f\u0131&#8217;n\u0131n 81 ile g\u00f6nderdi\u011fi korona vir\u00fcs genelgesi do\u011frultusunda, Mersin&#8217;de de Vali Ali \u0130hsan Su ve il protokol\u00fcn\u00fcn kat\u0131l\u0131m\u0131yla denetim yap\u0131ld\u0131. Pazar yerinde denetime kat\u0131lan Vali Su, vatanda\u015flar\u0131n ve pazarc\u0131lar\u0131n maske ve sosyal mesafe kural\u0131na uymalar\u0131ndan dolay\u0131 te\u015fekk\u00fcr etti.<br \/>\n\u00a0<br \/>\n\u0130\u00e7i\u015fleri Bakanl\u0131\u011f\u0131\u2019n\u0131n d\u00fcn 81 ile g\u00f6nderdi\u011fi korona vir\u00fcs genelgesi ile t\u00fcm \u00fclkede denetimler ba\u015flad\u0131. Bu kapsamda Mersin&#8217;de de Vali Ali \u0130hsan Su, \u0130l Emniyet M\u00fcd\u00fcr\u00fc Mehmet \u015eahne, \u0130l Jandarma Komutan Vekili Albay Erdem Ersoy ile il protokol\u00fc denetime \u00e7\u0131kt\u0131. Denetimler kapsam\u0131nda pazar yerini gezen Vali Su ve beraberindekiler, vatanda\u015flar\u0131 vir\u00fcsten korumak i\u00e7in bilgilendirdi. \u00d6zellikle sosyal mesafe, maske ve hijyen konusunda vatanda\u015flar\u0131 uyaran Su, tedbirlere uyduklar\u0131 i\u00e7in vatanda\u015flara te\u015fekk\u00fcr etti.\u00a0<\/p>\n<p>&#8220;Vatanda\u015flar\u0131m\u0131za kurallara uyduklar\u0131 i\u00e7in te\u015fekk\u00fcr ediyorum&#8221;<br \/>\n\u00a0<br \/>\nDenetimlerin ard\u0131ndan gazetecilere a\u00e7\u0131klamalarda bulunan Vali Su, pandemiyle m\u00fccadele konusunda t\u00fcm \u00fclkede oldu\u011fu gibi Mersin&#8217;de de denetimlerin ger\u00e7ekle\u015ftirildi\u011fini s\u00f6yledi. Denetimlerde vatanda\u015flar\u0131 uyard\u0131klar\u0131n\u0131 s\u00f6yleyen Su, &#8220;3 temel kural\u0131m\u0131z var. Maske, sosyal mesafe ve hijyen. Yani biz pandemide ba\u015far\u0131l\u0131 olmak istiyorsak mutlaka maskemizi takmal\u0131y\u0131z, sosyal mesafemize dikkat etmeyiz ve ellerimizi s\u00fcrekli y\u0131kayaca\u011f\u0131z, temizli\u011fe dikkat edece\u011fiz. Bu 3 konuya dikkat edersek hayat\u0131m\u0131z\u0131 normal bir \u015fekilde devam ettirebilir ve bu pandeminin \u00fcstesinden geliriz. Bug\u00fcn arkada\u015flar\u0131m\u0131zla pazarda bir denetim ger\u00e7ekle\u015ftirdik. Vatanda\u015flar\u0131m\u0131z, pazarc\u0131lar\u0131m\u0131za kurallara uyduklar\u0131 i\u00e7in te\u015fekk\u00fcr ediyorum. Hepsi maske takm\u0131\u015flar, sosyal mesafe kurallar\u0131na uyuyorlar, giri\u015fte ate\u015fler \u00f6l\u00e7\u00fcl\u00fcyor. Yani kurallara uygun bir \u015fekilde vatanda\u015flar\u0131m\u0131z al\u0131\u015fveri\u015flerini yap\u0131yorlar. Zaten kurallara uygun hareket edersek bunun \u00fcstesinden geliriz&#8221; dedi. \u00a0<\/p>\n","protected":false},"excerpt":{"rendered":"<p>\u0130\u00e7i\u015fleri Bakanl\u0131\u011f\u0131&#8217;n\u0131n 81 ile g\u00f6nderdi\u011fi korana vir\u00fcs genelgesi do\u011frultusunda, Mersin&#8217;de de Vali Ali \u0130hsan Su ile il protokol\u00fcn\u00fcn kat\u0131l\u0131m\u0131yla denetim yap\u0131ld\u0131 \u0130\u00e7i\u015fleri Bakanl\u0131\u011f\u0131&#8217;n\u0131n 81 ile g\u00f6nderdi\u011fi korona vir\u00fcs genelgesi do\u011frultusunda, &hellip; <a href=\"https:\/\/akdenizolaygazetesi.com\/?p=7963\" class=\"more-link\">Devam\u0131n\u0131 Oku&#8230;<\/a><\/p>\n","protected":false},"author":1,"featured_media":0,"comment_status":"open","ping_status":"open","sticky":false,"template":"","format":"standard","meta":[],"categories":[],"tags":[],"_links":{"self":[{"href":"https:\/\/akdenizolaygazetesi.com\/index.php?rest_route=\/wp\/v2\/posts\/7963"}],"collection":[{"href":"https:\/\/akdenizolaygazetesi.com\/index.php?rest_route=\/wp\/v2\/posts"}],"about":[{"href":"https:\/\/akdenizolaygazetesi.com\/index.php?rest_route=\/wp\/v2\/types\/post"}],"author":[{"embeddable":true,"href":"https:\/\/akdenizolaygazetesi.com\/index.php?rest_route=\/wp\/v2\/users\/1"}],"replies":[{"embeddable":true,"href":"https:\/\/akdenizolaygazetesi.com\/index.php?rest_route=%2Fwp%2Fv2%2Fcomments&post=7963"}],"version-history":[{"count":0,"href":"https:\/\/akdenizolaygazetesi.com\/index.php?rest_route=\/wp\/v2\/posts\/7963\/revisions"}],"wp:attachment":[{"href":"https:\/\/akdenizolaygazetesi.com\/index.php?rest_route=%2Fwp%2Fv2%2Fmedia&parent=7963"}],"wp:term":[{"taxonomy":"category","embeddable":true,"href":"https:\/\/akdenizolaygazetesi.com\/index.php?rest_route=%2Fwp%2Fv2%2Fcategories&post=7963"},{"taxonomy":"post_tag","embeddable":true,"href":"https:\/\/akdenizolaygazetesi.com\/index.php?rest_route=%2Fwp%2Fv2%2Ftags&post=7963"}],"curies":[{"name":"wp","href":"https:\/\/api.w.org\/{rel}","templated":true}]}}