{"id":7964,"date":"2020-11-04T18:28:24","date_gmt":"2020-11-04T15:28:24","guid":{"rendered":"http:\/\/mersinekonomipolitikagazetesi.com\/?p=7964"},"modified":"2020-11-04T18:28:24","modified_gmt":"2020-11-04T15:28:24","slug":"mersin-icin-kentsel-plan-kentsel-rant","status":"publish","type":"post","link":"https:\/\/akdenizolaygazetesi.com\/?p=7964","title":{"rendered":"MERS\u0130N \u0130\u00c7\u0130N KENTSEL PLAN; KENTSEL RANT..!"},"content":{"rendered":"<p>Mimar Abdullah Y\u0131lmaz d\u00fcnya kentlerindeki \u015fehir planlamalar\u0131na dikkat \u00e7ekerek Mersin\u2019de de k\u00fcresel \u0131s\u0131nma, pandemi ve di\u011fer olaylar \u00e7er\u00e7evesinde projeler esas al\u0131narak plan yap\u0131lmas\u0131 gerekti\u011fine dikkat \u00e7ekti.<\/p>\n<p>Mimar Abdullah Y\u0131lmaz Mersin\u2019de \u015fehir planlamac\u0131lar\u0131n\u0131n insan odakl\u0131 olmayan, ta\u015f\u0131t trafi\u011fi odakl\u0131 \u00f6l\u00fc do\u011fmu\u015f \u015fehir plan\u0131 ile ki\u015fisel rant\u0131n \u00f6n\u00fcn\u00fc a\u00e7t\u0131klar\u0131n\u0131 belirterek, \u201c\u015eehrin planl\u0131 olmas\u0131 kentsel rant getirir, plans\u0131zl\u0131k veya Mersin \u00f6rne\u011finde g\u00f6r\u00fcld\u00fc\u011f\u00fc \u00fczere, 2035 y\u0131l\u0131n\u0131 \u00f6n\u00fcm\u00fczdeki on be\u015f y\u0131l\u0131 hedef g\u00f6rerek, bilin\u00e7sizce, halk\u0131n kat\u0131l\u0131mc\u0131l\u0131\u011f\u0131 olmadan, masa ba\u015f\u0131nda haz\u0131rlanan ki\u015fisel rant temal\u0131 bir plan.<br \/>\n\u0130nsan odakl\u0131 olmayan, ta\u015f\u0131t trafi\u011fi odakl\u0131 Mersin\u2019in gelece\u011fine, do\u011fal ya\u015fam alanlar\u0131na, tabiat varl\u0131klar\u0131na, do\u011faya, Mersin kamuoyunun cebindeki paraya bile ipotek koyan, d\u00fcnya kentlerinin kent planlar\u0131nda \u00e7\u00f6z\u00fcm aranmas\u0131 \u00f6n \u015fart\u0131 k\u00fcresel iklim de\u011fi\u015fikli\u011finin dikkate bile al\u0131nmad\u0131\u011f\u0131, s\u00fcrd\u00fcr\u00fclebilirlik kavram\u0131 ta\u015f\u0131mayan, \u00a0\u00f6l\u00fc do\u011fmu\u015f bir \u015fehir plan\u0131 ise sadece ki\u015fisel rant getirir.\u2019\u2019 diyerek ele\u015ftirilerde bulundu.<br \/>\n\u00a0\u00a0<br \/>\n\u2018\u2019Misyon sahibi yerel y\u00f6neticiler \u015fimdi \u015fehrin yollar\u0131n\u0131n y\u00fczde 10&#8217;unu ye\u015filliklerle de\u011fi\u015ftirmeyi planl\u0131yorlar\u2019\u2019<br \/>\n\u00a0<br \/>\nMersin\u2019de daha az asfalt\u0131n olmas\u0131 gerekti\u011fini ye\u015fil alan\u0131n daha fazla oldu\u011fu bir kent olmas\u0131 gerekti\u011fini belirten Y\u0131lmaz, \u201cGelecek nesiller i\u00e7in iklim de\u011fi\u015fikli\u011fi ile m\u00fccadele ederken, bug\u00fcnden iklim de\u011fi\u015fikli\u011finin sonu\u00e7lar\u0131n\u0131 g\u00f6rebildiklerini \u00a0i\u00e7in iklim de\u011fi\u015fikli\u011fine uyum sa\u011flayacak kent planlar\u0131 yapmal\u0131y\u0131z. Liyakat, vizyon ve misyon sahibi yerel y\u00f6neticiler \u015fimdi \u015fehrin yollar\u0131n\u0131n y\u00fczde 10&#8217;unu ye\u015filliklerle de\u011fi\u015ftirmeyi planl\u0131yorlar. Sel ve a\u015f\u0131r\u0131 s\u0131cak, pandemi dahil olmak \u00fczere b\u00f6lgedeki iklim de\u011fi\u015fikli\u011finin etkilerini azaltmaya y\u00f6nelik yeni bir \u015fehir plan\u0131n\u0131n \u00f6nemli bir temas\u0131.\u2019\u2019 ifadelerini kulland\u0131.<br \/>\n\u00a0\u00a0<br \/>\n\u2018\u2019Liyakat sahibi yerel y\u00f6neticiler kentsel tedbirler ald\u0131lar, al\u0131yorlar.\u2019\u2019<br \/>\n\u00a0<br \/>\nY\u0131lmaz, \u201c\u0130nsan odakl\u0131 sosyal belediyecilik anlay\u0131\u015f\u0131n\u0131 benimsemi\u015f belediye ba\u015fkanlar\u0131, \u2018mevcut revize etti\u011fimiz \u015fehir planlar\u0131\u2019, 2050 y\u0131l\u0131na kadar kenti iklime, pandemi ye dayan\u0131kl\u0131 olma hedefine sahip oluyorlar. Kentin \u015fehri emini, belediye ba\u015fkan\u0131 \u2018Bu tutkuyu \u00f6n\u00fcm\u00fczdeki on y\u0131l i\u00e7in bir stratejiye \u00e7evirdik ve \u015fimdi harekete ge\u00e7memiz gerekti\u011finden, \u00f6n\u00fcm\u00fczdeki \u00fc\u00e7 y\u0131l i\u00e7in k\u00fcresel \u0131s\u0131nmaya, pandemi ye ili\u015fkin bir eylem plan\u0131 yapt\u0131k.\u2019 diyor. Bilin\u00e7li yerel y\u00f6neticiler kenti \u015fimdiden de\u011fi\u015fikliklere haz\u0131rl\u0131yorlar&#8230; Son d\u00f6nemlerde pandemi yeni ya\u015fam \u015fekilleri, k\u00fcresel iklim de\u011fi\u015fikli\u011fi \u00a0yo\u011fun ya\u011f\u0131\u015flara neden oldu, pek \u00e7ok \u015fehrin b\u00fcy\u00fck k\u0131sm\u0131n\u0131 sular alt\u0131nda b\u0131rakt\u0131. Son birka\u00e7 y\u0131ld\u0131r \u015fehirler ciddi kurakl\u0131klar ya\u015fad\u0131. \u00c7a\u011fda\u015f, bilimsel tabanl\u0131 \u015fehir planlar\u0131 pandemi ve olumsuz \u015fartlara adapte edildi; f\u0131rt\u0131nalar s\u0131ras\u0131nda ta\u015fan sel sular\u0131n\u0131 yakalamak i\u00e7in su basabilir bir \u015fehir parklar\u0131 bile tasarland\u0131. Baz\u0131 bina cepheleri \u0131s\u0131n\u0131n etkilerini hafifletmeye yard\u0131mc\u0131 olabilecek ye\u015filliklerle kapland\u0131. Liyakat sahibi yerel y\u00f6neticiler erken davran\u0131p pandemi ve k\u00fcresel \u0131s\u0131nmaya kar\u015f\u0131 h\u0131zl\u0131 \u00a0ad\u0131mlar att\u0131. Haz\u0131rlad\u0131klar\u0131 pandemi, k\u00fcresel \u0131s\u0131nma temal\u0131 kent planlar\u0131yla, daha ciddi kentsel tedbirler ald\u0131lar, al\u0131yorlar.\u2019\u2019 dedi<br \/>\n\u00a0<br \/>\n\u201cEn az 50 y\u0131ll\u0131k hedeflerle kentler i\u00e7in, \u00a0\u2018\u0131s\u0131 dikkat \u00a0haritalar\u0131 haz\u0131rlan\u0131yor\u2019\u2019<br \/>\n\u00a0<br \/>\nLiyakat sahibi yerel y\u00f6neticilerin kentsel alanlardaki, yollar ve otoparklar \u0131s\u0131y\u0131 emerek salf\u0131\u011f\u0131 i\u00e7in kald\u0131r\u0131mlar\u0131n daha s\u0131cak hale getirdi\u011fi esas al\u0131narak az kullan\u0131lan yollar\u0131 belirleyip yeni \u015fehir planlar\u0131nda bu durumlarda k\u00fc\u00e7\u00fcltmeye gitti\u011finin alt\u0131n\u0131 \u00e7izen Y\u0131lmaz, \u201cAsfalt\u0131n yerine f\u0131rt\u0131nalarda hem \u0131s\u0131y\u0131 hem de selleri azaltmaya yard\u0131mc\u0131 olabilecek ekili alanlar koyuyorlar \u015fu anda asfalt\u0131n potansiyel olarak nas\u0131l geri d\u00f6n\u00fc\u015ft\u00fcr\u00fclebilece\u011fini ara\u015ft\u0131r\u0131yorlar. Pandemi s\u00fcrecinde ya\u015fanan deneyimler de g\u00f6z \u00f6n\u00fcne al\u0131narak, \u015fehrin b\u00fcy\u00fcyen bir n\u00fcfusu bar\u0131nd\u0131racak \u015fekilde nas\u0131l b\u00fcy\u00fcyebilece\u011fine ili\u015fkin \u015fehir planlar\u0131nda gerekli revizyonlar dikkatle planl\u0131yor. En az 50 y\u0131ll\u0131k hedeflerle \u00a0kentler i\u00e7in \u2018\u0131s\u0131 dikkat haritalar\u0131\u2019 haz\u0131rlan\u0131yor. R\u00fczgarlar\u0131n tabii klimantasyon kanallar\u0131 olarak kenti \u00a0so\u011futmaya yard\u0131mc\u0131 olabilece\u011fi \u015fekilde, Mersin i\u00e7in \u00fcnl\u00fc \u015fehir planc\u0131 Jansen\u2019in haz\u0131rlad\u0131\u011f\u0131 ilk \u015fehir plan\u0131 gibi, kent planlar\u0131 d\u00fczenleniyor..!\u2019\u2019 diye s\u00f6yledi.<br \/>\n\u00a0<br \/>\n\u2018\u2019Vatanda\u015flar kendi m\u00fclklerine daha fazla ye\u015fil alan eklemeye te\u015fvik ediyor\u2019\u2019<\/p>\n<p>K\u00fcresel \u0131s\u0131nmaya ba\u011fl\u0131 olarak yeniden planlanan kent projelerinin \u00f6nemine dikkat \u00e7eken Y\u0131lmaz, \u201c\u015eehir merkezinde ve di\u011fer \u00f6nemli alanlarda, yerel y\u00f6netimler g\u00f6lgelik ve g\u00f6letlerle serinletici yerler in\u015fa ediyorlar, planl\u0131yorlar, olu\u015fturulan planlara i\u015flenen yaya ve bisiklet rotalar\u0131 boyunca daha fazla a\u011fa\u00e7 dikerek, b\u00f6ylece en s\u0131cak g\u00fcnlerde bile kentte ya\u015fayanlara daha rahat bir ortam planl\u0131yorlar. \u015eehir planlar\u0131, vatanda\u015flar\u0131 kendi m\u00fclklerine daha fazla ye\u015fil alan eklemeye te\u015fvik ediyor. \u2018Yerel y\u00f6netim olarak bunu tek ba\u015f\u0131m\u0131za yapamay\u0131z, halk\u0131n kat\u0131l\u0131mc\u0131l\u0131\u011f\u0131 sa\u011flamal\u0131y\u0131z\u2019 diyor liyakat, misyon ve vizyon sahibi yerel y\u00f6neticiler. \u015eehrin topraklar\u0131n\u0131n \u00e7o\u011fu kamusal alan olmad\u0131\u011f\u0131, \u00f6zel m\u00fclkiyet oldu\u011fu i\u00e7in, kentte ya\u015fayan insanlar\u0131 kat\u0131l\u0131mc\u0131l\u0131\u011fa motive etmek i\u00e7in mahalle giri\u015fimlerini s\u00fcbvanse ediyorlar daha fazla sosyal uyum ve yaln\u0131zl\u0131\u011fa kar\u015f\u0131 koymay\u0131 sa\u011fl\u0131yorlar.\u2019\u2019 diyerek d\u00fcnya kentlerinden \u00f6rnekler verdi.<br \/>\n\u00a0<br \/>\n\u201cGer\u00e7ek sosyal belediyecilik yapan y\u00f6neticiler iklim de\u011fi\u015fikli\u011fine uyum sa\u011flamal\u0131y\u0131z\u2019 diyor.\u2019\u2019<br \/>\n\u00a0<br \/>\n\u0130nsan odakl\u0131 sosyal belediyecilik \u00a0yapan y\u00f6neticilerin de yapt\u0131klar\u0131na dikkat \u00e7eken Y\u0131lmaz, \u201cD\u00fcnya da ger\u00e7ek sosyal belediyecilik yapan y\u00f6neticiler, \u00a0\u00fclkenin geri kalan\u0131yla birlikte \u015fehirlerde, pandemi ve iklim emisyonlar\u0131n\u0131 azaltmak i\u00e7in \u00e7al\u0131\u015fmalar yap\u0131yorlar. \u00d6rne\u011fin ekonomik \u00f6mr\u00fcn\u00fc tamamlam\u0131\u015f sosyal konutlar\u0131, fosil yak\u0131tlar yerine g\u00fcne\u015f enerjisi ve \u0131s\u0131 pompalar\u0131 ile \u00e7al\u0131\u015fan s\u0131f\u0131r enerjili binalara d\u00f6n\u00fc\u015ft\u00fcr\u00fcyorlar. Ancak gelecekteki iklim de\u011fi\u015fikli\u011fini s\u0131n\u0131rlamak gerekli oldu\u011fu bilinci ile, \u015fehrin halihaz\u0131rda meydana gelen etkilerle ba\u015fa \u00e7\u0131kmas\u0131 i\u00e7in \u015fimdi d\u00f6n\u00fc\u015fmesi gerekti\u011finin de fark\u0131ndalar.<br \/>\n\u2018Gelecek nesiller i\u00e7in pandemi, iklim de\u011fi\u015fikli\u011fi ile m\u00fccadele ederken, bug\u00fcn iklim de\u011fi\u015fikli\u011finin sonu\u00e7lar\u0131n\u0131 g\u00f6rd\u00fc\u011f\u00fcm\u00fcz \u00a0iklim de\u011fi\u015fikli\u011fine uyum sa\u011flamal\u0131y\u0131z\u2019 diyorlar.\u201d diye konu\u015ftu.<\/p>\n","protected":false},"excerpt":{"rendered":"<p>Mimar Abdullah Y\u0131lmaz d\u00fcnya kentlerindeki \u015fehir planlamalar\u0131na dikkat \u00e7ekerek Mersin\u2019de de k\u00fcresel \u0131s\u0131nma, pandemi ve di\u011fer olaylar \u00e7er\u00e7evesinde projeler esas al\u0131narak plan yap\u0131lmas\u0131 gerekti\u011fine dikkat \u00e7ekti. Mimar Abdullah Y\u0131lmaz Mersin\u2019de &hellip; <a href=\"https:\/\/akdenizolaygazetesi.com\/?p=7964\" class=\"more-link\">Devam\u0131n\u0131 Oku&#8230;<\/a><\/p>\n","protected":false},"author":1,"featured_media":0,"comment_status":"open","ping_status":"open","sticky":false,"template":"","format":"standard","meta":[],"categories":[],"tags":[],"_links":{"self":[{"href":"https:\/\/akdenizolaygazetesi.com\/index.php?rest_route=\/wp\/v2\/posts\/7964"}],"collection":[{"href":"https:\/\/akdenizolaygazetesi.com\/index.php?rest_route=\/wp\/v2\/posts"}],"about":[{"href":"https:\/\/akdenizolaygazetesi.com\/index.php?rest_route=\/wp\/v2\/types\/post"}],"author":[{"embeddable":true,"href":"https:\/\/akdenizolaygazetesi.com\/index.php?rest_route=\/wp\/v2\/users\/1"}],"replies":[{"embeddable":true,"href":"https:\/\/akdenizolaygazetesi.com\/index.php?rest_route=%2Fwp%2Fv2%2Fcomments&post=7964"}],"version-history":[{"count":0,"href":"https:\/\/akdenizolaygazetesi.com\/index.php?rest_route=\/wp\/v2\/posts\/7964\/revisions"}],"wp:attachment":[{"href":"https:\/\/akdenizolaygazetesi.com\/index.php?rest_route=%2Fwp%2Fv2%2Fmedia&parent=7964"}],"wp:term":[{"taxonomy":"category","embeddable":true,"href":"https:\/\/akdenizolaygazetesi.com\/index.php?rest_route=%2Fwp%2Fv2%2Fcategories&post=7964"},{"taxonomy":"post_tag","embeddable":true,"href":"https:\/\/akdenizolaygazetesi.com\/index.php?rest_route=%2Fwp%2Fv2%2Ftags&post=7964"}],"curies":[{"name":"wp","href":"https:\/\/api.w.org\/{rel}","templated":true}]}}