{"id":7965,"date":"2020-11-04T18:28:26","date_gmt":"2020-11-04T15:28:26","guid":{"rendered":"http:\/\/mersinekonomipolitikagazetesi.com\/?p=7965"},"modified":"2020-11-04T18:28:26","modified_gmt":"2020-11-04T15:28:26","slug":"ankara-mersine-adanaya-gaziantepe-kadar-kesintisiz-bolunmus-yol-ile-baglanacak","status":"publish","type":"post","link":"https:\/\/akdenizolaygazetesi.com\/?p=7965","title":{"rendered":"\u201cAnkara, Mersin\u2019e, Adana&#8217;ya, Gaziantep&#8217;e  kadar kesintisiz b\u00f6l\u00fcnm\u00fc\u015f yol ile ba\u011flanacak\u201d"},"content":{"rendered":"<p>Ula\u015ft\u0131rma ve Altyap\u0131 Bakan\u0131 Adil Karaismailo\u011flu, Edirne\u2019den Mersin ve \u015eanl\u0131urfa&#8217;ya kadar ula\u015f\u0131m a\u011f\u0131n\u0131 sa\u011flayacak Ankara-Ni\u011fde Otoyolu\u2019nda devam eden \u00e7al\u0131\u015fmalar\u0131 helikopterle havadan inceledi. Bakan Karaismailo\u011flu, \u201cBu otoyol ile Ankara Mersin\u2019e, Adana&#8217;ya, Gaziantep&#8217;e ve hatta \u015eanl\u0131urfa&#8217;ya kadar kesintisiz b\u00f6l\u00fcnm\u00fc\u015f yol ile ba\u011flanm\u0131\u015f olacak. Tamam\u0131 bitti\u011finde ise Edirne\u2019den yola \u00e7\u0131kan vatanda\u015f\u0131m\u0131z \u0130stanbul \u00fczerinden kesintisiz bir \u015fekilde Mersin ve \u015eanl\u0131urfa\u2019ya gidecek\u201d dedi.\u00a0<br \/>\nBakan Karaismailo\u011flu, Ankara-Ni\u011fde Otoyolu \u015fantiyesinde ve otoyol hatt\u0131nda helikopterle havadan incelemelerde bulundu. Bakan Yard\u0131mc\u0131s\u0131 Enver \u0130skurt ile Karayollar\u0131 Genel M\u00fcd\u00fcr\u00fc Abdulkadir Uralo\u011flu&#8217;nun da e\u015flik etti\u011fi Karaismailo\u011flu, h\u00fck\u00fcmet olarak ula\u015ft\u0131rma altyap\u0131s\u0131na b\u00fcy\u00fck \u00f6nem verdiklerini belirterek, bu kapsamda y\u00fcksek h\u0131zl\u0131 demiryollar\u0131ndan havalimanlar\u0131na kadar t\u00fcm ula\u015f\u0131m altyap\u0131s\u0131n\u0131n 18 y\u0131lda b\u00fcy\u00fck de\u011fi\u015fim g\u00f6sterdi\u011fine dikkat \u00e7ekti. Bakan Karaismailo\u011flu, Ankara-Ni\u011fde Otoyolu\u2019nun 105 kilometrelik Ankara-Ac\u0131kuyu Kav\u015fa\u011f\u0131 aras\u0131 1. kesimi ile 57 kilometrelik Alayhan Kav\u015fa\u011f\u0131-G\u00f6lc\u00fck Kav\u015fa\u011f\u0131 aras\u0131ndaki 3. kesimini A\u011fustos\u2019un sonunda hizmete a\u00e7acaklar\u0131n\u0131 belirterek, \u201cBiz de bug\u00fcn a\u00e7\u0131l\u0131\u015fa haz\u0131r hale gelen otoyolumuzun havadan son incelemesini yapm\u0131\u015f olduk\u201d dedi.\u00a0<br \/>\nAnkara-Ni\u011fde Otoyolu\u2019nun 1,2 milyar euro yat\u0131r\u0131m tutar\u0131 ile yap\u0131ld\u0131\u011f\u0131n\u0131 ifade eden Karaismailo\u011flu, \u201c275 kilometresi otoyol, 55 kilometresi ba\u011flant\u0131 yolu olmak \u00fczere 330 kilometre uzunlu\u011fundaki bu otoyol ile Ankara Mersin\u2019e, Adana&#8217;ya, Gaziantep&#8217;e ve hatta \u015eanl\u0131urfa&#8217;ya kadar kesintisiz b\u00f6l\u00fcnm\u00fc\u015f yol ile ba\u011flanm\u0131\u015f olacak. Proje ile 12 adet kav\u015fak, yakla\u015f\u0131k 3,5 kilometre uzunlu\u011funda 5 adet viyad\u00fck, 49 adet k\u00f6pr\u00fc ve 75 adet \u00fcst ge\u00e7idi tamamlam\u0131\u015f olaca\u011f\u0131z\u201d ifadelerini kulland\u0131.\u00a0<br \/>\nKaraismailo\u011flu, projeyi havadan helikopterle incelemesinin ard\u0131ndan ana \u015fantiyeyi ve kontrol merkezini de ziyaret etti. Yat\u0131r\u0131mda gelinen son durumu yerinde inceleyen Bakan Karaismailo\u011flu, \u201cBiz de bug\u00fcn a\u00e7\u0131l\u0131\u015fa haz\u0131r hale gelen otoyolumuzun havadan son incelemesini yapm\u0131\u015f olduk. Projemizde gelinen son durumu da yerinde ilgili bakan yard\u0131mc\u0131m\u0131z ve karayollar\u0131 yetkililerimiz ile inceledik. Hem ana \u015fantiyemizi hem de kontrol merkezimizi ziyaret ettik. A\u011fustos ay\u0131 sonunda iki kesimde a\u00e7\u0131l\u0131\u015f\u0131 yapmak \u00fczere t\u00fcm haz\u0131rl\u0131klar\u0131m\u0131z tamam\u201d diye konu\u015ftu.\u00a0<\/p>\n<p>S\u00f6z konusu otoyolun a\u00e7\u0131lmas\u0131 ile Edirne ile \u015eanl\u0131urfa aras\u0131nda kesintisiz karayolu ba\u011flant\u0131s\u0131n\u0131n sa\u011flanm\u0131\u015f olaca\u011f\u0131n\u0131 vurgulayan Bakan Karaismailo\u011flu, \u201cBu otoyol ile T\u00fcrkiye\u2019nin do\u011fusunu bat\u0131s\u0131na ba\u011flam\u0131\u015f olaca\u011f\u0131z. Edirne ve \u0130stanbul, Ankara ve hatta K\u0131r\u015fehir \u015eanl\u0131urfa\u2019yla kesintisiz otoyol ile ba\u011flanm\u0131\u015f olacak. Ayr\u0131ca Tuz G\u00f6l\u00fc ve Kapadokya gibi \u00f6nemli turizm merkezlerine de ula\u015f\u0131m\u0131 konforlu hale getirece\u011fiz\u201d dedi.\u00a0<\/p>\n<p>Bakan Karaismailo\u011flu, Ankara-Ni\u011fde Otoyolu\u2019nun hizmete girmesi ile Marmara, Karadeniz, \u0130\u00e7 Anadolu, Akdeniz ve G\u00fcneydo\u011fu Anadolu b\u00f6lgelerini birbirine ba\u011flayan uluslararas\u0131 \u00f6neme sahip bir ula\u015f\u0131m a\u011f\u0131n\u0131 da hizmete sunmu\u015f olacaklar\u0131n\u0131 s\u00f6yledi. Otoyolun T\u00fcrkiye\u2019nin hem do\u011fu-bat\u0131 koridoru, hem de kuzey-g\u00fcney koridoru i\u00e7in \u00f6nemli oldu\u011funa i\u015faret eden Karaismailo\u011flu, \u201cBu vesileyle bu projenin bu noktaya gelmesinde eme\u011fi ge\u00e7en herkese te\u015fekk\u00fcr ediyorum\u201d ifadelerini kulland\u0131. \u00a0<\/p>\n","protected":false},"excerpt":{"rendered":"<p>Ula\u015ft\u0131rma ve Altyap\u0131 Bakan\u0131 Adil Karaismailo\u011flu, Edirne\u2019den Mersin ve \u015eanl\u0131urfa&#8217;ya kadar ula\u015f\u0131m a\u011f\u0131n\u0131 sa\u011flayacak Ankara-Ni\u011fde Otoyolu\u2019nda devam eden \u00e7al\u0131\u015fmalar\u0131 helikopterle havadan inceledi. Bakan Karaismailo\u011flu, \u201cBu otoyol ile Ankara Mersin\u2019e, Adana&#8217;ya, &hellip; <a href=\"https:\/\/akdenizolaygazetesi.com\/?p=7965\" class=\"more-link\">Devam\u0131n\u0131 Oku&#8230;<\/a><\/p>\n","protected":false},"author":1,"featured_media":0,"comment_status":"open","ping_status":"open","sticky":false,"template":"","format":"standard","meta":[],"categories":[],"tags":[],"_links":{"self":[{"href":"https:\/\/akdenizolaygazetesi.com\/index.php?rest_route=\/wp\/v2\/posts\/7965"}],"collection":[{"href":"https:\/\/akdenizolaygazetesi.com\/index.php?rest_route=\/wp\/v2\/posts"}],"about":[{"href":"https:\/\/akdenizolaygazetesi.com\/index.php?rest_route=\/wp\/v2\/types\/post"}],"author":[{"embeddable":true,"href":"https:\/\/akdenizolaygazetesi.com\/index.php?rest_route=\/wp\/v2\/users\/1"}],"replies":[{"embeddable":true,"href":"https:\/\/akdenizolaygazetesi.com\/index.php?rest_route=%2Fwp%2Fv2%2Fcomments&post=7965"}],"version-history":[{"count":0,"href":"https:\/\/akdenizolaygazetesi.com\/index.php?rest_route=\/wp\/v2\/posts\/7965\/revisions"}],"wp:attachment":[{"href":"https:\/\/akdenizolaygazetesi.com\/index.php?rest_route=%2Fwp%2Fv2%2Fmedia&parent=7965"}],"wp:term":[{"taxonomy":"category","embeddable":true,"href":"https:\/\/akdenizolaygazetesi.com\/index.php?rest_route=%2Fwp%2Fv2%2Fcategories&post=7965"},{"taxonomy":"post_tag","embeddable":true,"href":"https:\/\/akdenizolaygazetesi.com\/index.php?rest_route=%2Fwp%2Fv2%2Ftags&post=7965"}],"curies":[{"name":"wp","href":"https:\/\/api.w.org\/{rel}","templated":true}]}}