{"id":7968,"date":"2020-11-04T18:28:26","date_gmt":"2020-11-04T15:28:26","guid":{"rendered":"http:\/\/mersinekonomipolitikagazetesi.com\/?p=7968"},"modified":"2020-11-04T18:28:26","modified_gmt":"2020-11-04T15:28:26","slug":"alacakli-oldugumuz-kisiler-bir-gecede-mallarini-baskasina-devrediyor-ve-tahsilat-yapamiyoruz","status":"publish","type":"post","link":"https:\/\/akdenizolaygazetesi.com\/?p=7968","title":{"rendered":"\u201cAlacakl\u0131 oldu\u011fumuz ki\u015filer bir gecede mallar\u0131n\u0131 ba\u015fkas\u0131na devrediyor ve tahsilat yapam\u0131yoruz\u201d"},"content":{"rendered":"<p>Mersin Ticaret ve Sanayi Odas\u0131 (MTSO) Meslek Komite Ba\u015fkanlar\u0131, d\u00fczenlenen online isti\u015fare toplant\u0131s\u0131nda bir araya gelerek pandemi s\u00fcrecinin sekt\u00f6rlere yans\u0131malar\u0131n\u0131 de\u011ferlendirdi.\u00a0<br \/>\nMTSO Meslek Komite Ba\u015fkanlar\u0131 \u0130sti\u015fare Toplant\u0131s\u0131, Y\u00f6netim Kurulu Ba\u015fkan\u0131 Ayhan K\u0131z\u0131ltan moderat\u00f6rl\u00fc\u011f\u00fcnde ger\u00e7ekle\u015ftirildi. Ba\u015fkan Yard\u0131mc\u0131s\u0131 Hakan Sefa \u00c7ak\u0131r ile y\u00f6netim kurulu \u00fcyesi Halil K\u00fcrek\u2019in de kat\u0131ld\u0131\u011f\u0131 toplant\u0131da, komite ba\u015fkanlar\u0131 kendi sekt\u00f6rlerinin s\u00fcre\u00e7ten nas\u0131l etkilendi\u011fini de\u011ferlendirip, \u00f6n\u00fcm\u00fczdeki s\u00fcre\u00e7te hangi \u00f6nlemler al\u0131nmas\u0131 gerekti\u011fi konusundaki fikirlerini payla\u015ft\u0131.\u00a0<br \/>\n6 No\u2019lu Toptan G\u0131da ve Muhtelif Ticaret Komite Ba\u015fkan\u0131 Sad\u0131k Erhan Attila, g\u0131da sekt\u00f6r\u00fcn\u00fcn, b\u00f6lgenin en hareketli sekt\u00f6rlerinden biri oldu\u011funa i\u015faret ederek, &#8220;\u015eu d\u00f6nemde en b\u00fcy\u00fck handikap\u0131m\u0131z otopark sorunu. Da\u011f\u0131t\u0131m ara\u00e7lar\u0131m\u0131z bu sorun nedeniyle zaman\u0131nda teslimatta s\u0131k\u0131nt\u0131 ya\u015f\u0131yor. Ticari a\u00e7\u0131dan bak\u0131nca faaliyetlerimiz artt\u0131 ama g\u0131da fiyatlar\u0131ndaki art\u0131\u015f s\u0131k\u0131nt\u0131 olu\u015fturuyor. Bu art\u0131\u015fta en b\u00fcy\u00fck sebep, ambalaj gibi yan \u00fcr\u00fcnlerde b\u00fcy\u00fck \u00f6l\u00e7\u00fcde d\u0131\u015fa ba\u011f\u0131ml\u0131 olunmas\u0131. D\u00f6viz artt\u0131k\u00e7a fiyatlara yans\u0131yor. Bu s\u00fcre\u00e7te y\u00fcksek vergiler de zorluyor. Komite olarak discount marketlerle m\u00fccadelemizi s\u00fcrd\u00fcrd\u00fc\u011f\u00fcm\u00fcz\u00fc s\u00f6yleyebilirim. Alacakl\u0131 oldu\u011fumuz ki\u015filer bir gecede fatura keserek mallar\u0131n\u0131 ba\u015fkas\u0131na devrediyor ve sabah borcumuzu almaya gitti\u011fimizde kar\u015f\u0131m\u0131zda ba\u015fkalar\u0131n\u0131 buluyor ve tahsilat yapam\u0131yoruz. Bu ciddi bir sorun ve \u00f6n\u00fcne ge\u00e7ilecek d\u00fczenleme \u015fart. Bununla ilgili yasal d\u00fczenleme yap\u0131lmas\u0131 gerekti\u011fini d\u00fc\u015f\u00fcn\u00fcyoruz&#8221; dedi.<br \/>\n\u00a0<br \/>\n\u201cFabrikalarda \u00fcr\u00fcn kalmad\u0131\u201d<br \/>\n\u00a0<br \/>\n8 No\u2019lu Dayan\u0131kl\u0131 T\u00fcketim Mallar\u0131 Komite Ba\u015fkan\u0131 \u0130smail Kurt, olduk\u00e7a yo\u011fun g\u00fcnler ge\u00e7irdiklerini belirterek, &#8220;Soka\u011fa \u00e7\u0131kma yasa\u011f\u0131 oldu\u011fu d\u00f6nemde dahi olduk\u00e7a yo\u011fun \u00e7al\u0131\u015ft\u0131k. Beyaz e\u015fya ve \u00f6zellikle klimaya bu d\u00f6nemde ciddi talep oldu. En son fabrikalarda \u00fcr\u00fcn kalmay\u0131nca mesaiye kalmadan zaman\u0131nda evimize gidebilmeye ba\u015flad\u0131k. \u00c7ok yo\u011fun \u00e7al\u0131\u015ft\u0131k. 22 y\u0131ld\u0131r bu sekt\u00f6rdeyim b\u00f6yle bir y\u0131l ya\u015famad\u0131m. Talep \u00e7ok ama mal yok&#8221; diye konu\u015ftu.<\/p>\n<p>&#8220;Talep artt\u0131 arz kar\u015f\u0131lanamay\u0131nca<br \/>\nfiyatlar y\u00fckseldi\u201d\u00a0<br \/>\n\u00a0<br \/>\n13 No\u2019lu Ula\u015f\u0131m Ara\u00e7lar\u0131 \u0130malat Sat\u0131\u015f ve Onar\u0131m\u0131 Komite Ba\u015fkan Yard\u0131mc\u0131s\u0131 Ziya \u00c7okg\u00fcnl\u00fc de otomotiv fabrikalar\u0131n\u0131n pandemi s\u00fcrecinde kapan\u0131p normalle\u015fme s\u00fcrecinde tekrar a\u00e7\u0131l\u0131nca, birikmi\u015f talebe yeti\u015fmekte zorland\u0131klar\u0131n\u0131 dile getirerek, &#8220;Talep artt\u0131, arz kar\u015f\u0131lanamay\u0131nca fiyatlar ikinci el de dahil olmak \u00fczere y\u00fckseldi. Servis b\u00f6l\u00fcm\u00fcndeki \u00fcyelerimiz de dahil olmak \u00fczere pandemi s\u00fcrecinde ne yapaca\u011f\u0131z diye d\u00fc\u015f\u00fcn\u00fcrken, pandemi sonras\u0131 ilave eleman m\u0131 alsak demeye ba\u015flad\u0131k. Sekt\u00f6r ad\u0131na olumlu geli\u015fmeler oldu. Bunda kamu bankalar\u0131 arac\u0131l\u0131\u011f\u0131yla sunulan d\u00fc\u015f\u00fck faizli krediler de etkili oldu. \u015eehirleraras\u0131 izinlerin a\u00e7\u0131lmas\u0131yla ara\u00e7 kiralama firmalar\u0131m\u0131z da hareketlendi. Bu arada ikinci el ara\u00e7 sat\u0131\u015f\u0131yla ilgili mesleki yeterlilik belgesi zorunlulu\u011fu geldi. Art\u0131k belgesi olmayan sat\u0131\u015f yapamayacak&#8221; ifadelerini kulland\u0131.<\/p>\n<p>\u201cBaz\u0131 yay\u0131n organlar\u0131m\u0131z yay\u0131n\u00a0<br \/>\nhayat\u0131na ara verdi\u201d<\/p>\n<p>29 No\u2019lu K\u0131rtasiye, Matbaa, Reklam Ajanslar\u0131 ve Bas\u0131n Yay\u0131n Hizmetleri Komite Ba\u015fkan\u0131 Turgay Demirta\u015f, bas\u0131n ve medya kurulu\u015flar\u0131n\u0131n s\u0131k\u0131nt\u0131 ya\u015fad\u0131\u011f\u0131n\u0131 kaydederek, &#8220;Pandemi s\u00fcrecinde baz\u0131 yay\u0131n organlar\u0131m\u0131z yay\u0131n hayat\u0131na ara vermek zorunda kald\u0131. \u00d6zellikle d\u00f6vizdeki a\u015f\u0131r\u0131 y\u00fckseli\u015f, bir\u00e7ok sekt\u00f6rde oldu\u011fu gibi bizleri de olumsuz etkiledi. Maliyetlerimizi kar\u015f\u0131layamaz duruma geldik&#8221; dedi.\u00a0<br \/>\n\u00a0<\/p>\n","protected":false},"excerpt":{"rendered":"<p>Mersin Ticaret ve Sanayi Odas\u0131 (MTSO) Meslek Komite Ba\u015fkanlar\u0131, d\u00fczenlenen online isti\u015fare toplant\u0131s\u0131nda bir araya gelerek pandemi s\u00fcrecinin sekt\u00f6rlere yans\u0131malar\u0131n\u0131 de\u011ferlendirdi.\u00a0 MTSO Meslek Komite Ba\u015fkanlar\u0131 \u0130sti\u015fare Toplant\u0131s\u0131, Y\u00f6netim Kurulu Ba\u015fkan\u0131 &hellip; <a href=\"https:\/\/akdenizolaygazetesi.com\/?p=7968\" class=\"more-link\">Devam\u0131n\u0131 Oku&#8230;<\/a><\/p>\n","protected":false},"author":1,"featured_media":0,"comment_status":"open","ping_status":"open","sticky":false,"template":"","format":"standard","meta":[],"categories":[],"tags":[],"_links":{"self":[{"href":"https:\/\/akdenizolaygazetesi.com\/index.php?rest_route=\/wp\/v2\/posts\/7968"}],"collection":[{"href":"https:\/\/akdenizolaygazetesi.com\/index.php?rest_route=\/wp\/v2\/posts"}],"about":[{"href":"https:\/\/akdenizolaygazetesi.com\/index.php?rest_route=\/wp\/v2\/types\/post"}],"author":[{"embeddable":true,"href":"https:\/\/akdenizolaygazetesi.com\/index.php?rest_route=\/wp\/v2\/users\/1"}],"replies":[{"embeddable":true,"href":"https:\/\/akdenizolaygazetesi.com\/index.php?rest_route=%2Fwp%2Fv2%2Fcomments&post=7968"}],"version-history":[{"count":0,"href":"https:\/\/akdenizolaygazetesi.com\/index.php?rest_route=\/wp\/v2\/posts\/7968\/revisions"}],"wp:attachment":[{"href":"https:\/\/akdenizolaygazetesi.com\/index.php?rest_route=%2Fwp%2Fv2%2Fmedia&parent=7968"}],"wp:term":[{"taxonomy":"category","embeddable":true,"href":"https:\/\/akdenizolaygazetesi.com\/index.php?rest_route=%2Fwp%2Fv2%2Fcategories&post=7968"},{"taxonomy":"post_tag","embeddable":true,"href":"https:\/\/akdenizolaygazetesi.com\/index.php?rest_route=%2Fwp%2Fv2%2Ftags&post=7968"}],"curies":[{"name":"wp","href":"https:\/\/api.w.org\/{rel}","templated":true}]}}